{"id":41504,"date":"2012-12-10T18:12:03","date_gmt":"2012-12-10T17:12:03","guid":{"rendered":"http:\/\/www.iphone-ticker.de\/?p=41504"},"modified":"2012-12-10T18:55:36","modified_gmt":"2012-12-10T17:55:36","slug":"iphone-5s-die-erste-prognose-erreicht-den-los-topf","status":"publish","type":"post","link":"https:\/\/www.iphone-ticker.de\/iphone-5s-die-erste-prognose-erreicht-den-los-topf-41504\/","title":{"rendered":"iPhone 5S: Die erste Prognose erreicht den Los-Topf"},"content":{"rendered":"<p>Peter Misek, Analyst bei der weltweit agierenden Investmentbank &#8222;<a href=\"http:\/\/www.jefferies.com\/\">Jefferies<\/a>&#8222;, verdient sich ein Sternchen f\u00fcr die erste \u00f6ffentliche Prognose zum iPhone 5S, die der Businessinsider <a href=\"http:\/\/www.businessinsider.com\/the-iphone-5s-is-coming-next-june-in-6-8-colors-says-jefferies-2012-12\">hier zusammenfasst<\/a>. Die Eckdaten: Das Ger\u00e4t kommt in Juni (ihr erinnert euch an die <a href=\"http:\/\/www.iphone-ticker.de\/apples-halbjahresrhythmus-41493\/\">schnelleren Produktzyklen<\/a>), hat eine neue HD-Kamera, einen st\u00e4rkeren Akku und einen Chip f\u00fcr den Nahbereichsfunk &#8222;NFC&#8220; an Bord. Die dann integrierten 128GB Speicher sollen mit sechs verschiedenfarbigen Au\u00dfenh\u00fcllen erh\u00e4ltlich sein und sich am Lineup des ebenfalls bunt verkauften <a href=\"http:\/\/www.apple.com\/ipod-touch\/\">iPod touch<\/a> orientieren.<br \/>\n<!--more--><br \/>\n<img loading=\"lazy\" decoding=\"async\" src=\"http:\/\/www.iphone-ticker.de\/wp-content\/uploads\/2012\/12\/iphone5s.jpg\" alt=\"\" title=\"iphone5s\" width=\"464\" height=\"282\" class=\"aligncenter size-full wp-image-41505\" srcset=\"https:\/\/images.iphone-ticker.de\/wp-content\/uploads\/2012\/12\/iphone5s.jpg 464w, https:\/\/images.iphone-ticker.de\/wp-content\/uploads\/2012\/12\/iphone5s-300x182.jpg 300w\" sizes=\"auto, (max-width: 464px) 100vw, 464px\" \/><\/p>\n<p>Die Voraussage ist notiert. Misek bekommt seine Note zur Produktvorstellung. <\/p>\n","protected":false},"excerpt":{"rendered":"<a href=\"https:\/\/www.iphone-ticker.de\/iphone-5s-die-erste-prognose-erreicht-den-los-topf-41504\/\"><img width=\"150\" height=\"91\" src=\"https:\/\/images.iphone-ticker.de\/wp-content\/uploads\/2012\/12\/iphone5s.jpg\" class=\"alignright tfe wp-post-image\" alt=\"\" decoding=\"async\" loading=\"lazy\" srcset=\"https:\/\/images.iphone-ticker.de\/wp-content\/uploads\/2012\/12\/iphone5s.jpg 464w, https:\/\/images.iphone-ticker.de\/wp-content\/uploads\/2012\/12\/iphone5s-300x182.jpg 300w\" sizes=\"auto, (max-width: 150px) 100vw, 150px\" \/><\/a><p>Peter Misek, Analyst bei der weltweit agierenden Investmentbank &#8222;Jefferies&#8222;, verdient sich ein Sternchen f\u00fcr die erste \u00f6ffentliche Prognose zum iPhone 5S, die der Businessinsider hier zusammenfasst. Die Eckdaten: Das Ger\u00e4t kommt in Juni (ihr erinnert euch an die schnelleren Produktzyklen), hat eine neue HD-Kamera, einen st\u00e4rkeren Akku und einen Chip f\u00fcr den Nahbereichsfunk &#8222;NFC&#8220; an [&hellip;]<\/p>\n","protected":false},"author":1,"featured_media":41505,"comment_status":"open","ping_status":"closed","sticky":false,"template":"","format":"standard","meta":{"footnotes":""},"categories":[749],"tags":[1787,3910],"class_list":["post-41504","post","type-post","status-publish","format-standard","has-post-thumbnail","hentry","category-iphone-2","tag-iphone-5s","tag-rumors"],"aioseo_notices":[],"rest_api_enabler":[],"_links":{"self":[{"href":"https:\/\/www.iphone-ticker.de\/apiv2\/wp\/v2\/posts\/41504","targetHints":{"allow":["GET"]}}],"collection":[{"href":"https:\/\/www.iphone-ticker.de\/apiv2\/wp\/v2\/posts"}],"about":[{"href":"https:\/\/www.iphone-ticker.de\/apiv2\/wp\/v2\/types\/post"}],"author":[{"embeddable":true,"href":"https:\/\/www.iphone-ticker.de\/apiv2\/wp\/v2\/users\/1"}],"replies":[{"embeddable":true,"href":"https:\/\/www.iphone-ticker.de\/apiv2\/wp\/v2\/comments?post=41504"}],"version-history":[{"count":3,"href":"https:\/\/www.iphone-ticker.de\/apiv2\/wp\/v2\/posts\/41504\/revisions"}],"predecessor-version":[{"id":41508,"href":"https:\/\/www.iphone-ticker.de\/apiv2\/wp\/v2\/posts\/41504\/revisions\/41508"}],"wp:featuredmedia":[{"embeddable":true,"href":"https:\/\/www.iphone-ticker.de\/apiv2\/wp\/v2\/media\/41505"}],"wp:attachment":[{"href":"https:\/\/www.iphone-ticker.de\/apiv2\/wp\/v2\/media?parent=41504"}],"wp:term":[{"taxonomy":"category","embeddable":true,"href":"https:\/\/www.iphone-ticker.de\/apiv2\/wp\/v2\/categories?post=41504"},{"taxonomy":"post_tag","embeddable":true,"href":"https:\/\/www.iphone-ticker.de\/apiv2\/wp\/v2\/tags?post=41504"}],"curies":[{"name":"wp","href":"https:\/\/api.w.org\/{rel}","templated":true}]}}