{"id":40841,"date":"2012-11-21T17:36:59","date_gmt":"2012-11-21T16:36:59","guid":{"rendered":"http:\/\/www.iphone-ticker.de\/?p=40841"},"modified":"2012-11-21T17:57:50","modified_gmt":"2012-11-21T16:57:50","slug":"facebook-photosync-jetzt-auch-in-der-ios-testphase","status":"publish","type":"post","link":"https:\/\/www.iphone-ticker.de\/facebook-photosync-jetzt-auch-in-der-ios-testphase-40841\/","title":{"rendered":"Facebook-Photosync jetzt auch in der iOS-Testphase"},"content":{"rendered":"<p><img loading=\"lazy\" decoding=\"async\" src=\"http:\/\/www.iphone-ticker.de\/wp-content\/uploads\/2012\/11\/fb-foto.jpg\" alt=\"\" title=\"fb-foto\" width=\"220\" height=\"166\" class=\"alignright size-full wp-image-40842\" \/>Die Fotosynchronisierung von Facebook auf Android-Ger\u00e4ten l\u00e4uft nun seit ca. zwei Monaten in Form einer Testphase f\u00fcr einen kleinen Kreis an Nutzern. Nun wurde der Testlauf auch auf iOS-Ger\u00e4te ausgeweitet. Mit dieser neuen Funktion der Facebook-App soll es dem Nutzer m\u00f6glich gemacht werden die selbstgeschossenen Bildern direkt von iPhone, iPod oder iPad via Hintergrundprozess auf Facebook zu laden. <\/p>\n<p>Die hochgeladenen Schnappsch\u00fcsse werden dann nicht sofort ver\u00f6ffentlicht sondern werden in einem privaten Ordner gespeichert. Der Inhaber des Facebookaccounts kann dann selbst entscheiden welche Bilder f\u00fcr welchen Nutzerkreis sichtbar werden. <\/p>\n<p><!--more--><\/p>\n<p>Damit nicht gleich das komplette Volumen des Datentarifs aufgebraucht wird gibt es verschiedenen Einstellungen f\u00fcr diese Funktion. Standardm\u00e4\u00dfig sollen, w\u00e4hrend man mobiles Internet nutzt, nur kleine Versionen der Bilder auf Facebook geladen werden. Hier ist die Rede von maximal 100KB pro Bild. Ist man dann mit einem WLAN-Netzwerk verbunden werden die Bilder in normaler Gr\u00f6\u00dfe in den privaten Facebook-Ordner geladen. In den Einstellungen soll der Nutzer dann einstellen k\u00f6nnen, wie er den Upload handhaben will. Entscheiden muss man sich dann zwischen der Nutzung mit mobilen Internet und WLAN, ausschlie\u00dflich WLAN oder ob man den Dienst \u00fcberhaupt nicht nutzen m\u00f6chte. <\/p>\n<p>Wann genau diese Neuerung in Form eines Updates zur Facebook-App hinzukommt ist bisher noch nicht bekannt. Es l\u00e4sst sich allerdings vermuten, dass dies nicht mehr allzu lange dauern d\u00fcrfte. Mittlerweile kann man auf der <a href=\"https:\/\/www.facebook.com\/help\/photosync\">Hilfe-Seite von Facebook<\/a> schon genauere Informationen zu diesem Dienst bekommen. <\/p>\n","protected":false},"excerpt":{"rendered":"<a href=\"https:\/\/www.iphone-ticker.de\/facebook-photosync-jetzt-auch-in-der-ios-testphase-40841\/\"><img width=\"150\" height=\"113\" src=\"https:\/\/images.iphone-ticker.de\/wp-content\/uploads\/2012\/11\/fb-foto.jpg\" class=\"alignright tfe wp-post-image\" alt=\"\" decoding=\"async\" loading=\"lazy\" \/><\/a><p>Die Fotosynchronisierung von Facebook auf Android-Ger\u00e4ten l\u00e4uft nun seit ca. zwei Monaten in Form einer Testphase f\u00fcr einen kleinen Kreis an Nutzern. Nun wurde der Testlauf auch auf iOS-Ger\u00e4te ausgeweitet. Mit dieser neuen Funktion der Facebook-App soll es dem Nutzer m\u00f6glich gemacht werden die selbstgeschossenen Bildern direkt von iPhone, iPod oder iPad via Hintergrundprozess auf [&hellip;]<\/p>\n","protected":false},"author":19,"featured_media":40842,"comment_status":"open","ping_status":"closed","sticky":false,"template":"","format":"standard","meta":{"footnotes":""},"categories":[1],"tags":[455,703,344,139,610],"class_list":["post-40841","post","type-post","status-publish","format-standard","has-post-thumbnail","hentry","category-news","tag-facebook","tag-fotos","tag-iphone","tag-kamera","tag-sync"],"aioseo_notices":[],"rest_api_enabler":[],"_links":{"self":[{"href":"https:\/\/www.iphone-ticker.de\/apiv2\/wp\/v2\/posts\/40841","targetHints":{"allow":["GET"]}}],"collection":[{"href":"https:\/\/www.iphone-ticker.de\/apiv2\/wp\/v2\/posts"}],"about":[{"href":"https:\/\/www.iphone-ticker.de\/apiv2\/wp\/v2\/types\/post"}],"author":[{"embeddable":true,"href":"https:\/\/www.iphone-ticker.de\/apiv2\/wp\/v2\/users\/19"}],"replies":[{"embeddable":true,"href":"https:\/\/www.iphone-ticker.de\/apiv2\/wp\/v2\/comments?post=40841"}],"version-history":[{"count":4,"href":"https:\/\/www.iphone-ticker.de\/apiv2\/wp\/v2\/posts\/40841\/revisions"}],"predecessor-version":[{"id":40846,"href":"https:\/\/www.iphone-ticker.de\/apiv2\/wp\/v2\/posts\/40841\/revisions\/40846"}],"wp:featuredmedia":[{"embeddable":true,"href":"https:\/\/www.iphone-ticker.de\/apiv2\/wp\/v2\/media\/40842"}],"wp:attachment":[{"href":"https:\/\/www.iphone-ticker.de\/apiv2\/wp\/v2\/media?parent=40841"}],"wp:term":[{"taxonomy":"category","embeddable":true,"href":"https:\/\/www.iphone-ticker.de\/apiv2\/wp\/v2\/categories?post=40841"},{"taxonomy":"post_tag","embeddable":true,"href":"https:\/\/www.iphone-ticker.de\/apiv2\/wp\/v2\/tags?post=40841"}],"curies":[{"name":"wp","href":"https:\/\/api.w.org\/{rel}","templated":true}]}}