{"id":40,"date":"2007-04-29T17:36:01","date_gmt":"2007-04-29T15:36:01","guid":{"rendered":"http:\/\/www.iphone-ticker.de\/?p=40"},"modified":"2007-06-17T09:34:35","modified_gmt":"2007-06-17T07:34:35","slug":"iphone-euro-premiere-in-paris","status":"publish","type":"post","link":"https:\/\/www.iphone-ticker.de\/iphone-euro-premiere-in-paris-40\/","title":{"rendered":"Europa-Premiere des iPhone in Paris?"},"content":{"rendered":"<p><img src='http:\/\/www.iphone-ticker.de\/wp-content\/uploads\/2007\/06\/appleexpoparisneu.gif' alt='Apple Expo Paris' align=\"right\" \/>Die Apple-Messen im deutschen Sprachraum geben sich in diesem Jahr einheitlich unbestimmt. Bereits vor drei Wochen wurde die Macworld Expo Schweiz <a href=\"http:\/\/www.macprime.ch\/ticker\/article\/macworld-expo-schweiz-abgesagt\/\" target=\"_blank\">abgesagt<\/a> und unser fester K\u00f6lsch-Termin, die deutsche <a href=\"http:\/\/www.mac-expo.de\/\" target=\"_blank\">Mac-Expo<\/a> soll <a href=\"http:\/\/www.macwelt.de\/news\/apple\/345460\/\" target=\"_blank\">allem Anschein nach<\/a> in den ungastlichen November verlegt werden. Na immerhin bekommt man dort dann vermutlich neben einem neuen Mac OS auch das iPhone zu sehen, quasi als Entsch\u00e4digung f\u00fcr ausgefallene Sommerfreuden am Rhein.<\/p>\n<p>\nDie Europa-Premiere d\u00fcrfte das iPhone aber in Paris haben. Wie ein Phoenix aus der <a href=\"http:\/\/www.ifun.de\/content\/view\/2381\/2\/\">Asche<\/a> steigt die dortige <a href=\"http:\/\/www.apple-expo.com\/\" target=\"_blank\">Apple Expo<\/a> mit neuem Logo und dem Termin Ende September. Laut unseren Informationen z\u00f6gern gro\u00dfe Aussteller nach dem Frust des letzten Jahres zwar noch mit der Entscheidung ob der Teilnahme, der Termin legt jedoch den ersten semi-offiziellen Auftritt des iPhone in Europa nahe und macht die Veranstaltung damit deutlich attraktiver. Denn selbst wenn wir das Telefon zu diesem Zeitpunkt hier noch nicht kaufen k\u00f6nnen, d\u00fcrften US-Aussteller und hoffentlich auch Apple ausreichend Ger\u00e4te f\u00fcr Demos oder auch einfach nur zum telefonieren im Gep\u00e4ck haben.<\/p>\n<p>\nDie offizielle iPhone-Euro-Premiere k\u00f6nnte mit etwas Gl\u00fcck dann Ende Oktober auf der <a href=\"http:\/\/www.macliveexpo.co.uk\/client\/index.aspx?page=2\" target=\"_blank\">Mac Live Expo<\/a> in London stattfinden. Schafft Apple diesen Termin f\u00fcr Europa nicht w\u00fcrde sich die Verlegung der deutschen Expo in den November ich als hervorragender Schachzug erweisen\u2026<\/p>\n","protected":false},"excerpt":{"rendered":"<a href=\"https:\/\/www.iphone-ticker.de\/iphone-euro-premiere-in-paris-40\/\"><img decoding=\"async\" width=\"150\" src=\"http:\/\/www.iphone-ticker.de\/wp-content\/uploads\/2007\/06\/appleexpoparisneu.gif\" class=\"alignright wp-post-image tfe\" alt=\"Apple Expo Paris\" title=\"\" \/><\/a><p>Die Apple-Messen im deutschen Sprachraum geben sich in diesem Jahr einheitlich unbestimmt. Bereits vor drei Wochen wurde die Macworld Expo Schweiz abgesagt und unser fester K\u00f6lsch-Termin, die deutsche Mac-Expo soll allem Anschein nach in den ungastlichen November verlegt werden. Na immerhin bekommt man dort dann vermutlich neben einem neuen Mac OS auch das iPhone zu [&hellip;]<\/p>\n","protected":false},"author":2,"featured_media":0,"comment_status":"open","ping_status":"open","sticky":false,"template":"","format":"standard","meta":{"footnotes":""},"categories":[1],"tags":[],"class_list":["post-40","post","type-post","status-publish","format-standard","hentry","category-news"],"aioseo_notices":[],"aioseo_head":"\n\t\t<!-- All in One SEO Pro 5.0.1.1 - aioseo.com -->\n\t<meta name=\"description\" content=\"Die Apple-Messen im deutschen Sprachraum geben sich in diesem Jahr einheitlich unbestimmt. Bereits vor drei Wochen wurde die Macworld Expo Schweiz abgesagt und unser fester K\u00f6lsch-Termin, die deutsche Mac-Expo soll allem Anschein nach in den ungastlichen November verlegt werden. Na immerhin bekommt man dort dann vermutlich neben einem neuen Mac OS auch das iPhone zu\" \/>\n\t<meta name=\"robots\" content=\"max-image-preview:large\" \/>\n\t<meta name=\"author\" content=\"chris\"\/>\n\t<meta name=\"google-site-verification\" content=\"bRuV4_wqNuoQLypC9HVKibZ0X7EtNyELtju97qgyflM\" \/>\n\t<link rel=\"canonical\" href=\"https:\/\/www.iphone-ticker.de\/iphone-euro-premiere-in-paris-40\/\" \/>\n\t<meta name=\"generator\" content=\"All in One SEO Pro (AIOSEO) 5.0.1.1\" \/>\n\t\t<meta property=\"og:locale\" content=\"de_DE\" \/>\n\t\t<meta property=\"og:site_name\" content=\"iphone-ticker.de | Alles zum iPhone. Seit 2007.\" \/>\n\t\t<meta property=\"og:type\" content=\"article\" \/>\n\t\t<meta property=\"og:title\" content=\"Europa-Premiere des iPhone in Paris? | iphone-ticker.de\" \/>\n\t\t<meta property=\"og:description\" content=\"Die Apple-Messen im deutschen Sprachraum geben sich in diesem Jahr einheitlich unbestimmt. Bereits vor drei Wochen wurde die Macworld Expo Schweiz abgesagt und unser fester K\u00f6lsch-Termin, die deutsche Mac-Expo soll allem Anschein nach in den ungastlichen November verlegt werden. Na immerhin bekommt man dort dann vermutlich neben einem neuen Mac OS auch das iPhone zu\" \/>\n\t\t<meta property=\"og:url\" content=\"https:\/\/www.iphone-ticker.de\/iphone-euro-premiere-in-paris-40\/\" \/>\n\t\t<meta property=\"article:published_time\" content=\"2007-04-29T15:36:01+00:00\" \/>\n\t\t<meta property=\"article:modified_time\" content=\"2007-06-17T07:34:35+00:00\" \/>\n\t\t<meta property=\"article:publisher\" content=\"https:\/\/facebook.com\/ifun.de\" \/>\n\t\t<meta name=\"twitter:card\" content=\"summary_large_image\" \/>\n\t\t<meta name=\"twitter:site\" content=\"@iphoneticker\" \/>\n\t\t<meta name=\"twitter:title\" content=\"Europa-Premiere des iPhone in Paris? | iphone-ticker.de\" \/>\n\t\t<meta name=\"twitter:description\" content=\"Die Apple-Messen im deutschen Sprachraum geben sich in diesem Jahr einheitlich unbestimmt. Bereits vor drei Wochen wurde die Macworld Expo Schweiz abgesagt und unser fester K\u00f6lsch-Termin, die deutsche Mac-Expo soll allem Anschein nach in den ungastlichen November verlegt werden. Na immerhin bekommt man dort dann vermutlich neben einem neuen Mac OS auch das iPhone zu\" \/>\n\t\t<meta name=\"twitter:creator\" content=\"@iphoneticker\" \/>\n\t\t<script type=\"application\/ld+json\" class=\"aioseo-schema\">\n\t\t\t{\"@context\":\"https:\\\/\\\/schema.org\",\"@graph\":[{\"@type\":\"BreadcrumbList\",\"@id\":\"https:\\\/\\\/www.iphone-ticker.de\\\/iphone-euro-premiere-in-paris-40\\\/#breadcrumblist\",\"itemListElement\":[{\"@type\":\"ListItem\",\"@id\":\"https:\\\/\\\/www.iphone-ticker.de#listItem\",\"position\":1,\"name\":\"Home\",\"item\":\"https:\\\/\\\/www.iphone-ticker.de\",\"nextItem\":{\"@type\":\"ListItem\",\"@id\":\"https:\\\/\\\/www.iphone-ticker.de\\\/category\\\/news\\\/#listItem\",\"name\":\"News\"}},{\"@type\":\"ListItem\",\"@id\":\"https:\\\/\\\/www.iphone-ticker.de\\\/category\\\/news\\\/#listItem\",\"position\":2,\"name\":\"News\",\"item\":\"https:\\\/\\\/www.iphone-ticker.de\\\/category\\\/news\\\/\",\"nextItem\":{\"@type\":\"ListItem\",\"@id\":\"https:\\\/\\\/www.iphone-ticker.de\\\/iphone-euro-premiere-in-paris-40\\\/#listItem\",\"name\":\"Europa-Premiere des iPhone in Paris?\"},\"previousItem\":{\"@type\":\"ListItem\",\"@id\":\"https:\\\/\\\/www.iphone-ticker.de#listItem\",\"name\":\"Home\"}},{\"@type\":\"ListItem\",\"@id\":\"https:\\\/\\\/www.iphone-ticker.de\\\/iphone-euro-premiere-in-paris-40\\\/#listItem\",\"position\":3,\"name\":\"Europa-Premiere des iPhone in Paris?\",\"previousItem\":{\"@type\":\"ListItem\",\"@id\":\"https:\\\/\\\/www.iphone-ticker.de\\\/category\\\/news\\\/#listItem\",\"name\":\"News\"}}]},{\"@type\":\"NewsArticle\",\"@id\":\"https:\\\/\\\/www.iphone-ticker.de\\\/iphone-euro-premiere-in-paris-40\\\/#newsarticle\",\"name\":\"Europa-Premiere des iPhone in Paris? | iphone-ticker.de\",\"headline\":\"Europa-Premiere des iPhone in Paris?\",\"author\":{\"@id\":\"https:\\\/\\\/www.iphone-ticker.de\\\/author\\\/chris\\\/#author\"},\"publisher\":{\"@id\":\"https:\\\/\\\/www.iphone-ticker.de\\\/#organization\"},\"image\":{\"@type\":\"ImageObject\",\"url\":\"https:\\\/\\\/images.iphone-ticker.de\\\/wp-content\\\/uploads\\\/2026\\\/02\\\/apple-touch-icon.png\",\"@id\":\"https:\\\/\\\/www.iphone-ticker.de\\\/#articleImage\",\"width\":1024,\"height\":1024,\"caption\":\"Apple Touch Icon\"},\"datePublished\":\"2007-04-29T17:36:01+02:00\",\"dateModified\":\"2007-06-17T09:34:35+02:00\",\"inLanguage\":\"de-DE\",\"mainEntityOfPage\":{\"@id\":\"https:\\\/\\\/www.iphone-ticker.de\\\/iphone-euro-premiere-in-paris-40\\\/#webpage\"},\"isPartOf\":{\"@id\":\"https:\\\/\\\/www.iphone-ticker.de\\\/iphone-euro-premiere-in-paris-40\\\/#webpage\"},\"articleSection\":\"News\",\"dateline\":\"Ver\\u00f6ffentlicht am April 29, 2007.\"},{\"@type\":\"Organization\",\"@id\":\"https:\\\/\\\/www.iphone-ticker.de\\\/#organization\",\"name\":\"aketo GmbH\",\"description\":\"Die aketo GmbH versorgt das deutschsprachige Internet mit den f\\u00fchrenden Nachrichtenangeboten zu Apple, dem iPhone, dem iPad und Apples Lifestyle-Produkten. Konzepte, Redaktion, Recherchen und Archiv.\",\"url\":\"https:\\\/\\\/www.iphone-ticker.de\\\/\",\"email\":\"ifun.de@gmail.com\",\"telephone\":\"+493057707123\",\"foundingDate\":\"2007-01-01\",\"logo\":{\"@type\":\"ImageObject\",\"url\":\"https:\\\/\\\/images.iphone-ticker.de\\\/wp-content\\\/uploads\\\/2026\\\/02\\\/apple-touch-icon.png\",\"@id\":\"https:\\\/\\\/www.iphone-ticker.de\\\/iphone-euro-premiere-in-paris-40\\\/#organizationLogo\",\"width\":1024,\"height\":1024,\"caption\":\"Apple Touch Icon\"},\"image\":{\"@id\":\"https:\\\/\\\/www.iphone-ticker.de\\\/iphone-euro-premiere-in-paris-40\\\/#organizationLogo\"},\"sameAs\":[\"https:\\\/\\\/facebook.com\\\/ifun.de\",\"https:\\\/\\\/x.com\\\/iphoneticker\"]},{\"@type\":\"Person\",\"@id\":\"https:\\\/\\\/www.iphone-ticker.de\\\/author\\\/chris\\\/#author\",\"url\":\"https:\\\/\\\/www.iphone-ticker.de\\\/author\\\/chris\\\/\",\"name\":\"chris\"},{\"@type\":\"WebPage\",\"@id\":\"https:\\\/\\\/www.iphone-ticker.de\\\/iphone-euro-premiere-in-paris-40\\\/#webpage\",\"url\":\"https:\\\/\\\/www.iphone-ticker.de\\\/iphone-euro-premiere-in-paris-40\\\/\",\"name\":\"Europa-Premiere des iPhone in Paris? | iphone-ticker.de\",\"description\":\"Die Apple-Messen im deutschen Sprachraum geben sich in diesem Jahr einheitlich unbestimmt. Bereits vor drei Wochen wurde die Macworld Expo Schweiz abgesagt und unser fester K\\u00f6lsch-Termin, die deutsche Mac-Expo soll allem Anschein nach in den ungastlichen November verlegt werden. Na immerhin bekommt man dort dann vermutlich neben einem neuen Mac OS auch das iPhone zu\",\"inLanguage\":\"de-DE\",\"isPartOf\":{\"@id\":\"https:\\\/\\\/www.iphone-ticker.de\\\/#website\"},\"breadcrumb\":{\"@id\":\"https:\\\/\\\/www.iphone-ticker.de\\\/iphone-euro-premiere-in-paris-40\\\/#breadcrumblist\"},\"author\":{\"@id\":\"https:\\\/\\\/www.iphone-ticker.de\\\/author\\\/chris\\\/#author\"},\"creator\":{\"@id\":\"https:\\\/\\\/www.iphone-ticker.de\\\/author\\\/chris\\\/#author\"},\"datePublished\":\"2007-04-29T17:36:01+02:00\",\"dateModified\":\"2007-06-17T09:34:35+02:00\"},{\"@type\":\"WebSite\",\"@id\":\"https:\\\/\\\/www.iphone-ticker.de\\\/#website\",\"url\":\"https:\\\/\\\/www.iphone-ticker.de\\\/\",\"name\":\"iphone-ticker.de\",\"description\":\"Alles zum iPhone. Seit 2007.\",\"inLanguage\":\"de-DE\",\"publisher\":{\"@id\":\"https:\\\/\\\/www.iphone-ticker.de\\\/#organization\"}}]}\n\t\t<\/script>\n\t\t<!-- All in One SEO Pro -->\r\n\t\t<title>Europa-Premiere des iPhone in Paris? | iphone-ticker.de<\/title>\n\n","aioseo_head_json":{"title":"Europa-Premiere des iPhone in Paris? | iphone-ticker.de","description":"Die Apple-Messen im deutschen Sprachraum geben sich in diesem Jahr einheitlich unbestimmt. Bereits vor drei Wochen wurde die Macworld Expo Schweiz abgesagt und unser fester K\u00f6lsch-Termin, die deutsche Mac-Expo soll allem Anschein nach in den ungastlichen November verlegt werden. Na immerhin bekommt man dort dann vermutlich neben einem neuen Mac OS auch das iPhone zu","canonical_url":"https:\/\/www.iphone-ticker.de\/iphone-euro-premiere-in-paris-40\/","robots":"max-image-preview:large","keywords":"","webmasterTools":{"google-site-verification":"bRuV4_wqNuoQLypC9HVKibZ0X7EtNyELtju97qgyflM","miscellaneous":""},"schema":{"@context":"https:\/\/schema.org","@graph":[{"@type":"BreadcrumbList","@id":"https:\/\/www.iphone-ticker.de\/iphone-euro-premiere-in-paris-40\/#breadcrumblist","itemListElement":[{"@type":"ListItem","@id":"https:\/\/www.iphone-ticker.de#listItem","position":1,"name":"Home","item":"https:\/\/www.iphone-ticker.de","nextItem":{"@type":"ListItem","@id":"https:\/\/www.iphone-ticker.de\/category\/news\/#listItem","name":"News"}},{"@type":"ListItem","@id":"https:\/\/www.iphone-ticker.de\/category\/news\/#listItem","position":2,"name":"News","item":"https:\/\/www.iphone-ticker.de\/category\/news\/","nextItem":{"@type":"ListItem","@id":"https:\/\/www.iphone-ticker.de\/iphone-euro-premiere-in-paris-40\/#listItem","name":"Europa-Premiere des iPhone in Paris?"},"previousItem":{"@type":"ListItem","@id":"https:\/\/www.iphone-ticker.de#listItem","name":"Home"}},{"@type":"ListItem","@id":"https:\/\/www.iphone-ticker.de\/iphone-euro-premiere-in-paris-40\/#listItem","position":3,"name":"Europa-Premiere des iPhone in Paris?","previousItem":{"@type":"ListItem","@id":"https:\/\/www.iphone-ticker.de\/category\/news\/#listItem","name":"News"}}]},{"@type":"NewsArticle","@id":"https:\/\/www.iphone-ticker.de\/iphone-euro-premiere-in-paris-40\/#newsarticle","name":"Europa-Premiere des iPhone in Paris? | iphone-ticker.de","headline":"Europa-Premiere des iPhone in Paris?","author":{"@id":"https:\/\/www.iphone-ticker.de\/author\/chris\/#author"},"publisher":{"@id":"https:\/\/www.iphone-ticker.de\/#organization"},"image":{"@type":"ImageObject","url":"https:\/\/images.iphone-ticker.de\/wp-content\/uploads\/2026\/02\/apple-touch-icon.png","@id":"https:\/\/www.iphone-ticker.de\/#articleImage","width":1024,"height":1024,"caption":"Apple Touch Icon"},"datePublished":"2007-04-29T17:36:01+02:00","dateModified":"2007-06-17T09:34:35+02:00","inLanguage":"de-DE","mainEntityOfPage":{"@id":"https:\/\/www.iphone-ticker.de\/iphone-euro-premiere-in-paris-40\/#webpage"},"isPartOf":{"@id":"https:\/\/www.iphone-ticker.de\/iphone-euro-premiere-in-paris-40\/#webpage"},"articleSection":"News","dateline":"Ver\u00f6ffentlicht am April 29, 2007."},{"@type":"Organization","@id":"https:\/\/www.iphone-ticker.de\/#organization","name":"aketo GmbH","description":"Die aketo GmbH versorgt das deutschsprachige Internet mit den f\u00fchrenden Nachrichtenangeboten zu Apple, dem iPhone, dem iPad und Apples Lifestyle-Produkten. Konzepte, Redaktion, Recherchen und Archiv.","url":"https:\/\/www.iphone-ticker.de\/","email":"ifun.de@gmail.com","telephone":"+493057707123","foundingDate":"2007-01-01","logo":{"@type":"ImageObject","url":"https:\/\/images.iphone-ticker.de\/wp-content\/uploads\/2026\/02\/apple-touch-icon.png","@id":"https:\/\/www.iphone-ticker.de\/iphone-euro-premiere-in-paris-40\/#organizationLogo","width":1024,"height":1024,"caption":"Apple Touch Icon"},"image":{"@id":"https:\/\/www.iphone-ticker.de\/iphone-euro-premiere-in-paris-40\/#organizationLogo"},"sameAs":["https:\/\/facebook.com\/ifun.de","https:\/\/x.com\/iphoneticker"]},{"@type":"Person","@id":"https:\/\/www.iphone-ticker.de\/author\/chris\/#author","url":"https:\/\/www.iphone-ticker.de\/author\/chris\/","name":"chris"},{"@type":"WebPage","@id":"https:\/\/www.iphone-ticker.de\/iphone-euro-premiere-in-paris-40\/#webpage","url":"https:\/\/www.iphone-ticker.de\/iphone-euro-premiere-in-paris-40\/","name":"Europa-Premiere des iPhone in Paris? | iphone-ticker.de","description":"Die Apple-Messen im deutschen Sprachraum geben sich in diesem Jahr einheitlich unbestimmt. Bereits vor drei Wochen wurde die Macworld Expo Schweiz abgesagt und unser fester K\u00f6lsch-Termin, die deutsche Mac-Expo soll allem Anschein nach in den ungastlichen November verlegt werden. Na immerhin bekommt man dort dann vermutlich neben einem neuen Mac OS auch das iPhone zu","inLanguage":"de-DE","isPartOf":{"@id":"https:\/\/www.iphone-ticker.de\/#website"},"breadcrumb":{"@id":"https:\/\/www.iphone-ticker.de\/iphone-euro-premiere-in-paris-40\/#breadcrumblist"},"author":{"@id":"https:\/\/www.iphone-ticker.de\/author\/chris\/#author"},"creator":{"@id":"https:\/\/www.iphone-ticker.de\/author\/chris\/#author"},"datePublished":"2007-04-29T17:36:01+02:00","dateModified":"2007-06-17T09:34:35+02:00"},{"@type":"WebSite","@id":"https:\/\/www.iphone-ticker.de\/#website","url":"https:\/\/www.iphone-ticker.de\/","name":"iphone-ticker.de","description":"Alles zum iPhone. Seit 2007.","inLanguage":"de-DE","publisher":{"@id":"https:\/\/www.iphone-ticker.de\/#organization"}}]},"og:locale":"de_DE","og:site_name":"iphone-ticker.de | Alles zum iPhone. Seit 2007.","og:type":"article","og:title":"Europa-Premiere des iPhone in Paris? | iphone-ticker.de","og:description":"Die Apple-Messen im deutschen Sprachraum geben sich in diesem Jahr einheitlich unbestimmt. Bereits vor drei Wochen wurde die Macworld Expo Schweiz abgesagt und unser fester K\u00f6lsch-Termin, die deutsche Mac-Expo soll allem Anschein nach in den ungastlichen November verlegt werden. Na immerhin bekommt man dort dann vermutlich neben einem neuen Mac OS auch das iPhone zu","og:url":"https:\/\/www.iphone-ticker.de\/iphone-euro-premiere-in-paris-40\/","article:published_time":"2007-04-29T15:36:01+00:00","article:modified_time":"2007-06-17T07:34:35+00:00","article:publisher":"https:\/\/facebook.com\/ifun.de","twitter:card":"summary_large_image","twitter:site":"@iphoneticker","twitter:title":"Europa-Premiere des iPhone in Paris? | iphone-ticker.de","twitter:description":"Die Apple-Messen im deutschen Sprachraum geben sich in diesem Jahr einheitlich unbestimmt. Bereits vor drei Wochen wurde die Macworld Expo Schweiz abgesagt und unser fester K\u00f6lsch-Termin, die deutsche Mac-Expo soll allem Anschein nach in den ungastlichen November verlegt werden. Na immerhin bekommt man dort dann vermutlich neben einem neuen Mac OS auch das iPhone zu","twitter:creator":"@iphoneticker"},"aioseo_meta_data":{"post_id":"40","title":null,"description":null,"keywords":null,"keyphrases":null,"primary_term":null,"canonical_url":null,"og_title":null,"og_description":null,"og_object_type":"default","og_image_type":"default","og_image_url":null,"og_image_width":null,"og_image_height":null,"og_image_custom_url":null,"og_image_custom_fields":null,"og_video":null,"og_custom_url":null,"og_article_section":null,"og_article_tags":null,"twitter_use_og":false,"twitter_card":"default","twitter_image_type":"default","twitter_image_url":null,"twitter_image_custom_url":null,"twitter_image_custom_fields":null,"twitter_title":null,"twitter_description":null,"schema":{"blockGraphs":[],"customGraphs":[],"default":{"data":{"Article":[],"Course":[],"Dataset":[],"FAQPage":[],"Movie":[],"Person":[],"Product":[],"ProductReview":[],"Car":[],"Recipe":[],"Service":[],"SoftwareApplication":[],"WebPage":[]},"graphName":"NewsArticle","isEnabled":true},"graphs":[]},"schema_type":"default","schema_type_options":null,"pillar_content":false,"robots_default":true,"robots_noindex":false,"robots_noarchive":false,"robots_nosnippet":false,"robots_nofollow":false,"robots_noimageindex":false,"robots_noodp":false,"robots_notranslate":false,"robots_max_snippet":null,"robots_max_videopreview":null,"robots_max_imagepreview":"large","priority":null,"frequency":null,"local_seo":null,"seo_analyzer_scan_date":"2026-07-07 08:44:15","breadcrumb_settings":null,"limit_modified_date":false,"open_ai":null,"ai":null,"created":"2026-02-25 16:31:10","updated":"2026-07-07 08:44:15","focus_keyword":null,"additional_keywords":null,"truseo_locale":null},"aioseo_breadcrumb":"<div class=\"aioseo-breadcrumbs\"><span class=\"aioseo-breadcrumb\">\n\t<a href=\"https:\/\/www.iphone-ticker.de\" title=\"Home\">Home<\/a>\n<\/span><span class=\"aioseo-breadcrumb-separator\">\u00bb<\/span><span class=\"aioseo-breadcrumb\">\n\t<a href=\"https:\/\/www.iphone-ticker.de\/category\/news\/\" title=\"News\">News<\/a>\n<\/span><span class=\"aioseo-breadcrumb-separator\">\u00bb<\/span><span class=\"aioseo-breadcrumb\">\n\tEuropa-Premiere des iPhone in Paris?\n<\/span><\/div>","aioseo_breadcrumb_json":[{"label":"Home","link":"https:\/\/www.iphone-ticker.de"},{"label":"News","link":"https:\/\/www.iphone-ticker.de\/category\/news\/"},{"label":"Europa-Premiere des iPhone in Paris?","link":"https:\/\/www.iphone-ticker.de\/iphone-euro-premiere-in-paris-40\/"}],"rest_api_enabler":[],"_links":{"self":[{"href":"https:\/\/www.iphone-ticker.de\/apiv2\/wp\/v2\/posts\/40","targetHints":{"allow":["GET"]}}],"collection":[{"href":"https:\/\/www.iphone-ticker.de\/apiv2\/wp\/v2\/posts"}],"about":[{"href":"https:\/\/www.iphone-ticker.de\/apiv2\/wp\/v2\/types\/post"}],"author":[{"embeddable":true,"href":"https:\/\/www.iphone-ticker.de\/apiv2\/wp\/v2\/users\/2"}],"replies":[{"embeddable":true,"href":"https:\/\/www.iphone-ticker.de\/apiv2\/wp\/v2\/comments?post=40"}],"version-history":[{"count":0,"href":"https:\/\/www.iphone-ticker.de\/apiv2\/wp\/v2\/posts\/40\/revisions"}],"wp:attachment":[{"href":"https:\/\/www.iphone-ticker.de\/apiv2\/wp\/v2\/media?parent=40"}],"wp:term":[{"taxonomy":"category","embeddable":true,"href":"https:\/\/www.iphone-ticker.de\/apiv2\/wp\/v2\/categories?post=40"},{"taxonomy":"post_tag","embeddable":true,"href":"https:\/\/www.iphone-ticker.de\/apiv2\/wp\/v2\/tags?post=40"}],"curies":[{"name":"wp","href":"https:\/\/api.w.org\/{rel}","templated":true}]}}