{"id":39931,"date":"2012-10-29T08:49:45","date_gmt":"2012-10-29T07:49:45","guid":{"rendered":"http:\/\/www.iphone-ticker.de\/?p=39931"},"modified":"2012-10-29T08:49:45","modified_gmt":"2012-10-29T07:49:45","slug":"apple-lernt-dazu-erste-zeitumstellung-seit-zwei-jahren-ohne-wecker-probleme","status":"publish","type":"post","link":"https:\/\/www.iphone-ticker.de\/apple-lernt-dazu-erste-zeitumstellung-seit-zwei-jahren-ohne-wecker-probleme-39931\/","title":{"rendered":"Apple lernt dazu: Erste Zeitumstellung seit zwei Jahren ohne Wecker-Probleme"},"content":{"rendered":"<p>Wir hatten es ja fast schon nicht mehr f\u00fcr m\u00f6glich gehalten. Ohne Unterbrechung k\u00e4mpft Apple seit 2010 mit dem iOS-Wecker und der Zeitumstellung. Regelm\u00e4\u00dfig wurden gesetzte Alarm-Zeiten in den vergangenen Jahren ignoriert, sich wiederholende Weck-Einstellungen zur\u00fcckgesetzt oder einfach \u00fcberflogen. Mit dem Wechsel in die Winterzeit 2012 hat Apple jetzt das erste mal seit gut zwei Jahren ein Aufwachen ohne Zusatzwecker m\u00f6glich gemacht und scheint die problematische Verwaltung der Zeitumstellung &#8211; dieser wurde bereits im November 2010 ein <a href=\"http:\/\/support.apple.com\/kb\/TS3542?viewlocale=de_DE\">eigener Hilfe-Artikel gewidmet<\/a> &#8211; unter iOS 6 endg\u00fcltig korrigiert zu haben. <\/p>\n<p><img loading=\"lazy\" decoding=\"async\" src=\"http:\/\/www.iphone-ticker.de\/wp-content\/uploads\/2012\/10\/berlin.jpg\" alt=\"\" title=\"berlin\" width=\"464\" height=\"186\" class=\"aligncenter size-full wp-image-39932\" srcset=\"https:\/\/images.iphone-ticker.de\/wp-content\/uploads\/2012\/10\/berlin.jpg 464w, https:\/\/images.iphone-ticker.de\/wp-content\/uploads\/2012\/10\/berlin-300x120.jpg 300w\" sizes=\"auto, (max-width: 464px) 100vw, 464px\" \/><\/p>\n<p>Sowohl eure Zuschriften als auch die angenehme Ruhe in Apples Support-Foren deuten auf einen problemlosen Wechsel in die Winterzeit hin. Zum Nachlesen haben wir noch mal die Artikel der vergangenen Zeitwechsel im Anschluss versammelt. Wir w\u00fcnschen euch einen guten Start in die Woche. <\/p>\n<p><strong>Links zum Thema:<\/strong><\/p>\n<ul>\n<li><a href=\"http:\/\/www.iphone-ticker.de\/iphone-wecker-auch-2012-mit-aussetzern-29249\/\">iPhone-Wecker auch 2012 mit Aussetzern<\/a><\/li>\n<li><a href=\"http:\/\/www.iphone-ticker.de\/iphone-wecker-problem-zeitumustellung-19635\/\">iPhone-Wecker: Erneut Probleme mit der Zeitumstellung<\/a><\/li>\n<li><a href=\"http:\/\/www.iphone-ticker.de\/apple-bestatigt-wecker-probleme-bittet-um-geduld-17064\/\">Apple best\u00e4tigt Wecker-Probleme, bittet um Geduld<\/a><\/li>\n<li><a href=\"http:\/\/www.iphone-ticker.de\/ein-guter-start-ins-neue-jahr-neues-iphone-weckerproblem-17034\/\">Ein guter Start ins neue Jahr: Neues iPhone-Weckerproblem<\/a><\/li>\n<li><a href=\"http:\/\/www.iphone-ticker.de\/probleme-mit-der-zeitumstellung-iphone-wecker-klingelt-zu-spat-15014\/\">Probleme mit der Zeitumstellung: iPhone-Wecker klingelt zu sp\u00e4t<\/a><\/li>\n<\/ul>\n","protected":false},"excerpt":{"rendered":"<a href=\"https:\/\/www.iphone-ticker.de\/apple-lernt-dazu-erste-zeitumstellung-seit-zwei-jahren-ohne-wecker-probleme-39931\/\"><img width=\"150\" height=\"60\" src=\"https:\/\/images.iphone-ticker.de\/wp-content\/uploads\/2012\/10\/berlin.jpg\" class=\"alignright tfe wp-post-image\" alt=\"\" decoding=\"async\" loading=\"lazy\" srcset=\"https:\/\/images.iphone-ticker.de\/wp-content\/uploads\/2012\/10\/berlin.jpg 464w, https:\/\/images.iphone-ticker.de\/wp-content\/uploads\/2012\/10\/berlin-300x120.jpg 300w\" sizes=\"auto, (max-width: 150px) 100vw, 150px\" \/><\/a><p>Wir hatten es ja fast schon nicht mehr f\u00fcr m\u00f6glich gehalten. Ohne Unterbrechung k\u00e4mpft Apple seit 2010 mit dem iOS-Wecker und der Zeitumstellung. Regelm\u00e4\u00dfig wurden gesetzte Alarm-Zeiten in den vergangenen Jahren ignoriert, sich wiederholende Weck-Einstellungen zur\u00fcckgesetzt oder einfach \u00fcberflogen. Mit dem Wechsel in die Winterzeit 2012 hat Apple jetzt das erste mal seit gut zwei [&hellip;]<\/p>\n","protected":false},"author":1,"featured_media":39932,"comment_status":"open","ping_status":"closed","sticky":false,"template":"","format":"standard","meta":{"footnotes":""},"categories":[639],"tags":[3912,70,5661,210,764,213],"class_list":["post-39931","post","type-post","status-publish","format-standard","has-post-thumbnail","hentry","category-ios","tag-apple","tag-bug","tag-ios","tag-problem","tag-uhr","tag-wecker"],"aioseo_notices":[],"aioseo_head":"\n\t\t<!-- All in One SEO Pro 5.0.1 - aioseo.com -->\n\t<meta name=\"description\" content=\"Wir hatten es ja fast schon nicht mehr f\u00fcr m\u00f6glich gehalten. Ohne Unterbrechung k\u00e4mpft Apple seit 2010 mit dem iOS-Wecker und der Zeitumstellung. Regelm\u00e4\u00dfig wurden gesetzte Alarm-Zeiten in den vergangenen Jahren ignoriert, sich wiederholende Weck-Einstellungen zur\u00fcckgesetzt oder einfach \u00fcberflogen. Mit dem Wechsel in die Winterzeit 2012 hat Apple jetzt das erste mal seit gut zwei\" \/>\n\t<meta name=\"robots\" content=\"max-image-preview:large\" \/>\n\t<meta name=\"author\" content=\"Nicolas\"\/>\n\t<meta name=\"google-site-verification\" content=\"bRuV4_wqNuoQLypC9HVKibZ0X7EtNyELtju97qgyflM\" \/>\n\t<link rel=\"canonical\" href=\"https:\/\/www.iphone-ticker.de\/apple-lernt-dazu-erste-zeitumstellung-seit-zwei-jahren-ohne-wecker-probleme-39931\/\" \/>\n\t<meta name=\"generator\" content=\"All in One SEO Pro (AIOSEO) 5.0.1\" \/>\n\t\t<meta property=\"og:locale\" content=\"de_DE\" \/>\n\t\t<meta property=\"og:site_name\" content=\"iphone-ticker.de | Alles zum iPhone. Seit 2007.\" \/>\n\t\t<meta property=\"og:type\" content=\"article\" \/>\n\t\t<meta property=\"og:title\" content=\"Apple lernt dazu: Erste Zeitumstellung seit zwei Jahren ohne Wecker-Probleme | iphone-ticker.de\" \/>\n\t\t<meta property=\"og:description\" content=\"Wir hatten es ja fast schon nicht mehr f\u00fcr m\u00f6glich gehalten. Ohne Unterbrechung k\u00e4mpft Apple seit 2010 mit dem iOS-Wecker und der Zeitumstellung. Regelm\u00e4\u00dfig wurden gesetzte Alarm-Zeiten in den vergangenen Jahren ignoriert, sich wiederholende Weck-Einstellungen zur\u00fcckgesetzt oder einfach \u00fcberflogen. Mit dem Wechsel in die Winterzeit 2012 hat Apple jetzt das erste mal seit gut zwei\" \/>\n\t\t<meta property=\"og:url\" content=\"https:\/\/www.iphone-ticker.de\/apple-lernt-dazu-erste-zeitumstellung-seit-zwei-jahren-ohne-wecker-probleme-39931\/\" \/>\n\t\t<meta property=\"article:published_time\" content=\"2012-10-29T07:49:45+00:00\" \/>\n\t\t<meta property=\"article:modified_time\" content=\"2012-10-29T07:49:45+00:00\" \/>\n\t\t<meta property=\"article:publisher\" content=\"https:\/\/facebook.com\/ifun.de\" \/>\n\t\t<meta name=\"twitter:card\" content=\"summary_large_image\" \/>\n\t\t<meta name=\"twitter:site\" content=\"@iphoneticker\" \/>\n\t\t<meta name=\"twitter:title\" content=\"Apple lernt dazu: Erste Zeitumstellung seit zwei Jahren ohne Wecker-Probleme | iphone-ticker.de\" \/>\n\t\t<meta name=\"twitter:description\" content=\"Wir hatten es ja fast schon nicht mehr f\u00fcr m\u00f6glich gehalten. Ohne Unterbrechung k\u00e4mpft Apple seit 2010 mit dem iOS-Wecker und der Zeitumstellung. Regelm\u00e4\u00dfig wurden gesetzte Alarm-Zeiten in den vergangenen Jahren ignoriert, sich wiederholende Weck-Einstellungen zur\u00fcckgesetzt oder einfach \u00fcberflogen. Mit dem Wechsel in die Winterzeit 2012 hat Apple jetzt das erste mal seit gut zwei\" \/>\n\t\t<meta name=\"twitter:creator\" content=\"@iphoneticker\" \/>\n\t\t<script type=\"application\/ld+json\" class=\"aioseo-schema\">\n\t\t\t{\"@context\":\"https:\\\/\\\/schema.org\",\"@graph\":[{\"@type\":\"BreadcrumbList\",\"@id\":\"https:\\\/\\\/www.iphone-ticker.de\\\/apple-lernt-dazu-erste-zeitumstellung-seit-zwei-jahren-ohne-wecker-probleme-39931\\\/#breadcrumblist\",\"itemListElement\":[{\"@type\":\"ListItem\",\"@id\":\"https:\\\/\\\/www.iphone-ticker.de#listItem\",\"position\":1,\"name\":\"Home\",\"item\":\"https:\\\/\\\/www.iphone-ticker.de\",\"nextItem\":{\"@type\":\"ListItem\",\"@id\":\"https:\\\/\\\/www.iphone-ticker.de\\\/category\\\/ios\\\/#listItem\",\"name\":\"iOS\"}},{\"@type\":\"ListItem\",\"@id\":\"https:\\\/\\\/www.iphone-ticker.de\\\/category\\\/ios\\\/#listItem\",\"position\":2,\"name\":\"iOS\",\"item\":\"https:\\\/\\\/www.iphone-ticker.de\\\/category\\\/ios\\\/\",\"nextItem\":{\"@type\":\"ListItem\",\"@id\":\"https:\\\/\\\/www.iphone-ticker.de\\\/apple-lernt-dazu-erste-zeitumstellung-seit-zwei-jahren-ohne-wecker-probleme-39931\\\/#listItem\",\"name\":\"Apple lernt dazu: Erste Zeitumstellung seit zwei Jahren ohne Wecker-Probleme\"},\"previousItem\":{\"@type\":\"ListItem\",\"@id\":\"https:\\\/\\\/www.iphone-ticker.de#listItem\",\"name\":\"Home\"}},{\"@type\":\"ListItem\",\"@id\":\"https:\\\/\\\/www.iphone-ticker.de\\\/apple-lernt-dazu-erste-zeitumstellung-seit-zwei-jahren-ohne-wecker-probleme-39931\\\/#listItem\",\"position\":3,\"name\":\"Apple lernt dazu: Erste Zeitumstellung seit zwei Jahren ohne Wecker-Probleme\",\"previousItem\":{\"@type\":\"ListItem\",\"@id\":\"https:\\\/\\\/www.iphone-ticker.de\\\/category\\\/ios\\\/#listItem\",\"name\":\"iOS\"}}]},{\"@type\":\"NewsArticle\",\"@id\":\"https:\\\/\\\/www.iphone-ticker.de\\\/apple-lernt-dazu-erste-zeitumstellung-seit-zwei-jahren-ohne-wecker-probleme-39931\\\/#newsarticle\",\"name\":\"Apple lernt dazu: Erste Zeitumstellung seit zwei Jahren ohne Wecker-Probleme | iphone-ticker.de\",\"headline\":\"Apple lernt dazu: Erste Zeitumstellung seit zwei Jahren ohne Wecker-Probleme\",\"author\":{\"@id\":\"https:\\\/\\\/www.iphone-ticker.de\\\/author\\\/admin\\\/#author\"},\"publisher\":{\"@id\":\"https:\\\/\\\/www.iphone-ticker.de\\\/#organization\"},\"image\":{\"@type\":\"ImageObject\",\"url\":\"https:\\\/\\\/images.iphone-ticker.de\\\/wp-content\\\/uploads\\\/2012\\\/10\\\/berlin.jpg\",\"width\":464,\"height\":186},\"datePublished\":\"2012-10-29T08:49:45+01:00\",\"dateModified\":\"2012-10-29T08:49:45+01:00\",\"inLanguage\":\"de-DE\",\"commentCount\":55,\"mainEntityOfPage\":{\"@id\":\"https:\\\/\\\/www.iphone-ticker.de\\\/apple-lernt-dazu-erste-zeitumstellung-seit-zwei-jahren-ohne-wecker-probleme-39931\\\/#webpage\"},\"isPartOf\":{\"@id\":\"https:\\\/\\\/www.iphone-ticker.de\\\/apple-lernt-dazu-erste-zeitumstellung-seit-zwei-jahren-ohne-wecker-probleme-39931\\\/#webpage\"},\"articleSection\":\"iOS, Apple, Bug, iOS, Problem, Uhr, Wecker\",\"dateline\":\"Ver\\u00f6ffentlicht am Oktober 29, 2012.\"},{\"@type\":\"Organization\",\"@id\":\"https:\\\/\\\/www.iphone-ticker.de\\\/#organization\",\"name\":\"aketo GmbH\",\"description\":\"Die aketo GmbH versorgt das deutschsprachige Internet mit den f\\u00fchrenden Nachrichtenangeboten zu Apple, dem iPhone, dem iPad und Apples Lifestyle-Produkten. Konzepte, Redaktion, Recherchen und Archiv.\",\"url\":\"https:\\\/\\\/www.iphone-ticker.de\\\/\",\"email\":\"ifun.de@gmail.com\",\"telephone\":\"+493057707123\",\"foundingDate\":\"2007-01-01\",\"logo\":{\"@type\":\"ImageObject\",\"url\":\"https:\\\/\\\/images.iphone-ticker.de\\\/wp-content\\\/uploads\\\/2026\\\/02\\\/apple-touch-icon.png\",\"@id\":\"https:\\\/\\\/www.iphone-ticker.de\\\/apple-lernt-dazu-erste-zeitumstellung-seit-zwei-jahren-ohne-wecker-probleme-39931\\\/#organizationLogo\",\"width\":1024,\"height\":1024,\"caption\":\"Apple Touch Icon\"},\"image\":{\"@id\":\"https:\\\/\\\/www.iphone-ticker.de\\\/apple-lernt-dazu-erste-zeitumstellung-seit-zwei-jahren-ohne-wecker-probleme-39931\\\/#organizationLogo\"},\"sameAs\":[\"https:\\\/\\\/facebook.com\\\/ifun.de\",\"https:\\\/\\\/x.com\\\/iphoneticker\"]},{\"@type\":\"Person\",\"@id\":\"https:\\\/\\\/www.iphone-ticker.de\\\/author\\\/admin\\\/#author\",\"url\":\"https:\\\/\\\/www.iphone-ticker.de\\\/author\\\/admin\\\/\",\"name\":\"Nicolas\"},{\"@type\":\"WebPage\",\"@id\":\"https:\\\/\\\/www.iphone-ticker.de\\\/apple-lernt-dazu-erste-zeitumstellung-seit-zwei-jahren-ohne-wecker-probleme-39931\\\/#webpage\",\"url\":\"https:\\\/\\\/www.iphone-ticker.de\\\/apple-lernt-dazu-erste-zeitumstellung-seit-zwei-jahren-ohne-wecker-probleme-39931\\\/\",\"name\":\"Apple lernt dazu: Erste Zeitumstellung seit zwei Jahren ohne Wecker-Probleme | iphone-ticker.de\",\"description\":\"Wir hatten es ja fast schon nicht mehr f\\u00fcr m\\u00f6glich gehalten. Ohne Unterbrechung k\\u00e4mpft Apple seit 2010 mit dem iOS-Wecker und der Zeitumstellung. Regelm\\u00e4\\u00dfig wurden gesetzte Alarm-Zeiten in den vergangenen Jahren ignoriert, sich wiederholende Weck-Einstellungen zur\\u00fcckgesetzt oder einfach \\u00fcberflogen. Mit dem Wechsel in die Winterzeit 2012 hat Apple jetzt das erste mal seit gut zwei\",\"inLanguage\":\"de-DE\",\"isPartOf\":{\"@id\":\"https:\\\/\\\/www.iphone-ticker.de\\\/#website\"},\"breadcrumb\":{\"@id\":\"https:\\\/\\\/www.iphone-ticker.de\\\/apple-lernt-dazu-erste-zeitumstellung-seit-zwei-jahren-ohne-wecker-probleme-39931\\\/#breadcrumblist\"},\"author\":{\"@id\":\"https:\\\/\\\/www.iphone-ticker.de\\\/author\\\/admin\\\/#author\"},\"creator\":{\"@id\":\"https:\\\/\\\/www.iphone-ticker.de\\\/author\\\/admin\\\/#author\"},\"image\":{\"@type\":\"ImageObject\",\"url\":\"https:\\\/\\\/images.iphone-ticker.de\\\/wp-content\\\/uploads\\\/2012\\\/10\\\/berlin.jpg\",\"@id\":\"https:\\\/\\\/www.iphone-ticker.de\\\/apple-lernt-dazu-erste-zeitumstellung-seit-zwei-jahren-ohne-wecker-probleme-39931\\\/#mainImage\",\"width\":464,\"height\":186},\"primaryImageOfPage\":{\"@id\":\"https:\\\/\\\/www.iphone-ticker.de\\\/apple-lernt-dazu-erste-zeitumstellung-seit-zwei-jahren-ohne-wecker-probleme-39931\\\/#mainImage\"},\"datePublished\":\"2012-10-29T08:49:45+01:00\",\"dateModified\":\"2012-10-29T08:49:45+01:00\"},{\"@type\":\"WebSite\",\"@id\":\"https:\\\/\\\/www.iphone-ticker.de\\\/#website\",\"url\":\"https:\\\/\\\/www.iphone-ticker.de\\\/\",\"name\":\"iphone-ticker.de\",\"description\":\"Alles zum iPhone. Seit 2007.\",\"inLanguage\":\"de-DE\",\"publisher\":{\"@id\":\"https:\\\/\\\/www.iphone-ticker.de\\\/#organization\"}}]}\n\t\t<\/script>\n\t\t<!-- All in One SEO Pro -->\r\n\t\t<title>Apple lernt dazu: Erste Zeitumstellung seit zwei Jahren ohne Wecker-Probleme | iphone-ticker.de<\/title>\n\n","aioseo_head_json":{"title":"Apple lernt dazu: Erste Zeitumstellung seit zwei Jahren ohne Wecker-Probleme | iphone-ticker.de","description":"Wir hatten es ja fast schon nicht mehr f\u00fcr m\u00f6glich gehalten. Ohne Unterbrechung k\u00e4mpft Apple seit 2010 mit dem iOS-Wecker und der Zeitumstellung. Regelm\u00e4\u00dfig wurden gesetzte Alarm-Zeiten in den vergangenen Jahren ignoriert, sich wiederholende Weck-Einstellungen zur\u00fcckgesetzt oder einfach \u00fcberflogen. Mit dem Wechsel in die Winterzeit 2012 hat Apple jetzt das erste mal seit gut zwei","canonical_url":"https:\/\/www.iphone-ticker.de\/apple-lernt-dazu-erste-zeitumstellung-seit-zwei-jahren-ohne-wecker-probleme-39931\/","robots":"max-image-preview:large","keywords":"","webmasterTools":{"google-site-verification":"bRuV4_wqNuoQLypC9HVKibZ0X7EtNyELtju97qgyflM","miscellaneous":""},"schema":{"@context":"https:\/\/schema.org","@graph":[{"@type":"BreadcrumbList","@id":"https:\/\/www.iphone-ticker.de\/apple-lernt-dazu-erste-zeitumstellung-seit-zwei-jahren-ohne-wecker-probleme-39931\/#breadcrumblist","itemListElement":[{"@type":"ListItem","@id":"https:\/\/www.iphone-ticker.de#listItem","position":1,"name":"Home","item":"https:\/\/www.iphone-ticker.de","nextItem":{"@type":"ListItem","@id":"https:\/\/www.iphone-ticker.de\/category\/ios\/#listItem","name":"iOS"}},{"@type":"ListItem","@id":"https:\/\/www.iphone-ticker.de\/category\/ios\/#listItem","position":2,"name":"iOS","item":"https:\/\/www.iphone-ticker.de\/category\/ios\/","nextItem":{"@type":"ListItem","@id":"https:\/\/www.iphone-ticker.de\/apple-lernt-dazu-erste-zeitumstellung-seit-zwei-jahren-ohne-wecker-probleme-39931\/#listItem","name":"Apple lernt dazu: Erste Zeitumstellung seit zwei Jahren ohne Wecker-Probleme"},"previousItem":{"@type":"ListItem","@id":"https:\/\/www.iphone-ticker.de#listItem","name":"Home"}},{"@type":"ListItem","@id":"https:\/\/www.iphone-ticker.de\/apple-lernt-dazu-erste-zeitumstellung-seit-zwei-jahren-ohne-wecker-probleme-39931\/#listItem","position":3,"name":"Apple lernt dazu: Erste Zeitumstellung seit zwei Jahren ohne Wecker-Probleme","previousItem":{"@type":"ListItem","@id":"https:\/\/www.iphone-ticker.de\/category\/ios\/#listItem","name":"iOS"}}]},{"@type":"NewsArticle","@id":"https:\/\/www.iphone-ticker.de\/apple-lernt-dazu-erste-zeitumstellung-seit-zwei-jahren-ohne-wecker-probleme-39931\/#newsarticle","name":"Apple lernt dazu: Erste Zeitumstellung seit zwei Jahren ohne Wecker-Probleme | iphone-ticker.de","headline":"Apple lernt dazu: Erste Zeitumstellung seit zwei Jahren ohne Wecker-Probleme","author":{"@id":"https:\/\/www.iphone-ticker.de\/author\/admin\/#author"},"publisher":{"@id":"https:\/\/www.iphone-ticker.de\/#organization"},"image":{"@type":"ImageObject","url":"https:\/\/images.iphone-ticker.de\/wp-content\/uploads\/2012\/10\/berlin.jpg","width":464,"height":186},"datePublished":"2012-10-29T08:49:45+01:00","dateModified":"2012-10-29T08:49:45+01:00","inLanguage":"de-DE","commentCount":55,"mainEntityOfPage":{"@id":"https:\/\/www.iphone-ticker.de\/apple-lernt-dazu-erste-zeitumstellung-seit-zwei-jahren-ohne-wecker-probleme-39931\/#webpage"},"isPartOf":{"@id":"https:\/\/www.iphone-ticker.de\/apple-lernt-dazu-erste-zeitumstellung-seit-zwei-jahren-ohne-wecker-probleme-39931\/#webpage"},"articleSection":"iOS, Apple, Bug, iOS, Problem, Uhr, Wecker","dateline":"Ver\u00f6ffentlicht am Oktober 29, 2012."},{"@type":"Organization","@id":"https:\/\/www.iphone-ticker.de\/#organization","name":"aketo GmbH","description":"Die aketo GmbH versorgt das deutschsprachige Internet mit den f\u00fchrenden Nachrichtenangeboten zu Apple, dem iPhone, dem iPad und Apples Lifestyle-Produkten. Konzepte, Redaktion, Recherchen und Archiv.","url":"https:\/\/www.iphone-ticker.de\/","email":"ifun.de@gmail.com","telephone":"+493057707123","foundingDate":"2007-01-01","logo":{"@type":"ImageObject","url":"https:\/\/images.iphone-ticker.de\/wp-content\/uploads\/2026\/02\/apple-touch-icon.png","@id":"https:\/\/www.iphone-ticker.de\/apple-lernt-dazu-erste-zeitumstellung-seit-zwei-jahren-ohne-wecker-probleme-39931\/#organizationLogo","width":1024,"height":1024,"caption":"Apple Touch Icon"},"image":{"@id":"https:\/\/www.iphone-ticker.de\/apple-lernt-dazu-erste-zeitumstellung-seit-zwei-jahren-ohne-wecker-probleme-39931\/#organizationLogo"},"sameAs":["https:\/\/facebook.com\/ifun.de","https:\/\/x.com\/iphoneticker"]},{"@type":"Person","@id":"https:\/\/www.iphone-ticker.de\/author\/admin\/#author","url":"https:\/\/www.iphone-ticker.de\/author\/admin\/","name":"Nicolas"},{"@type":"WebPage","@id":"https:\/\/www.iphone-ticker.de\/apple-lernt-dazu-erste-zeitumstellung-seit-zwei-jahren-ohne-wecker-probleme-39931\/#webpage","url":"https:\/\/www.iphone-ticker.de\/apple-lernt-dazu-erste-zeitumstellung-seit-zwei-jahren-ohne-wecker-probleme-39931\/","name":"Apple lernt dazu: Erste Zeitumstellung seit zwei Jahren ohne Wecker-Probleme | iphone-ticker.de","description":"Wir hatten es ja fast schon nicht mehr f\u00fcr m\u00f6glich gehalten. Ohne Unterbrechung k\u00e4mpft Apple seit 2010 mit dem iOS-Wecker und der Zeitumstellung. Regelm\u00e4\u00dfig wurden gesetzte Alarm-Zeiten in den vergangenen Jahren ignoriert, sich wiederholende Weck-Einstellungen zur\u00fcckgesetzt oder einfach \u00fcberflogen. Mit dem Wechsel in die Winterzeit 2012 hat Apple jetzt das erste mal seit gut zwei","inLanguage":"de-DE","isPartOf":{"@id":"https:\/\/www.iphone-ticker.de\/#website"},"breadcrumb":{"@id":"https:\/\/www.iphone-ticker.de\/apple-lernt-dazu-erste-zeitumstellung-seit-zwei-jahren-ohne-wecker-probleme-39931\/#breadcrumblist"},"author":{"@id":"https:\/\/www.iphone-ticker.de\/author\/admin\/#author"},"creator":{"@id":"https:\/\/www.iphone-ticker.de\/author\/admin\/#author"},"image":{"@type":"ImageObject","url":"https:\/\/images.iphone-ticker.de\/wp-content\/uploads\/2012\/10\/berlin.jpg","@id":"https:\/\/www.iphone-ticker.de\/apple-lernt-dazu-erste-zeitumstellung-seit-zwei-jahren-ohne-wecker-probleme-39931\/#mainImage","width":464,"height":186},"primaryImageOfPage":{"@id":"https:\/\/www.iphone-ticker.de\/apple-lernt-dazu-erste-zeitumstellung-seit-zwei-jahren-ohne-wecker-probleme-39931\/#mainImage"},"datePublished":"2012-10-29T08:49:45+01:00","dateModified":"2012-10-29T08:49:45+01:00"},{"@type":"WebSite","@id":"https:\/\/www.iphone-ticker.de\/#website","url":"https:\/\/www.iphone-ticker.de\/","name":"iphone-ticker.de","description":"Alles zum iPhone. Seit 2007.","inLanguage":"de-DE","publisher":{"@id":"https:\/\/www.iphone-ticker.de\/#organization"}}]},"og:locale":"de_DE","og:site_name":"iphone-ticker.de | Alles zum iPhone. Seit 2007.","og:type":"article","og:title":"Apple lernt dazu: Erste Zeitumstellung seit zwei Jahren ohne Wecker-Probleme | iphone-ticker.de","og:description":"Wir hatten es ja fast schon nicht mehr f\u00fcr m\u00f6glich gehalten. Ohne Unterbrechung k\u00e4mpft Apple seit 2010 mit dem iOS-Wecker und der Zeitumstellung. Regelm\u00e4\u00dfig wurden gesetzte Alarm-Zeiten in den vergangenen Jahren ignoriert, sich wiederholende Weck-Einstellungen zur\u00fcckgesetzt oder einfach \u00fcberflogen. Mit dem Wechsel in die Winterzeit 2012 hat Apple jetzt das erste mal seit gut zwei","og:url":"https:\/\/www.iphone-ticker.de\/apple-lernt-dazu-erste-zeitumstellung-seit-zwei-jahren-ohne-wecker-probleme-39931\/","article:published_time":"2012-10-29T07:49:45+00:00","article:modified_time":"2012-10-29T07:49:45+00:00","article:publisher":"https:\/\/facebook.com\/ifun.de","twitter:card":"summary_large_image","twitter:site":"@iphoneticker","twitter:title":"Apple lernt dazu: Erste Zeitumstellung seit zwei Jahren ohne Wecker-Probleme | iphone-ticker.de","twitter:description":"Wir hatten es ja fast schon nicht mehr f\u00fcr m\u00f6glich gehalten. Ohne Unterbrechung k\u00e4mpft Apple seit 2010 mit dem iOS-Wecker und der Zeitumstellung. Regelm\u00e4\u00dfig wurden gesetzte Alarm-Zeiten in den vergangenen Jahren ignoriert, sich wiederholende Weck-Einstellungen zur\u00fcckgesetzt oder einfach \u00fcberflogen. Mit dem Wechsel in die Winterzeit 2012 hat Apple jetzt das erste mal seit gut zwei","twitter:creator":"@iphoneticker"},"aioseo_meta_data":{"post_id":"39931","title":null,"description":null,"keywords":null,"keyphrases":null,"primary_term":null,"canonical_url":null,"og_title":null,"og_description":null,"og_object_type":"default","og_image_type":"default","og_image_url":null,"og_image_width":null,"og_image_height":null,"og_image_custom_url":null,"og_image_custom_fields":null,"og_video":null,"og_custom_url":null,"og_article_section":null,"og_article_tags":null,"twitter_use_og":false,"twitter_card":"default","twitter_image_type":"default","twitter_image_url":null,"twitter_image_custom_url":null,"twitter_image_custom_fields":null,"twitter_title":null,"twitter_description":null,"schema":{"blockGraphs":[],"customGraphs":[],"default":{"data":{"Article":[],"Course":[],"Dataset":[],"FAQPage":[],"Movie":[],"Person":[],"Product":[],"ProductReview":[],"Car":[],"Recipe":[],"Service":[],"SoftwareApplication":[],"WebPage":[]},"graphName":"NewsArticle","isEnabled":true},"graphs":[]},"schema_type":"default","schema_type_options":null,"pillar_content":false,"robots_default":true,"robots_noindex":false,"robots_noarchive":false,"robots_nosnippet":false,"robots_nofollow":false,"robots_noimageindex":false,"robots_noodp":false,"robots_notranslate":false,"robots_max_snippet":null,"robots_max_videopreview":null,"robots_max_imagepreview":"large","priority":null,"frequency":null,"local_seo":null,"seo_analyzer_scan_date":"2026-07-01 14:45:47","breadcrumb_settings":null,"limit_modified_date":false,"open_ai":null,"ai":null,"created":"2026-02-19 19:42:24","updated":"2026-07-01 14:45:47","focus_keyword":null,"additional_keywords":null,"truseo_locale":null},"aioseo_breadcrumb":"<div class=\"aioseo-breadcrumbs\"><span class=\"aioseo-breadcrumb\">\n\t<a href=\"https:\/\/www.iphone-ticker.de\" title=\"Home\">Home<\/a>\n<\/span><span class=\"aioseo-breadcrumb-separator\">\u00bb<\/span><span class=\"aioseo-breadcrumb\">\n\t<a href=\"https:\/\/www.iphone-ticker.de\/category\/ios\/\" title=\"iOS\">iOS<\/a>\n<\/span><span class=\"aioseo-breadcrumb-separator\">\u00bb<\/span><span class=\"aioseo-breadcrumb\">\n\tApple lernt dazu: Erste Zeitumstellung seit zwei Jahren ohne Wecker-Probleme\n<\/span><\/div>","aioseo_breadcrumb_json":[{"label":"Home","link":"https:\/\/www.iphone-ticker.de"},{"label":"iOS","link":"https:\/\/www.iphone-ticker.de\/category\/ios\/"},{"label":"Apple lernt dazu: Erste Zeitumstellung seit zwei Jahren ohne Wecker-Probleme","link":"https:\/\/www.iphone-ticker.de\/apple-lernt-dazu-erste-zeitumstellung-seit-zwei-jahren-ohne-wecker-probleme-39931\/"}],"rest_api_enabler":[],"_links":{"self":[{"href":"https:\/\/www.iphone-ticker.de\/apiv2\/wp\/v2\/posts\/39931","targetHints":{"allow":["GET"]}}],"collection":[{"href":"https:\/\/www.iphone-ticker.de\/apiv2\/wp\/v2\/posts"}],"about":[{"href":"https:\/\/www.iphone-ticker.de\/apiv2\/wp\/v2\/types\/post"}],"author":[{"embeddable":true,"href":"https:\/\/www.iphone-ticker.de\/apiv2\/wp\/v2\/users\/1"}],"replies":[{"embeddable":true,"href":"https:\/\/www.iphone-ticker.de\/apiv2\/wp\/v2\/comments?post=39931"}],"version-history":[{"count":1,"href":"https:\/\/www.iphone-ticker.de\/apiv2\/wp\/v2\/posts\/39931\/revisions"}],"predecessor-version":[{"id":39933,"href":"https:\/\/www.iphone-ticker.de\/apiv2\/wp\/v2\/posts\/39931\/revisions\/39933"}],"wp:featuredmedia":[{"embeddable":true,"href":"https:\/\/www.iphone-ticker.de\/apiv2\/wp\/v2\/media\/39932"}],"wp:attachment":[{"href":"https:\/\/www.iphone-ticker.de\/apiv2\/wp\/v2\/media?parent=39931"}],"wp:term":[{"taxonomy":"category","embeddable":true,"href":"https:\/\/www.iphone-ticker.de\/apiv2\/wp\/v2\/categories?post=39931"},{"taxonomy":"post_tag","embeddable":true,"href":"https:\/\/www.iphone-ticker.de\/apiv2\/wp\/v2\/tags?post=39931"}],"curies":[{"name":"wp","href":"https:\/\/api.w.org\/{rel}","templated":true}]}}