{"id":3987,"date":"2008-09-18T09:05:06","date_gmt":"2008-09-18T07:05:06","guid":{"rendered":"http:\/\/www.iphone-ticker.de\/2008\/09\/18\/iphone-integration-im-neuen-mini\/"},"modified":"2008-09-18T09:05:06","modified_gmt":"2008-09-18T07:05:06","slug":"iphone-integration-im-neuen-mini","status":"publish","type":"post","link":"https:\/\/www.iphone-ticker.de\/iphone-integration-im-neuen-mini-3987\/","title":{"rendered":"iPhone-Integration im neuen Mini"},"content":{"rendered":"<p><img src='http:\/\/www.iphone-ticker.de\/wp-content\/uploads\/2008\/09\/ipym.jpg' alt='ipym.jpg' align=\"right\" \/>Gegen einen vom Modell und der Austattung (Navi-Bildschirm usw.) abh\u00e4ngigen Aufpreis bietet Mini eine iPhone-Integration mit Freisprechfunktion und Zugriff aufs Adressbuch sowie die Anruflisten an. Das iPhone wird in eine Ladeschale mit Anschluss f\u00fcr eine externe Antenne in der Mittelkonsole eingesetzt und \u00fcber Bluetooth mit der Freisprecheinrichtung verbunden. Die Bedienung kann entweder \u00fcber \u00fcber einen kleine Drehknopf in der Mittelkonsole oder \u00fcber optionale Lenkradtasten erfolgen, die Men\u00fcf\u00fchrung erschien uns im Kurztest jedoch ausgesprochen gew\u00f6hnungsbed\u00fcrftig (selbst der Pr\u00e4sentator hatte seine M\u00fche, das Adressbuch zu finden\u2026).<\/p>\n<p>Musik vom iPod l\u00e4sst sich nur durch ein ebenfalls gegen Aufpreis erh\u00e4ltliches, zus\u00e4tzliches Verbindungskabel abspielen. Wer konkretes Interesse hat, l\u00f6chert also am besten seinen Mini-H\u00e4ndler und l\u00e4sst sich alles komplett anbieten.<\/p>\n<p>Ein paar Bilder seht ihr nach dem Klick oder in unserer <a href=\"http:\/\/flickr.com\/photos\/ifun\/sets\/72157607352337990\/\">Flickr-Galerie<\/a>.<br \/>\n<!--more--><br \/>\n<center><object width=\"500\" height=\"500\" align=\"middle\"><param name=\"FlashVars\" VALUE=\"ids=72157607352337990&#038;names=iPod your Mini&#038;userName=ifun.de&#038;userId=7388599@N08&#038;titles=on&#038;source=sets&#038;titles=on&#038;displayNotes=on&#038;thumbAutoHide=off&#038;imageSize=medium&#038;vAlign=mid&#038;displayZoom=off&#038;vertOffset=0&#038;initialScale=off&#038;bgAlpha=80\"><\/param><param name=\"PictoBrowser\" value=\"http:\/\/www.db798.com\/pictobrowser.swf\"><\/param><param name=\"scale\" value=\"noscale\"><\/param><param name=\"bgcolor\" value=\"#DDDDDD\"><\/param><div class=\"responsive-video\"><embed src=\"http:\/\/www.db798.com\/pictobrowser.swf\" FlashVars=\"ids=72157607352337990&#038;names=iPod your Mini&#038;userName=ifun.de&#038;userId=7388599@N08&#038;titles=on&#038;source=sets&#038;titles=on&#038;displayNotes=on&#038;thumbAutoHide=off&#038;imageSize=medium&#038;vAlign=mid&#038;displayZoom=off&#038;vertOffset=0&#038;initialScale=off&#038;bgAlpha=80\" loop=\"false\" scale=\"noscale\" bgcolor=\"#DDDDDD\" width=\"500\" height=\"500\" name=\"PictoBrowser\" align=\"middle\"><\/embed><\/div><\/object><\/center><\/p>\n","protected":false},"excerpt":{"rendered":"<a href=\"https:\/\/www.iphone-ticker.de\/iphone-integration-im-neuen-mini-3987\/\"><img width=\"150\" height=\"87\" src=\"https:\/\/images.iphone-ticker.de\/wp-content\/uploads\/2008\/09\/ipym.jpg\" class=\"alignright tfe wp-post-image\" alt=\"\" decoding=\"async\" loading=\"lazy\" \/><\/a><p>Gegen einen vom Modell und der Austattung (Navi-Bildschirm usw.) abh\u00e4ngigen Aufpreis bietet Mini eine iPhone-Integration mit Freisprechfunktion und Zugriff aufs Adressbuch sowie die Anruflisten an. Das iPhone wird in eine Ladeschale mit Anschluss f\u00fcr eine externe Antenne in der Mittelkonsole eingesetzt und \u00fcber Bluetooth mit der Freisprecheinrichtung verbunden. Die Bedienung kann entweder \u00fcber \u00fcber einen [&hellip;]<\/p>\n","protected":false},"author":2,"featured_media":3986,"comment_status":"open","ping_status":"open","sticky":false,"template":"","format":"standard","meta":{"footnotes":""},"categories":[1],"tags":[35,203,308],"class_list":["post-3987","post","type-post","status-publish","format-standard","has-post-thumbnail","hentry","category-news","tag-auto","tag-freisprecheinrichtung","tag-mini"],"aioseo_notices":[],"rest_api_enabler":[],"_links":{"self":[{"href":"https:\/\/www.iphone-ticker.de\/apiv2\/wp\/v2\/posts\/3987","targetHints":{"allow":["GET"]}}],"collection":[{"href":"https:\/\/www.iphone-ticker.de\/apiv2\/wp\/v2\/posts"}],"about":[{"href":"https:\/\/www.iphone-ticker.de\/apiv2\/wp\/v2\/types\/post"}],"author":[{"embeddable":true,"href":"https:\/\/www.iphone-ticker.de\/apiv2\/wp\/v2\/users\/2"}],"replies":[{"embeddable":true,"href":"https:\/\/www.iphone-ticker.de\/apiv2\/wp\/v2\/comments?post=3987"}],"version-history":[{"count":0,"href":"https:\/\/www.iphone-ticker.de\/apiv2\/wp\/v2\/posts\/3987\/revisions"}],"wp:featuredmedia":[{"embeddable":true,"href":"https:\/\/www.iphone-ticker.de\/apiv2\/wp\/v2\/media\/3986"}],"wp:attachment":[{"href":"https:\/\/www.iphone-ticker.de\/apiv2\/wp\/v2\/media?parent=3987"}],"wp:term":[{"taxonomy":"category","embeddable":true,"href":"https:\/\/www.iphone-ticker.de\/apiv2\/wp\/v2\/categories?post=3987"},{"taxonomy":"post_tag","embeddable":true,"href":"https:\/\/www.iphone-ticker.de\/apiv2\/wp\/v2\/tags?post=3987"}],"curies":[{"name":"wp","href":"https:\/\/api.w.org\/{rel}","templated":true}]}}