{"id":38373,"date":"2012-09-17T09:00:56","date_gmt":"2012-09-17T07:00:56","guid":{"rendered":"http:\/\/www.iphone-ticker.de\/?p=38373"},"modified":"2012-09-17T09:00:56","modified_gmt":"2012-09-17T07:00:56","slug":"iphone-verkaufsstart-apple-store-schlang","status":"publish","type":"post","link":"https:\/\/www.iphone-ticker.de\/iphone-verkaufsstart-apple-store-schlang-38373\/","title":{"rendered":"iPhone-Verkaufsstart: Erste Schlangesteher in New York &#8211; wann geht ihr zum Apple Store?"},"content":{"rendered":"<p>Bis zum iPhone-Verkaufsstart am Freitag sind es zwar noch vier volle Tage, die scheint aber einen Teil der Kaufwilligen nicht abzuschrecken. In New York hat sich bereits eine kleine Schlange vor dem Apple Store an der 5th Avenue gebildet. Nat\u00fcrlich geht es hier mit Sicherheit auch um Party und Selbstdarstellung, aber die vom US-Magazin <a href=\"http:\/\/tech.fortune.cnn.com\/2012\/09\/16\/iphone-5-customers-in-the-big-apple-camp-out-8-days-early\/\">Fortune<\/a> gez\u00e4hlten ersten sechs Schlangesteher scheinen es durchaus ernst zu meinen.<\/p>\n<p><img loading=\"lazy\" decoding=\"async\" src=\"http:\/\/www.iphone-ticker.de\/wp-content\/uploads\/2012\/09\/new-york-schlange.jpg\" alt=\"\" title=\"new-york-schlange\" width=\"464\" height=\"293\" class=\"alignnone size-full wp-image-38374\" srcset=\"https:\/\/images.iphone-ticker.de\/wp-content\/uploads\/2012\/09\/new-york-schlange.jpg 464w, https:\/\/images.iphone-ticker.de\/wp-content\/uploads\/2012\/09\/new-york-schlange-300x189.jpg 300w\" sizes=\"auto, (max-width: 464px) 100vw, 464px\" \/><\/p>\n<p>Uns haben bereits etliche Zuschriften von Lesern erreicht, die sich unsicher sind wann es hierzulande losgeht. Im letzten Jahr haben sich in Deutschland die ersten willigen iPhone-K\u00e4ufer teils mit Zelten bewaffnet bereits am Vorabend des Verkaufsstarts vor den Apple Stores eingefunden. <\/p>\n<p>Habt ihr schon Pl\u00e4ne f\u00fcr dieses Jahr? Falls ja, nutzt die Kommentare um euch zu verabreden. Interessant f\u00fcr einige Leser w\u00e4re auch, ob sich noch jemand daran erinnert wie es letztes Jahr mit den Reservierungstickets lief &#8211; wurde da die gew\u00fcnschte Geh\u00e4usefarbe bereits im Vorfeld vermerkt, oder blieb die Farbwahl noch offen?<\/p>\n","protected":false},"excerpt":{"rendered":"<a href=\"https:\/\/www.iphone-ticker.de\/iphone-verkaufsstart-apple-store-schlang-38373\/\"><img width=\"150\" height=\"95\" src=\"https:\/\/images.iphone-ticker.de\/wp-content\/uploads\/2012\/09\/new-york-schlange.jpg\" class=\"alignright tfe wp-post-image\" alt=\"\" decoding=\"async\" loading=\"lazy\" srcset=\"https:\/\/images.iphone-ticker.de\/wp-content\/uploads\/2012\/09\/new-york-schlange.jpg 464w, https:\/\/images.iphone-ticker.de\/wp-content\/uploads\/2012\/09\/new-york-schlange-300x189.jpg 300w\" sizes=\"auto, (max-width: 150px) 100vw, 150px\" \/><\/a><p>Bis zum iPhone-Verkaufsstart am Freitag sind es zwar noch vier volle Tage, die scheint aber einen Teil der Kaufwilligen nicht abzuschrecken. In New York hat sich bereits eine kleine Schlange vor dem Apple Store an der 5th Avenue gebildet. Nat\u00fcrlich geht es hier mit Sicherheit auch um Party und Selbstdarstellung, aber die vom US-Magazin Fortune [&hellip;]<\/p>\n","protected":false},"author":2,"featured_media":38374,"comment_status":"open","ping_status":"closed","sticky":false,"template":"","format":"standard","meta":{"footnotes":""},"categories":[14],"tags":[200,737,99,947],"class_list":["post-38373","post","type-post","status-publish","format-standard","has-post-thumbnail","hentry","category-apple","tag-apple-store","tag-iphone-5","tag-new-york","tag-verkaufsstart"],"aioseo_notices":[],"rest_api_enabler":[],"_links":{"self":[{"href":"https:\/\/www.iphone-ticker.de\/apiv2\/wp\/v2\/posts\/38373","targetHints":{"allow":["GET"]}}],"collection":[{"href":"https:\/\/www.iphone-ticker.de\/apiv2\/wp\/v2\/posts"}],"about":[{"href":"https:\/\/www.iphone-ticker.de\/apiv2\/wp\/v2\/types\/post"}],"author":[{"embeddable":true,"href":"https:\/\/www.iphone-ticker.de\/apiv2\/wp\/v2\/users\/2"}],"replies":[{"embeddable":true,"href":"https:\/\/www.iphone-ticker.de\/apiv2\/wp\/v2\/comments?post=38373"}],"version-history":[{"count":2,"href":"https:\/\/www.iphone-ticker.de\/apiv2\/wp\/v2\/posts\/38373\/revisions"}],"predecessor-version":[{"id":38376,"href":"https:\/\/www.iphone-ticker.de\/apiv2\/wp\/v2\/posts\/38373\/revisions\/38376"}],"wp:featuredmedia":[{"embeddable":true,"href":"https:\/\/www.iphone-ticker.de\/apiv2\/wp\/v2\/media\/38374"}],"wp:attachment":[{"href":"https:\/\/www.iphone-ticker.de\/apiv2\/wp\/v2\/media?parent=38373"}],"wp:term":[{"taxonomy":"category","embeddable":true,"href":"https:\/\/www.iphone-ticker.de\/apiv2\/wp\/v2\/categories?post=38373"},{"taxonomy":"post_tag","embeddable":true,"href":"https:\/\/www.iphone-ticker.de\/apiv2\/wp\/v2\/tags?post=38373"}],"curies":[{"name":"wp","href":"https:\/\/api.w.org\/{rel}","templated":true}]}}