{"id":38081,"date":"2012-09-10T11:29:52","date_gmt":"2012-09-10T09:29:52","guid":{"rendered":"http:\/\/www.iphone-ticker.de\/?p=38081"},"modified":"2012-09-10T11:29:52","modified_gmt":"2012-09-10T09:29:52","slug":"apple-stores-schliesen-heute-fruher-bilder-von-der-berliner-baustelle","status":"publish","type":"post","link":"https:\/\/www.iphone-ticker.de\/apple-stores-schliesen-heute-fruher-bilder-von-der-berliner-baustelle-38081\/","title":{"rendered":"Apple Stores schlie\u00dfen heute fr\u00fcher &#8211; Bilder von der Berliner Baustelle"},"content":{"rendered":"<p>Wer sich heute noch schnell <a href=\"http:\/\/aos.prf.hn\/click\/camref:ihXz\/pubref:304961\/destination:http:\/\/store.apple.com\/de\/browse\/home\/shop_iphone\/family\/iphone\/iphone3gs\">ein iPhone 3GS<\/a> sichern m\u00f6chte &#8211; die Zukunft des \u00e4ltesten Ger\u00e4te-Kandidaten im Apple Lineup ist zur Zeit mehr als ungewiss &#8211; sollte sich in den Nachmittagsstunden etwas sputen. Zwei Tage vor dem angek\u00fcndigten Apple Event am 12. September schlie\u00dfen die deutschen Apple Store-Filialen heute zwei Stunden fr\u00fcher als gewohnt. <\/p>\n<p><img loading=\"lazy\" decoding=\"async\" src=\"http:\/\/www.iphone-ticker.de\/wp-content\/uploads\/2012\/09\/apple-store-oeffnungszeiten.jpg\" alt=\"\" title=\"apple-store-oeffnungszeiten\" width=\"464\" height=\"148\" class=\"aligncenter size-full wp-image-38082\" srcset=\"https:\/\/images.iphone-ticker.de\/wp-content\/uploads\/2012\/09\/apple-store-oeffnungszeiten.jpg 464w, https:\/\/images.iphone-ticker.de\/wp-content\/uploads\/2012\/09\/apple-store-oeffnungszeiten-300x95.jpg 300w\" sizes=\"auto, (max-width: 464px) 100vw, 464px\" \/><\/p>\n<p>So schlie\u00dfen sich die T\u00fcren in der <a href=\"http:\/\/www.apple.com\/de\/retail\/rosenstrasse\/#retail\/rosenstrasse\/oeffnungszeiten\">Rosenstra\u00dfe in M\u00fcnchen<\/a> heute schon um 18 Uhr statt wie gewohnt zwei Stunden sp\u00e4ter. Die N\u00e4he zum 12. September l\u00e4sst eine Store-interne Vorbereitung auf die Filial-Neuzug\u00e4nge wahrscheinlich erscheinen. <\/p>\n<p>Die mitlesenden Berliner d\u00fcrfen die ge\u00e4nderten Laden\u00f6ffnungszeiten heute getrost ignorieren. Der Hauptstadt-Store in der City West ist noch immer von einem schwarzen Sichtschutz verdeckt, den &#8222;<a href=\"http:\/\/nbwolf.blogspot.de\/\">nbwolf<\/a>&#8220; heute f\u00fcr uns abgelichtet hat. Das Highlight der Foto-Strecke: Der iKorb-Hinweis auf die iPhone App (<a rel=\"noindex, nofollow\" href=\"http:\/\/www.ifun.de\/app\/510910166\">AppStore-Link<\/a>) der Berliner Stadtreinigung. <\/p>\n<p><a href=\"http:\/\/www.iphone-ticker.de\/wp-content\/uploads\/2012\/09\/Apple-Store-Berlin-1.jpeg\"><img loading=\"lazy\" decoding=\"async\" src=\"http:\/\/www.iphone-ticker.de\/wp-content\/uploads\/2012\/09\/Apple-Store-Berlin-1-klein.jpg\" alt=\"\" title=\"Apple-Store-Berlin-1-klein\" width=\"464\" height=\"302\" class=\"aligncenter size-full wp-image-38084\" srcset=\"https:\/\/images.iphone-ticker.de\/wp-content\/uploads\/2012\/09\/Apple-Store-Berlin-1-klein.jpg 464w, https:\/\/images.iphone-ticker.de\/wp-content\/uploads\/2012\/09\/Apple-Store-Berlin-1-klein-300x195.jpg 300w\" sizes=\"auto, (max-width: 464px) 100vw, 464px\" \/><\/a><\/p>\n<p><!--more--><\/p>\n<p><a href=\"http:\/\/www.iphone-ticker.de\/wp-content\/uploads\/2012\/09\/Apple-Store-Berlin-2.jpeg\"><img loading=\"lazy\" decoding=\"async\" src=\"http:\/\/www.iphone-ticker.de\/wp-content\/uploads\/2012\/09\/Apple-Store-Berlin-2-klein.jpg\" alt=\"\" title=\"Apple-Store-Berlin-2-klein\" width=\"464\" height=\"348\" class=\"aligncenter size-full wp-image-38086\" srcset=\"https:\/\/images.iphone-ticker.de\/wp-content\/uploads\/2012\/09\/Apple-Store-Berlin-2-klein.jpg 464w, https:\/\/images.iphone-ticker.de\/wp-content\/uploads\/2012\/09\/Apple-Store-Berlin-2-klein-300x225.jpg 300w\" sizes=\"auto, (max-width: 464px) 100vw, 464px\" \/><\/a><\/p>\n<p><a href=\"http:\/\/www.iphone-ticker.de\/wp-content\/uploads\/2012\/09\/Apple-Store-Berlin-3.jpeg\"><img loading=\"lazy\" decoding=\"async\" src=\"http:\/\/www.iphone-ticker.de\/wp-content\/uploads\/2012\/09\/Apple-Store-Berlin-3-klein.jpg\" alt=\"\" title=\"Apple-Store-Berlin-3-klein\" width=\"464\" height=\"348\" class=\"aligncenter size-full wp-image-38088\" srcset=\"https:\/\/images.iphone-ticker.de\/wp-content\/uploads\/2012\/09\/Apple-Store-Berlin-3-klein.jpg 464w, https:\/\/images.iphone-ticker.de\/wp-content\/uploads\/2012\/09\/Apple-Store-Berlin-3-klein-300x225.jpg 300w\" sizes=\"auto, (max-width: 464px) 100vw, 464px\" \/><\/a><\/p>\n<p><a href=\"http:\/\/www.iphone-ticker.de\/wp-content\/uploads\/2012\/09\/Apple-Store-Berlin-4.jpeg\"><img loading=\"lazy\" decoding=\"async\" src=\"http:\/\/www.iphone-ticker.de\/wp-content\/uploads\/2012\/09\/Apple-Store-Berlin-4-klein.jpg\" alt=\"\" title=\"Apple-Store-Berlin-4-klein\" width=\"464\" height=\"619\" class=\"aligncenter size-full wp-image-38090\" srcset=\"https:\/\/images.iphone-ticker.de\/wp-content\/uploads\/2012\/09\/Apple-Store-Berlin-4-klein.jpg 464w, https:\/\/images.iphone-ticker.de\/wp-content\/uploads\/2012\/09\/Apple-Store-Berlin-4-klein-224x300.jpg 224w\" sizes=\"auto, (max-width: 464px) 100vw, 464px\" \/><\/a><\/p>\n","protected":false},"excerpt":{"rendered":"<a href=\"https:\/\/www.iphone-ticker.de\/apple-stores-schliesen-heute-fruher-bilder-von-der-berliner-baustelle-38081\/\"><img width=\"150\" height=\"48\" src=\"https:\/\/images.iphone-ticker.de\/wp-content\/uploads\/2012\/09\/apple-store-oeffnungszeiten.jpg\" class=\"alignright tfe wp-post-image\" alt=\"\" decoding=\"async\" loading=\"lazy\" srcset=\"https:\/\/images.iphone-ticker.de\/wp-content\/uploads\/2012\/09\/apple-store-oeffnungszeiten.jpg 464w, https:\/\/images.iphone-ticker.de\/wp-content\/uploads\/2012\/09\/apple-store-oeffnungszeiten-300x95.jpg 300w\" sizes=\"auto, (max-width: 150px) 100vw, 150px\" \/><\/a><p>Wer sich heute noch schnell ein iPhone 3GS sichern m\u00f6chte &#8211; die Zukunft des \u00e4ltesten Ger\u00e4te-Kandidaten im Apple Lineup ist zur Zeit mehr als ungewiss &#8211; sollte sich in den Nachmittagsstunden etwas sputen. Zwei Tage vor dem angek\u00fcndigten Apple Event am 12. September schlie\u00dfen die deutschen Apple Store-Filialen heute zwei Stunden fr\u00fcher als gewohnt. So [&hellip;]<\/p>\n","protected":false},"author":1,"featured_media":38082,"comment_status":"open","ping_status":"closed","sticky":false,"template":"","format":"standard","meta":{"footnotes":""},"categories":[14],"tags":[3912,200,319,10],"class_list":["post-38081","post","type-post","status-publish","format-standard","has-post-thumbnail","hentry","category-apple","tag-apple","tag-apple-store","tag-berlin","tag-bilder"],"aioseo_notices":[],"rest_api_enabler":[],"_links":{"self":[{"href":"https:\/\/www.iphone-ticker.de\/apiv2\/wp\/v2\/posts\/38081","targetHints":{"allow":["GET"]}}],"collection":[{"href":"https:\/\/www.iphone-ticker.de\/apiv2\/wp\/v2\/posts"}],"about":[{"href":"https:\/\/www.iphone-ticker.de\/apiv2\/wp\/v2\/types\/post"}],"author":[{"embeddable":true,"href":"https:\/\/www.iphone-ticker.de\/apiv2\/wp\/v2\/users\/1"}],"replies":[{"embeddable":true,"href":"https:\/\/www.iphone-ticker.de\/apiv2\/wp\/v2\/comments?post=38081"}],"version-history":[{"count":1,"href":"https:\/\/www.iphone-ticker.de\/apiv2\/wp\/v2\/posts\/38081\/revisions"}],"predecessor-version":[{"id":38091,"href":"https:\/\/www.iphone-ticker.de\/apiv2\/wp\/v2\/posts\/38081\/revisions\/38091"}],"wp:featuredmedia":[{"embeddable":true,"href":"https:\/\/www.iphone-ticker.de\/apiv2\/wp\/v2\/media\/38082"}],"wp:attachment":[{"href":"https:\/\/www.iphone-ticker.de\/apiv2\/wp\/v2\/media?parent=38081"}],"wp:term":[{"taxonomy":"category","embeddable":true,"href":"https:\/\/www.iphone-ticker.de\/apiv2\/wp\/v2\/categories?post=38081"},{"taxonomy":"post_tag","embeddable":true,"href":"https:\/\/www.iphone-ticker.de\/apiv2\/wp\/v2\/tags?post=38081"}],"curies":[{"name":"wp","href":"https:\/\/api.w.org\/{rel}","templated":true}]}}