{"id":38069,"date":"2012-09-10T09:11:33","date_gmt":"2012-09-10T07:11:33","guid":{"rendered":"http:\/\/www.iphone-ticker.de\/?p=38069"},"modified":"2012-09-10T16:25:17","modified_gmt":"2012-09-10T14:25:17","slug":"apples-neues-dock-anschluss-grosenvergleich-mit-micro-usb","status":"publish","type":"post","link":"https:\/\/www.iphone-ticker.de\/apples-neues-dock-anschluss-grosenvergleich-mit-micro-usb-38069\/","title":{"rendered":"Apples neuer Dock-Connector: Gr\u00f6\u00dfenvergleich mit Micro-USB"},"content":{"rendered":"<p>Nach den leicht <a href=\"http:\/\/www.iphone-ticker.de\/kabel-kleiner-dockanschluss-iphone-37370\/\">verwackelten Makro-Aufnahmen<\/a> des kleinen Dock-Connector Kabels sind am Wochenende nun die ersten hochaufl\u00f6senden Schnappsch\u00fcsse des kleineren Lade- und Synchronisations-Kabels <a href=\"http:\/\/www.nowhereelse.fr\/cable-usb-nouvel-iphone-5-70654\/\">aufgetaucht<\/a>. Vor allem das ebenfalls abgelichtete Micro-USB-Kabel erlaubt nun erstmals den ungef\u00e4hren-Gr\u00f6\u00dfenvergleich des kleinen Dock-Anschlusses. <\/p>\n<p><img loading=\"lazy\" decoding=\"async\" src=\"http:\/\/www.iphone-ticker.de\/wp-content\/uploads\/2012\/09\/dock-kabel-0.jpg\" alt=\"\" title=\"dock-kabel-0\" width=\"464\" height=\"246\" class=\"aligncenter size-full wp-image-38070\" srcset=\"https:\/\/images.iphone-ticker.de\/wp-content\/uploads\/2012\/09\/dock-kabel-0.jpg 464w, https:\/\/images.iphone-ticker.de\/wp-content\/uploads\/2012\/09\/dock-kabel-0-300x159.jpg 300w\" sizes=\"auto, (max-width: 464px) 100vw, 464px\" \/><\/p>\n<p>Den bisherigen Informationen nach, hat Apple beide Seiten des Kabels synchron belegt und erm\u00f6glicht so die Ger\u00e4te ohne R\u00fccksicht auf die Ausrichtung des Kabels anzuschlie\u00dfen. Auf ein &#8222;Oben&#8220; und ein &#8222;Unten&#8220; muss beim kleineren Dock-Stecker zuk\u00fcnftig nicht mehr geachtet werden. <\/p>\n<p>Wahrscheinlich d\u00fcrfte 9-Pin-Anschluss intern \u00fcber USB 3.0 kommunizieren und damit kompatibel zu Apples USB 3.0 Ports am Macbook Pro und am MacBook Air sein, die erst Anfang des Jahres eingef\u00fchrt wurden. <\/p>\n<p><img loading=\"lazy\" decoding=\"async\" src=\"http:\/\/www.iphone-ticker.de\/wp-content\/uploads\/2012\/09\/dock-anschluss-1.jpg\" alt=\"\" title=\"dock-anschluss-1\" width=\"464\" height=\"235\" class=\"aligncenter size-full wp-image-38071\" srcset=\"https:\/\/images.iphone-ticker.de\/wp-content\/uploads\/2012\/09\/dock-anschluss-1.jpg 464w, https:\/\/images.iphone-ticker.de\/wp-content\/uploads\/2012\/09\/dock-anschluss-1-300x151.jpg 300w\" sizes=\"auto, (max-width: 464px) 100vw, 464px\" \/><\/p>\n","protected":false},"excerpt":{"rendered":"<a href=\"https:\/\/www.iphone-ticker.de\/apples-neues-dock-anschluss-grosenvergleich-mit-micro-usb-38069\/\"><img width=\"150\" height=\"76\" src=\"https:\/\/images.iphone-ticker.de\/wp-content\/uploads\/2012\/09\/dock-anschluss-1.jpg\" class=\"alignright tfe wp-post-image\" alt=\"\" decoding=\"async\" loading=\"lazy\" srcset=\"https:\/\/images.iphone-ticker.de\/wp-content\/uploads\/2012\/09\/dock-anschluss-1.jpg 464w, https:\/\/images.iphone-ticker.de\/wp-content\/uploads\/2012\/09\/dock-anschluss-1-300x151.jpg 300w\" sizes=\"auto, (max-width: 150px) 100vw, 150px\" \/><\/a><p>Gr\u00f6\u00dfenvergleich mit Micro-USB<\/p>\n","protected":false},"author":1,"featured_media":38071,"comment_status":"open","ping_status":"closed","sticky":false,"template":"","format":"standard","meta":{"footnotes":""},"categories":[745,6],"tags":[3912,10,31,703,2064,258,3910],"class_list":["post-38069","post","type-post","status-publish","format-standard","has-post-thumbnail","hentry","category-featured","category-rumors","tag-apple","tag-bilder","tag-dock","tag-fotos","tag-geruechte","tag-kabel","tag-rumors"],"aioseo_notices":[],"featured_image":["http:\/\/www.iphone-ticker.de\/wp-content\/uploads\/2012\/09\/dock-stecker.png"],"rest_api_enabler":{"featured_image":"http:\/\/www.iphone-ticker.de\/wp-content\/uploads\/2012\/09\/dock-stecker.png"},"_links":{"self":[{"href":"https:\/\/www.iphone-ticker.de\/apiv2\/wp\/v2\/posts\/38069","targetHints":{"allow":["GET"]}}],"collection":[{"href":"https:\/\/www.iphone-ticker.de\/apiv2\/wp\/v2\/posts"}],"about":[{"href":"https:\/\/www.iphone-ticker.de\/apiv2\/wp\/v2\/types\/post"}],"author":[{"embeddable":true,"href":"https:\/\/www.iphone-ticker.de\/apiv2\/wp\/v2\/users\/1"}],"replies":[{"embeddable":true,"href":"https:\/\/www.iphone-ticker.de\/apiv2\/wp\/v2\/comments?post=38069"}],"version-history":[{"count":4,"href":"https:\/\/www.iphone-ticker.de\/apiv2\/wp\/v2\/posts\/38069\/revisions"}],"predecessor-version":[{"id":38114,"href":"https:\/\/www.iphone-ticker.de\/apiv2\/wp\/v2\/posts\/38069\/revisions\/38114"}],"wp:featuredmedia":[{"embeddable":true,"href":"https:\/\/www.iphone-ticker.de\/apiv2\/wp\/v2\/media\/38071"}],"wp:attachment":[{"href":"https:\/\/www.iphone-ticker.de\/apiv2\/wp\/v2\/media?parent=38069"}],"wp:term":[{"taxonomy":"category","embeddable":true,"href":"https:\/\/www.iphone-ticker.de\/apiv2\/wp\/v2\/categories?post=38069"},{"taxonomy":"post_tag","embeddable":true,"href":"https:\/\/www.iphone-ticker.de\/apiv2\/wp\/v2\/tags?post=38069"}],"curies":[{"name":"wp","href":"https:\/\/api.w.org\/{rel}","templated":true}]}}