{"id":38059,"date":"2012-09-09T09:09:16","date_gmt":"2012-09-09T07:09:16","guid":{"rendered":"http:\/\/www.iphone-ticker.de\/?p=38059"},"modified":"2012-09-09T09:09:16","modified_gmt":"2012-09-09T07:09:16","slug":"apple-yerba-buena-san-francisco-fassade-geschmueck","status":"publish","type":"post","link":"https:\/\/www.iphone-ticker.de\/apple-yerba-buena-san-francisco-fassade-geschmueck-38059\/","title":{"rendered":"Die Vorbereitungen laufen: Veranstaltungsort f\u00fcr Apples iPhone-Event zeigt sich bunt geschm\u00fcckt"},"content":{"rendered":"<p>In San Francisco zeigt sich das \u201eYerba Buena\u201c-Veranstaltungszentrum bereit f\u00fcr das Apple-Event am kommenden Mittwoch. Wie immer hat Apple die Fassade des Geb\u00e4udes ansprechend verpackt. Das Foto unten wurde von Flickr-Nutzer <a href=\"http:\/\/www.flickr.com\/photos\/moonlanding\/7960427130\/\">Ekkapong<\/a> ver\u00f6ffentlicht.<\/p>\n<p><img loading=\"lazy\" decoding=\"async\" src=\"http:\/\/www.iphone-ticker.de\/wp-content\/uploads\/2012\/09\/yerba-buena.jpg\" alt=\"\" title=\"yerba-buena\" width=\"464\" height=\"280\" class=\"alignnone size-full wp-image-38061\" srcset=\"https:\/\/images.iphone-ticker.de\/wp-content\/uploads\/2012\/09\/yerba-buena.jpg 464w, https:\/\/images.iphone-ticker.de\/wp-content\/uploads\/2012\/09\/yerba-buena-300x181.jpg 300w\" sizes=\"auto, (max-width: 464px) 100vw, 464px\" \/><\/p>\n<p>Beim Motiv der diesj\u00e4hrigen Fassadendeko handelt es sich offenbar um in die L\u00e4nge gezogene Programmsymbole von iOS, so lassen sich beispielsweise das Game Center, die iTunes-App oder die Musik-App erkennen (via <a href=\"http:\/\/www.macrumors.com\/2012\/09\/09\/yerba-buena-stretched-icon\/\">Mac Rumors<\/a>).<br \/>\nOb diese Symbolik f\u00fcr einen in die L\u00e4nge gezogenen 4\u201c-Bildschirm steht, oder schlicht andeuten soll, dass iOS abhebt, bleibt der pers\u00f6nlichen Interpretation \u00fcberlassen.<\/p>\n<p><!--more--><img loading=\"lazy\" decoding=\"async\" src=\"http:\/\/www.iphone-ticker.de\/wp-content\/uploads\/2012\/09\/symbole.jpg\" alt=\"\" title=\"symbole\" width=\"464\" height=\"174\" class=\"alignnone size-full wp-image-38060\" srcset=\"https:\/\/images.iphone-ticker.de\/wp-content\/uploads\/2012\/09\/symbole.jpg 464w, https:\/\/images.iphone-ticker.de\/wp-content\/uploads\/2012\/09\/symbole-300x112.jpg 300w\" sizes=\"auto, (max-width: 464px) 100vw, 464px\" \/><\/p>\n","protected":false},"excerpt":{"rendered":"<a href=\"https:\/\/www.iphone-ticker.de\/apple-yerba-buena-san-francisco-fassade-geschmueck-38059\/\"><img width=\"150\" height=\"56\" src=\"https:\/\/images.iphone-ticker.de\/wp-content\/uploads\/2012\/09\/symbole.jpg\" class=\"alignright tfe wp-post-image\" alt=\"\" decoding=\"async\" loading=\"lazy\" srcset=\"https:\/\/images.iphone-ticker.de\/wp-content\/uploads\/2012\/09\/symbole.jpg 464w, https:\/\/images.iphone-ticker.de\/wp-content\/uploads\/2012\/09\/symbole-300x112.jpg 300w\" sizes=\"auto, (max-width: 150px) 100vw, 150px\" \/><\/a><p>In San Francisco zeigt sich das \u201eYerba Buena\u201c-Veranstaltungszentrum bereit f\u00fcr das Apple-Event am kommenden Mittwoch. Wie immer hat Apple die Fassade des Geb\u00e4udes ansprechend verpackt. Das Foto unten wurde von Flickr-Nutzer Ekkapong ver\u00f6ffentlicht. Beim Motiv der diesj\u00e4hrigen Fassadendeko handelt es sich offenbar um in die L\u00e4nge gezogene Programmsymbole von iOS, so lassen sich beispielsweise das [&hellip;]<\/p>\n","protected":false},"author":2,"featured_media":38060,"comment_status":"open","ping_status":"closed","sticky":false,"template":"","format":"standard","meta":{"footnotes":""},"categories":[14],"tags":[1643,525,1644],"class_list":["post-38059","post","type-post","status-publish","format-standard","has-post-thumbnail","hentry","category-apple","tag-apple-event","tag-san-francisco","tag-yerba-buena"],"aioseo_notices":[],"rest_api_enabler":[],"_links":{"self":[{"href":"https:\/\/www.iphone-ticker.de\/apiv2\/wp\/v2\/posts\/38059","targetHints":{"allow":["GET"]}}],"collection":[{"href":"https:\/\/www.iphone-ticker.de\/apiv2\/wp\/v2\/posts"}],"about":[{"href":"https:\/\/www.iphone-ticker.de\/apiv2\/wp\/v2\/types\/post"}],"author":[{"embeddable":true,"href":"https:\/\/www.iphone-ticker.de\/apiv2\/wp\/v2\/users\/2"}],"replies":[{"embeddable":true,"href":"https:\/\/www.iphone-ticker.de\/apiv2\/wp\/v2\/comments?post=38059"}],"version-history":[{"count":2,"href":"https:\/\/www.iphone-ticker.de\/apiv2\/wp\/v2\/posts\/38059\/revisions"}],"predecessor-version":[{"id":38063,"href":"https:\/\/www.iphone-ticker.de\/apiv2\/wp\/v2\/posts\/38059\/revisions\/38063"}],"wp:featuredmedia":[{"embeddable":true,"href":"https:\/\/www.iphone-ticker.de\/apiv2\/wp\/v2\/media\/38060"}],"wp:attachment":[{"href":"https:\/\/www.iphone-ticker.de\/apiv2\/wp\/v2\/media?parent=38059"}],"wp:term":[{"taxonomy":"category","embeddable":true,"href":"https:\/\/www.iphone-ticker.de\/apiv2\/wp\/v2\/categories?post=38059"},{"taxonomy":"post_tag","embeddable":true,"href":"https:\/\/www.iphone-ticker.de\/apiv2\/wp\/v2\/tags?post=38059"}],"curies":[{"name":"wp","href":"https:\/\/api.w.org\/{rel}","templated":true}]}}