{"id":37856,"date":"2012-09-04T18:09:03","date_gmt":"2012-09-04T16:09:03","guid":{"rendered":"http:\/\/www.iphone-ticker.de\/?p=37856"},"modified":"2012-09-04T18:35:57","modified_gmt":"2012-09-04T16:35:57","slug":"die-einladungen-schlagen-auf-apple-event-am-12-september-bestatigt","status":"publish","type":"post","link":"https:\/\/www.iphone-ticker.de\/die-einladungen-schlagen-auf-apple-event-am-12-september-bestatigt-37856\/","title":{"rendered":"Die Einladungen schlagen auf: Apple Event am 12. September best\u00e4tigt"},"content":{"rendered":"<p>Passend zu den <a href=\"http:\/\/www.iphone-ticker.de\/vorstellung-der-neuen-iphone-generation-12-september-als-termin-im-gesprach-36500\/\">seit Wochen kursierenden<\/a> Ger\u00fcchten hat Apple heute die Einladungen f\u00fcr das bevorstehende Media Event am kommenden Mittwoch, den 12. September 2012 versandt.<\/p>\n<p>Die Veranstaltung findet im &#8222;Yerba Center for the Arts in San Francisco&#8220; um 10 Uhr Ortszeit statt. Das Motto lautet: &#8222;it\u2019s almost here&#8220;. Der Schatten \u00e4hnelt einer 5&#8230; Wir sehen die n\u00e4chste iPhone-Generation heute in acht Tagen. 344 Tage nach der Pr\u00e4sentation des iPhone 4S.<\/p>\n<p><img loading=\"lazy\" decoding=\"async\" src=\"http:\/\/www.iphone-ticker.de\/wp-content\/uploads\/2012\/09\/apple-event.jpg\" alt=\"\" title=\"apple-event\" width=\"464\" height=\"416\" class=\"aligncenter size-full wp-image-37891\" srcset=\"https:\/\/images.iphone-ticker.de\/wp-content\/uploads\/2012\/09\/apple-event.jpg 464w, https:\/\/images.iphone-ticker.de\/wp-content\/uploads\/2012\/09\/apple-event-300x268.jpg 300w\" sizes=\"auto, (max-width: 464px) 100vw, 464px\" \/><\/p>\n<p><a href=\"http:\/\/www.loopinsight.com\/2012\/09\/04\/apple-announces-special-event-for-september-12\/\">via theloop<\/a><\/p>\n","protected":false},"excerpt":{"rendered":"<a href=\"https:\/\/www.iphone-ticker.de\/die-einladungen-schlagen-auf-apple-event-am-12-september-bestatigt-37856\/\"><img width=\"150\" height=\"134\" src=\"https:\/\/images.iphone-ticker.de\/wp-content\/uploads\/2012\/09\/apple-event.jpg\" class=\"alignright tfe wp-post-image\" alt=\"\" decoding=\"async\" loading=\"lazy\" srcset=\"https:\/\/images.iphone-ticker.de\/wp-content\/uploads\/2012\/09\/apple-event.jpg 464w, https:\/\/images.iphone-ticker.de\/wp-content\/uploads\/2012\/09\/apple-event-300x268.jpg 300w\" sizes=\"auto, (max-width: 150px) 100vw, 150px\" \/><\/a><p>Passend zu den seit Wochen kursierenden Ger\u00fcchten hat Apple heute die Einladungen f\u00fcr das bevorstehende Media Event am kommenden Mittwoch, den 12. September 2012 versandt. Die Veranstaltung findet im &#8222;Yerba Center for the Arts in San Francisco&#8220; um 10 Uhr Ortszeit statt. Das Motto lautet: &#8222;it\u2019s almost here&#8220;. Der Schatten \u00e4hnelt einer 5&#8230; Wir sehen [&hellip;]<\/p>\n","protected":false},"author":1,"featured_media":37891,"comment_status":"open","ping_status":"closed","sticky":false,"template":"","format":"standard","meta":{"footnotes":""},"categories":[14],"tags":[1640,315,525],"class_list":["post-37856","post","type-post","status-publish","format-standard","has-post-thumbnail","hentry","category-apple","tag-apple-iphone","tag-event","tag-san-francisco"],"aioseo_notices":[],"rest_api_enabler":[],"_links":{"self":[{"href":"https:\/\/www.iphone-ticker.de\/apiv2\/wp\/v2\/posts\/37856","targetHints":{"allow":["GET"]}}],"collection":[{"href":"https:\/\/www.iphone-ticker.de\/apiv2\/wp\/v2\/posts"}],"about":[{"href":"https:\/\/www.iphone-ticker.de\/apiv2\/wp\/v2\/types\/post"}],"author":[{"embeddable":true,"href":"https:\/\/www.iphone-ticker.de\/apiv2\/wp\/v2\/users\/1"}],"replies":[{"embeddable":true,"href":"https:\/\/www.iphone-ticker.de\/apiv2\/wp\/v2\/comments?post=37856"}],"version-history":[{"count":7,"href":"https:\/\/www.iphone-ticker.de\/apiv2\/wp\/v2\/posts\/37856\/revisions"}],"predecessor-version":[{"id":37896,"href":"https:\/\/www.iphone-ticker.de\/apiv2\/wp\/v2\/posts\/37856\/revisions\/37896"}],"wp:featuredmedia":[{"embeddable":true,"href":"https:\/\/www.iphone-ticker.de\/apiv2\/wp\/v2\/media\/37891"}],"wp:attachment":[{"href":"https:\/\/www.iphone-ticker.de\/apiv2\/wp\/v2\/media?parent=37856"}],"wp:term":[{"taxonomy":"category","embeddable":true,"href":"https:\/\/www.iphone-ticker.de\/apiv2\/wp\/v2\/categories?post=37856"},{"taxonomy":"post_tag","embeddable":true,"href":"https:\/\/www.iphone-ticker.de\/apiv2\/wp\/v2\/tags?post=37856"}],"curies":[{"name":"wp","href":"https:\/\/api.w.org\/{rel}","templated":true}]}}