{"id":37786,"date":"2012-09-03T08:15:14","date_gmt":"2012-09-03T06:15:14","guid":{"rendered":"http:\/\/www.iphone-ticker.de\/?p=37786"},"modified":"2012-09-03T10:15:19","modified_gmt":"2012-09-03T08:15:19","slug":"iphone-5-huellen-und-zubehoer-auf-der-ifa","status":"publish","type":"post","link":"https:\/\/www.iphone-ticker.de\/iphone-5-huellen-und-zubehoer-auf-der-ifa-37786\/","title":{"rendered":"H\u00fcllen f\u00fcr &#8222;iPhone 5&#8220; und &#8222;Neues iPhone&#8220;: Zubeh\u00f6rhersteller pr\u00e4sentieren ihre Spekulationen auf der Berliner IFA"},"content":{"rendered":"<p>Die Berliner IFA findet traditionell Anfang September statt und ist damit zeitlich n\u00e4her als alle anderen Fachmessen mit Apples traditionellen Herbst-Events verbunden. Dies hat zur Folge, dass sich dort stets auch einiges um die aktuelle Ger\u00fcchtelage bez\u00fcglich Apples Neuver\u00f6ffentlichungen dreht und somit tauchen dort regelm\u00e4\u00dfig aus den aktuellen Ger\u00fcchten abgeleitete \u201ePrototypen\u201c, Ger\u00e4tedummies und Zubeh\u00f6rartikel auf.<\/p>\n<p><img loading=\"lazy\" decoding=\"async\" src=\"http:\/\/www.iphone-ticker.de\/wp-content\/uploads\/2012\/09\/cases.jpg\" alt=\"\" title=\"cases\" width=\"464\" height=\"190\" class=\"alignnone size-full wp-image-37787\" srcset=\"https:\/\/images.iphone-ticker.de\/wp-content\/uploads\/2012\/09\/cases.jpg 464w, https:\/\/images.iphone-ticker.de\/wp-content\/uploads\/2012\/09\/cases-300x122.jpg 300w\" sizes=\"auto, (max-width: 464px) 100vw, 464px\" \/><\/p>\n<p>In diesem Jahr pr\u00e4sentieren etliche Hersteller bereits offen ihre Case-Variationen f\u00fcr das \u201eiPhone 5\u201c oder das \u201eneue iPhone\u201c. Unsere Fotos zeigen exemplarisch die St\u00e4nde von <a href=\"http:\/\/www.golla.com\">GOLLA<\/a> oder <a href=\"http:\/\/www.luxa2.de\">LUXA2<\/a>, an denen sich bereits die komplette Designpalette f\u00fcr da kommende Case-Programm begutachten l\u00e4sst.<\/p>\n<p><img loading=\"lazy\" decoding=\"async\" src=\"http:\/\/www.iphone-ticker.de\/wp-content\/uploads\/2012\/09\/golla-2.jpg\" alt=\"\" title=\"golla-2\" width=\"464\" height=\"261\" class=\"alignnone size-full wp-image-37788\" srcset=\"https:\/\/images.iphone-ticker.de\/wp-content\/uploads\/2012\/09\/golla-2.jpg 464w, https:\/\/images.iphone-ticker.de\/wp-content\/uploads\/2012\/09\/golla-2-300x168.jpg 300w\" sizes=\"auto, (max-width: 464px) 100vw, 464px\" \/><\/p>\n<p>Grunds\u00e4tzlich k\u00f6nnt ihr aber davon ausgehen, dass keiner der St\u00e4nde, die derartige Produkte bereits pr\u00e4sentieren, exklusive Informationen seitens Apple besitzt. Apple gibt Vorabinformationen an Hersteller wenn \u00fcberhaupt, dann nur extrem limitiert und unter strengen Bedingungen. Mit einer solchen Vorabpr\u00e4sentation h\u00e4tten sich die Hersteller ein f\u00fcr allemal aus dem engen Kreis der Apple-Vertrauten verabschiedet &#8211; ein Risiko, dass kein Unternehmen bewusst eingehen wird.<\/p>\n<p><!--more--><img loading=\"lazy\" decoding=\"async\" src=\"http:\/\/www.iphone-ticker.de\/wp-content\/uploads\/2012\/09\/luxa2-4.jpg\" alt=\"\" title=\"luxa2-4\" width=\"464\" height=\"280\" class=\"alignnone size-full wp-image-37789\" srcset=\"https:\/\/images.iphone-ticker.de\/wp-content\/uploads\/2012\/09\/luxa2-4.jpg 464w, https:\/\/images.iphone-ticker.de\/wp-content\/uploads\/2012\/09\/luxa2-4-300x181.jpg 300w\" sizes=\"auto, (max-width: 464px) 100vw, 464px\" \/><\/p>\n<p>Wir haben uns an den St\u00e4nden jener Anbieter, die die H\u00fcllen bereits produzieren ein wenig umgeh\u00f6rt. In der Regel handelt es sich bei den ausgestellten Artikeln um Vorabmuster, die nach nach den uns allen bereits bekannten aber eben nicht endg\u00fcltig best\u00e4tigten Informationen gefertigt wurden (<a href=\"http:\/\/www.iphone-ticker.de\/das-neue-iphone-nicht-nur-langer-auch-wesentlich-dunner-37725\/\">l\u00e4nger, d\u00fcnner, ihr wisst schon\u2026<\/a>).<\/p>\n<p>Ein kleines Pokerspiel also: Passt das Vorabmuster, so kann schnell produziert und geliefert werden &#8211; falls nicht, dauert es bis zur Produktion und dem von allen Herstellern m\u00f6glichst schnell angepeilten Verkaufsstart ihres Zubeh\u00f6rs l\u00e4nger.<\/p>\n<p><img loading=\"lazy\" decoding=\"async\" src=\"http:\/\/www.iphone-ticker.de\/wp-content\/uploads\/2012\/09\/luxa2-1.jpg\" alt=\"\" title=\"luxa2-1\" width=\"464\" height=\"348\" class=\"alignnone size-full wp-image-37790\" srcset=\"https:\/\/images.iphone-ticker.de\/wp-content\/uploads\/2012\/09\/luxa2-1.jpg 464w, https:\/\/images.iphone-ticker.de\/wp-content\/uploads\/2012\/09\/luxa2-1-300x225.jpg 300w\" sizes=\"auto, (max-width: 464px) 100vw, 464px\" \/><\/p>\n<p><img loading=\"lazy\" decoding=\"async\" src=\"http:\/\/www.iphone-ticker.de\/wp-content\/uploads\/2012\/09\/luxa2-2.jpg\" alt=\"\" title=\"luxa2-2\" width=\"464\" height=\"348\" class=\"alignnone size-full wp-image-37791\" srcset=\"https:\/\/images.iphone-ticker.de\/wp-content\/uploads\/2012\/09\/luxa2-2.jpg 464w, https:\/\/images.iphone-ticker.de\/wp-content\/uploads\/2012\/09\/luxa2-2-300x225.jpg 300w\" sizes=\"auto, (max-width: 464px) 100vw, 464px\" \/><\/p>\n<p><img loading=\"lazy\" decoding=\"async\" src=\"http:\/\/www.iphone-ticker.de\/wp-content\/uploads\/2012\/09\/luxa2-41.jpg\" alt=\"\" title=\"luxa2-4\" width=\"464\" height=\"280\" class=\"alignnone size-full wp-image-37792\" srcset=\"https:\/\/images.iphone-ticker.de\/wp-content\/uploads\/2012\/09\/luxa2-41.jpg 464w, https:\/\/images.iphone-ticker.de\/wp-content\/uploads\/2012\/09\/luxa2-41-300x181.jpg 300w\" sizes=\"auto, (max-width: 464px) 100vw, 464px\" \/><\/p>\n<p><div class=\"responsive-video\"><iframe loading=\"lazy\" width=\"464\" height=\"261\" src=\"http:\/\/www.youtube-nocookie.com\/embed\/5NxwD_NhIZ8\" frameborder=\"0\" allowfullscreen><\/iframe><\/div><\/p>\n","protected":false},"excerpt":{"rendered":"<a href=\"https:\/\/www.iphone-ticker.de\/iphone-5-huellen-und-zubehoer-auf-der-ifa-37786\/\"><img width=\"150\" height=\"91\" src=\"https:\/\/images.iphone-ticker.de\/wp-content\/uploads\/2012\/09\/luxa2-41.jpg\" class=\"alignright tfe wp-post-image\" alt=\"\" decoding=\"async\" loading=\"lazy\" srcset=\"https:\/\/images.iphone-ticker.de\/wp-content\/uploads\/2012\/09\/luxa2-41.jpg 464w, https:\/\/images.iphone-ticker.de\/wp-content\/uploads\/2012\/09\/luxa2-41-300x181.jpg 300w\" sizes=\"auto, (max-width: 150px) 100vw, 150px\" \/><\/a><p>Die Berliner IFA findet traditionell Anfang September statt und ist damit zeitlich n\u00e4her als alle anderen Fachmessen mit Apples traditionellen Herbst-Events verbunden. Dies hat zur Folge, dass sich dort stets auch einiges um die aktuelle Ger\u00fcchtelage bez\u00fcglich Apples Neuver\u00f6ffentlichungen dreht und somit tauchen dort regelm\u00e4\u00dfig aus den aktuellen Ger\u00fcchten abgeleitete \u201ePrototypen\u201c, Ger\u00e4tedummies und Zubeh\u00f6rartikel auf. [&hellip;]<\/p>\n","protected":false},"author":2,"featured_media":37792,"comment_status":"open","ping_status":"closed","sticky":false,"template":"","format":"standard","meta":{"footnotes":""},"categories":[24],"tags":[616,675,122,737,5239],"class_list":["post-37786","post","type-post","status-publish","format-standard","has-post-thumbnail","hentry","category-zubehor","tag-cases","tag-hullen","tag-ifa","tag-iphone-5","tag-zubehoer"],"aioseo_notices":[],"rest_api_enabler":[],"_links":{"self":[{"href":"https:\/\/www.iphone-ticker.de\/apiv2\/wp\/v2\/posts\/37786","targetHints":{"allow":["GET"]}}],"collection":[{"href":"https:\/\/www.iphone-ticker.de\/apiv2\/wp\/v2\/posts"}],"about":[{"href":"https:\/\/www.iphone-ticker.de\/apiv2\/wp\/v2\/types\/post"}],"author":[{"embeddable":true,"href":"https:\/\/www.iphone-ticker.de\/apiv2\/wp\/v2\/users\/2"}],"replies":[{"embeddable":true,"href":"https:\/\/www.iphone-ticker.de\/apiv2\/wp\/v2\/comments?post=37786"}],"version-history":[{"count":5,"href":"https:\/\/www.iphone-ticker.de\/apiv2\/wp\/v2\/posts\/37786\/revisions"}],"predecessor-version":[{"id":37808,"href":"https:\/\/www.iphone-ticker.de\/apiv2\/wp\/v2\/posts\/37786\/revisions\/37808"}],"wp:featuredmedia":[{"embeddable":true,"href":"https:\/\/www.iphone-ticker.de\/apiv2\/wp\/v2\/media\/37792"}],"wp:attachment":[{"href":"https:\/\/www.iphone-ticker.de\/apiv2\/wp\/v2\/media?parent=37786"}],"wp:term":[{"taxonomy":"category","embeddable":true,"href":"https:\/\/www.iphone-ticker.de\/apiv2\/wp\/v2\/categories?post=37786"},{"taxonomy":"post_tag","embeddable":true,"href":"https:\/\/www.iphone-ticker.de\/apiv2\/wp\/v2\/tags?post=37786"}],"curies":[{"name":"wp","href":"https:\/\/api.w.org\/{rel}","templated":true}]}}