{"id":37281,"date":"2012-08-21T11:30:29","date_gmt":"2012-08-21T09:30:29","guid":{"rendered":"http:\/\/www.iphone-ticker.de\/?p=37281"},"modified":"2012-08-21T11:30:29","modified_gmt":"2012-08-21T09:30:29","slug":"micro-usb-mini-usb-und-dock-anschluss-innergies-pocketcell-und-das-trio-kabel","status":"publish","type":"post","link":"https:\/\/www.iphone-ticker.de\/micro-usb-mini-usb-und-dock-anschluss-innergies-pocketcell-und-das-trio-kabel-37281\/","title":{"rendered":"Micro USB, Mini USB und Dock-Anschluss: Innergies PocketCell und das Trio-Kabel"},"content":{"rendered":"<p>Wir sortieren uns gerade durch die, in diesem Jahr auf der Berliner Funkausstellung IFA vertretenen Hersteller und planen die anstehenden Messe-Tage. Den Zubeh\u00f6r-Anbieter Innergie haben wir heute auf die Liste der angepeilten Wegpunkte gesetzt. Das <a rel=\"noindex, nofollow\" href=\"http:\/\/www.amazon.de\/gp\/product\/B005PKVOBE\/ref=as_li_ss_tl?ie=UTF8&#038;camp=1638&#038;creative=19454&#038;creativeASIN=B005PKVOBE&#038;linkCode=as2&#038;tag=musicweb02\">Trio-Kabel<\/a> und der mobile Zusatz-Akku PocketCell machen einen ganz guten Eindruck und scheinen &#8211; obwohl schon etwas l\u00e4nger verf\u00fcgbar &#8211; diesmal im Mittelpunkt der pr\u00e4sentierten iPhone-Accessoires zu liegen. <\/p>\n<p><a rel=\"noindex, nofollow\" href=\"http:\/\/www.amazon.de\/gp\/product\/B005PKVOBE\/ref=as_li_ss_tl?ie=UTF8&amp;camp=1638&amp;creative=19454&amp;creativeASIN=B005PKVOBE&amp;linkCode=as2&amp;tag=musicweb02\"><img loading=\"lazy\" decoding=\"async\" src=\"http:\/\/www.iphone-ticker.de\/wp-content\/uploads\/2012\/08\/trio-kabel.jpg\" alt=\"\" title=\"trio-kabel\" width=\"464\" height=\"125\" class=\"aligncenter size-full wp-image-37282\" srcset=\"https:\/\/images.iphone-ticker.de\/wp-content\/uploads\/2012\/08\/trio-kabel.jpg 464w, https:\/\/images.iphone-ticker.de\/wp-content\/uploads\/2012\/08\/trio-kabel-300x80.jpg 300w\" sizes=\"auto, (max-width: 464px) 100vw, 464px\" \/><\/a><\/p>\n<p>Das <a rel=\"noindex, nofollow\" href=\"http:\/\/www.amazon.de\/gp\/product\/B005PKVOBE\/ref=as_li_ss_tl?ie=UTF8&#038;camp=1638&#038;creative=19454&#038;creativeASIN=B005PKVOBE&#038;linkCode=as2&#038;tag=musicweb02\">19\u20ac teure Trio-Kabel<\/a> kombiniert einen USB-Port auf der einen mit einem 30 Pin-Dock-Anschluss, einem Mikro- und einem Mini-USB-Stecker auf der anderen Seite. Anschl\u00fcsse die gerade nicht gebraucht werden lassen sich wegklappen, das Verlieren der Adapter ist ausgeschlossen. Eine ganz witziges Reise-Accessoire, das gut zu dem im letzen Monat <a href=\"http:\/\/www.ifun.de\/ipad-auto-ladegerat-tomtom-27381\/\">vorgestellten Auto-Adapter von TomTom<\/a> passt. <\/p>\n<p>Wem die 19\u20ac f\u00fcr das Trio-Kabel zu teuer sind, kann sich den Innergie Zusatzakkku &#8222;<a rel=\"noindex, nofollow\" href=\"http:\/\/www.amazon.de\/gp\/product\/B0072FEAVG\/ref=as_li_ss_tl?ie=UTF8&#038;camp=1638&#038;creative=19454&#038;creativeASIN=B0072FEAVG&#038;linkCode=as2&#038;tag=musicweb02\">PocketCell<\/a>&#8220; anschauen. Dem 79\u20ac teuren Akku, den der Hersteller als spezielles iPhone-Accessoire bewirbt, liegt das Trio-Kabel bei.<\/p>\n<p><a rel=\"noindex, nofollow\" href=\"http:\/\/www.amazon.de\/gp\/product\/B0072FEAVG\/ref=as_li_ss_tl?ie=UTF8&amp;camp=1638&amp;creative=19454&amp;creativeASIN=B0072FEAVG&amp;linkCode=as2&amp;tag=musicweb02\"><img loading=\"lazy\" decoding=\"async\" src=\"http:\/\/www.iphone-ticker.de\/wp-content\/uploads\/2012\/08\/trio-powercell.jpg\" alt=\"\" title=\"trio-powercell\" width=\"464\" height=\"225\" class=\"aligncenter size-full wp-image-37283\" srcset=\"https:\/\/images.iphone-ticker.de\/wp-content\/uploads\/2012\/08\/trio-powercell.jpg 464w, https:\/\/images.iphone-ticker.de\/wp-content\/uploads\/2012\/08\/trio-powercell-300x145.jpg 300w\" sizes=\"auto, (max-width: 464px) 100vw, 464px\" \/><\/a><\/p>\n<p>Die mit vier Status-LEDs ausgestattete Zusatz-Batterie ist 30\u20ac billiger als der st\u00e4rkste bislang von uns <a href=\"http:\/\/www.iphone-ticker.de\/gum-max-mit-10-400mah-sechs-mal-laden-zwei-akku-neuheiten-von-just-mobile-34705\">getestete Akku &#8222;Gum Max&#8220;<\/a>, bietet daf\u00fcr jedoch &#8222;nur&#8220; eine Kapazit\u00e4t von 3000 mAh an, die auf 9&#215;3 Zentimetern verpackt sind.  <\/p>\n","protected":false},"excerpt":{"rendered":"<a href=\"https:\/\/www.iphone-ticker.de\/micro-usb-mini-usb-und-dock-anschluss-innergies-pocketcell-und-das-trio-kabel-37281\/\"><img width=\"150\" height=\"40\" src=\"https:\/\/images.iphone-ticker.de\/wp-content\/uploads\/2012\/08\/trio-kabel.jpg\" class=\"alignright tfe wp-post-image\" alt=\"\" decoding=\"async\" loading=\"lazy\" srcset=\"https:\/\/images.iphone-ticker.de\/wp-content\/uploads\/2012\/08\/trio-kabel.jpg 464w, https:\/\/images.iphone-ticker.de\/wp-content\/uploads\/2012\/08\/trio-kabel-300x80.jpg 300w\" sizes=\"auto, (max-width: 150px) 100vw, 150px\" \/><\/a><p>Wir sortieren uns gerade durch die, in diesem Jahr auf der Berliner Funkausstellung IFA vertretenen Hersteller und planen die anstehenden Messe-Tage. Den Zubeh\u00f6r-Anbieter Innergie haben wir heute auf die Liste der angepeilten Wegpunkte gesetzt. Das Trio-Kabel und der mobile Zusatz-Akku PocketCell machen einen ganz guten Eindruck und scheinen &#8211; obwohl schon etwas l\u00e4nger verf\u00fcgbar &#8211; [&hellip;]<\/p>\n","protected":false},"author":1,"featured_media":37282,"comment_status":"open","ping_status":"closed","sticky":false,"template":"","format":"standard","meta":{"footnotes":""},"categories":[24],"tags":[27,421,31,258,5239],"class_list":["post-37281","post","type-post","status-publish","format-standard","has-post-thumbnail","hentry","category-zubehor","tag-akku","tag-batterie","tag-dock","tag-kabel","tag-zubehoer"],"aioseo_notices":[],"rest_api_enabler":[],"_links":{"self":[{"href":"https:\/\/www.iphone-ticker.de\/apiv2\/wp\/v2\/posts\/37281","targetHints":{"allow":["GET"]}}],"collection":[{"href":"https:\/\/www.iphone-ticker.de\/apiv2\/wp\/v2\/posts"}],"about":[{"href":"https:\/\/www.iphone-ticker.de\/apiv2\/wp\/v2\/types\/post"}],"author":[{"embeddable":true,"href":"https:\/\/www.iphone-ticker.de\/apiv2\/wp\/v2\/users\/1"}],"replies":[{"embeddable":true,"href":"https:\/\/www.iphone-ticker.de\/apiv2\/wp\/v2\/comments?post=37281"}],"version-history":[{"count":1,"href":"https:\/\/www.iphone-ticker.de\/apiv2\/wp\/v2\/posts\/37281\/revisions"}],"predecessor-version":[{"id":37284,"href":"https:\/\/www.iphone-ticker.de\/apiv2\/wp\/v2\/posts\/37281\/revisions\/37284"}],"wp:featuredmedia":[{"embeddable":true,"href":"https:\/\/www.iphone-ticker.de\/apiv2\/wp\/v2\/media\/37282"}],"wp:attachment":[{"href":"https:\/\/www.iphone-ticker.de\/apiv2\/wp\/v2\/media?parent=37281"}],"wp:term":[{"taxonomy":"category","embeddable":true,"href":"https:\/\/www.iphone-ticker.de\/apiv2\/wp\/v2\/categories?post=37281"},{"taxonomy":"post_tag","embeddable":true,"href":"https:\/\/www.iphone-ticker.de\/apiv2\/wp\/v2\/tags?post=37281"}],"curies":[{"name":"wp","href":"https:\/\/api.w.org\/{rel}","templated":true}]}}