{"id":36838,"date":"2012-08-07T11:57:31","date_gmt":"2012-08-07T09:57:31","guid":{"rendered":"http:\/\/www.iphone-ticker.de\/?p=36838"},"modified":"2012-08-07T12:00:14","modified_gmt":"2012-08-07T10:00:14","slug":"m-daserste-de-ard-mit-neuem-webauftritt-fur-mobilgerate","status":"publish","type":"post","link":"https:\/\/www.iphone-ticker.de\/m-daserste-de-ard-mit-neuem-webauftritt-fur-mobilgerate-36838\/","title":{"rendered":"m.daserste.de: ARD mit neuem Webauftritt f\u00fcr Mobilger\u00e4te"},"content":{"rendered":"<p>Parallel zur <a rel=\"noindex, nofollow\" href=\"http:\/\/www.ifun.de\/app\/401644893\">Tagesschau-App<\/a> und der mobilen Nachrichtenseite &#8222;<a href=\"http:\/\/mobil.tagesschau.de\">mobil.tagesschau.de<\/a>&#8220; bietet die ARD mit &#8222;<a href=\"http:\/\/m.daserste.de\">m.daserste.de<\/a>&#8220; jetzt auch eine f\u00fcr Mobilger\u00e4te optimierte Web-Seite an auf der sich sowohl TV- und Programminformationen abrufen lassen. Ebenfalls m\u00f6glich: Der direkte Zugriff auf die ARD-Mediathek. Die Webseite hat angepasste Darstellungen f\u00fcr iPhone und iPad und bietet eine 4 Wochen-Vorschau. Verpasste Sendungen lassen sich sieben Tage lang abrufen. <\/p>\n<p>Die ARD <a href=\"http:\/\/www.daserste.de\/service\/allround_dyn~uid,3cotmh4zracwt46o~cm.asp\">merkt an<\/a>: <\/p>\n<blockquote><p>Das Videoangebot wird weiter ausgebaut. Noch sind nicht alle Videos aus der Das Erste Mediathek (Online\/PC) verf\u00fcgbar.<\/p><\/blockquote>\n<p><a href=\"http:\/\/m.daserste.de\"><img loading=\"lazy\" decoding=\"async\" src=\"http:\/\/www.iphone-ticker.de\/wp-content\/uploads\/2012\/08\/m-das-erste.jpg\" alt=\"\" title=\"m-das-erste\" width=\"464\" height=\"343\" class=\"aligncenter size-full wp-image-36839\" srcset=\"https:\/\/images.iphone-ticker.de\/wp-content\/uploads\/2012\/08\/m-das-erste.jpg 464w, https:\/\/images.iphone-ticker.de\/wp-content\/uploads\/2012\/08\/m-das-erste-300x221.jpg 300w\" sizes=\"auto, (max-width: 464px) 100vw, 464px\" \/><\/a><\/p>\n","protected":false},"excerpt":{"rendered":"<a href=\"https:\/\/www.iphone-ticker.de\/m-daserste-de-ard-mit-neuem-webauftritt-fur-mobilgerate-36838\/\"><img width=\"150\" height=\"111\" src=\"https:\/\/images.iphone-ticker.de\/wp-content\/uploads\/2012\/08\/m-das-erste.jpg\" class=\"alignright tfe wp-post-image\" alt=\"\" decoding=\"async\" loading=\"lazy\" srcset=\"https:\/\/images.iphone-ticker.de\/wp-content\/uploads\/2012\/08\/m-das-erste.jpg 464w, https:\/\/images.iphone-ticker.de\/wp-content\/uploads\/2012\/08\/m-das-erste-300x221.jpg 300w\" sizes=\"auto, (max-width: 150px) 100vw, 150px\" \/><\/a><p>Parallel zur Tagesschau-App und der mobilen Nachrichtenseite &#8222;mobil.tagesschau.de&#8220; bietet die ARD mit &#8222;m.daserste.de&#8220; jetzt auch eine f\u00fcr Mobilger\u00e4te optimierte Web-Seite an auf der sich sowohl TV- und Programminformationen abrufen lassen. Ebenfalls m\u00f6glich: Der direkte Zugriff auf die ARD-Mediathek. Die Webseite hat angepasste Darstellungen f\u00fcr iPhone und iPad und bietet eine 4 Wochen-Vorschau. Verpasste Sendungen lassen [&hellip;]<\/p>\n","protected":false},"author":1,"featured_media":36839,"comment_status":"open","ping_status":"closed","sticky":false,"template":"","format":"standard","meta":{"footnotes":""},"categories":[489],"tags":[514,413,171,430,141],"class_list":["post-36838","post","type-post","status-publish","format-standard","has-post-thumbnail","hentry","category-videos","tag-ard","tag-fernsehen","tag-tv","tag-web-applikationen","tag-web-apps"],"aioseo_notices":[],"rest_api_enabler":[],"_links":{"self":[{"href":"https:\/\/www.iphone-ticker.de\/apiv2\/wp\/v2\/posts\/36838","targetHints":{"allow":["GET"]}}],"collection":[{"href":"https:\/\/www.iphone-ticker.de\/apiv2\/wp\/v2\/posts"}],"about":[{"href":"https:\/\/www.iphone-ticker.de\/apiv2\/wp\/v2\/types\/post"}],"author":[{"embeddable":true,"href":"https:\/\/www.iphone-ticker.de\/apiv2\/wp\/v2\/users\/1"}],"replies":[{"embeddable":true,"href":"https:\/\/www.iphone-ticker.de\/apiv2\/wp\/v2\/comments?post=36838"}],"version-history":[{"count":3,"href":"https:\/\/www.iphone-ticker.de\/apiv2\/wp\/v2\/posts\/36838\/revisions"}],"predecessor-version":[{"id":36842,"href":"https:\/\/www.iphone-ticker.de\/apiv2\/wp\/v2\/posts\/36838\/revisions\/36842"}],"wp:featuredmedia":[{"embeddable":true,"href":"https:\/\/www.iphone-ticker.de\/apiv2\/wp\/v2\/media\/36839"}],"wp:attachment":[{"href":"https:\/\/www.iphone-ticker.de\/apiv2\/wp\/v2\/media?parent=36838"}],"wp:term":[{"taxonomy":"category","embeddable":true,"href":"https:\/\/www.iphone-ticker.de\/apiv2\/wp\/v2\/categories?post=36838"},{"taxonomy":"post_tag","embeddable":true,"href":"https:\/\/www.iphone-ticker.de\/apiv2\/wp\/v2\/tags?post=36838"}],"curies":[{"name":"wp","href":"https:\/\/api.w.org\/{rel}","templated":true}]}}