{"id":353,"date":"2007-07-23T17:14:49","date_gmt":"2007-07-23T15:14:49","guid":{"rendered":"http:\/\/www.iphone-ticker.de\/2007\/07\/23\/nicht-media-markt-sondern-karstadt-gravis\/"},"modified":"2007-07-23T17:58:13","modified_gmt":"2007-07-23T15:58:13","slug":"nicht-media-markt-sondern-karstadt-gravis","status":"publish","type":"post","link":"https:\/\/www.iphone-ticker.de\/nicht-media-markt-sondern-karstadt-gravis-353\/","title":{"rendered":"Nicht Media-Markt, sondern Karstadt &#038; Gravis"},"content":{"rendered":"<p><img decoding=\"async\" src=\"http:\/\/www.iphone-ticker.de\/wp-content\/uploads\/2007\/07\/karstadt.jpg\" alt=\"karstadt.jpg\" align=\"right\" \/>Nachdem man beim Media-Markt bereits heute Vormittag einen R\u00fcckzieher in Sachen iPhone-Ank\u00fcndigung machte und entsprechenden <a href=\"http:\/\/www.iphone-ticker.de\/2007\/07\/21\/saubillig-media-markt-bewirbt-iphone\/\">Web-Auftritt<\/a> ordentlich <a href=\"http:\/\/www.fscklog.com\/2007\/07\/iphone-im-media.html\">relativierte<\/a> bringt uns die <a href=\"http:\/\/www.wiwo.de\/pswiwo\/fn\/ww2\/sfn\/bm_artikel\/bmpara\/1567\/bmpara\/41525420556e7465726e65686d656e20575733\/id\/126\/id\/289276\/fm\/0\/artprint\/1\/SH\/0\/depot\/0\/index.html\">WiWo<\/a> nun neue Infos zu m\u00f6glichen Vertriebspartnern. Demnach wird das iPhone in Deutschland nicht nur in den Shops der noch zu benennenden Handy-Providern verkauft werden, sondern zudem auch bei Gravis und Karstadt.<\/p>\n<p>Die WiWo zitiert einen Karstadt-Sprecher mit den Worten: &#8222;<em>Wir werden Kunden bei Karstadt das iPhone bieten k\u00f6nnen<\/em>&#8222;. Gravis-Chef Horlitz ist sich ebenfalls sicher, das man das &#8222;<em>iPhone in Deutschland anbieten wird<\/em>&#8222;.<\/p>\n","protected":false},"excerpt":{"rendered":"<a href=\"https:\/\/www.iphone-ticker.de\/nicht-media-markt-sondern-karstadt-gravis-353\/\"><img decoding=\"async\" width=\"150\" src=\"http:\/\/www.iphone-ticker.de\/wp-content\/uploads\/2007\/07\/karstadt.jpg\" class=\"alignright wp-post-image tfe\" alt=\"karstadt.jpg\" title=\"\" \/><\/a><p>Nachdem man beim Media-Markt bereits heute Vormittag einen R\u00fcckzieher in Sachen iPhone-Ank\u00fcndigung machte und entsprechenden Web-Auftritt ordentlich relativierte bringt uns die WiWo nun neue Infos zu m\u00f6glichen Vertriebspartnern. Demnach wird das iPhone in Deutschland nicht nur in den Shops der noch zu benennenden Handy-Providern verkauft werden, sondern zudem auch bei Gravis und Karstadt. Die WiWo [&hellip;]<\/p>\n","protected":false},"author":1,"featured_media":0,"comment_status":"open","ping_status":"open","sticky":false,"template":"","format":"standard","meta":{"footnotes":""},"categories":[1],"tags":[64,3910],"class_list":["post-353","post","type-post","status-publish","format-standard","hentry","category-news","tag-deutschland","tag-rumors"],"aioseo_notices":[],"rest_api_enabler":[],"_links":{"self":[{"href":"https:\/\/www.iphone-ticker.de\/apiv2\/wp\/v2\/posts\/353","targetHints":{"allow":["GET"]}}],"collection":[{"href":"https:\/\/www.iphone-ticker.de\/apiv2\/wp\/v2\/posts"}],"about":[{"href":"https:\/\/www.iphone-ticker.de\/apiv2\/wp\/v2\/types\/post"}],"author":[{"embeddable":true,"href":"https:\/\/www.iphone-ticker.de\/apiv2\/wp\/v2\/users\/1"}],"replies":[{"embeddable":true,"href":"https:\/\/www.iphone-ticker.de\/apiv2\/wp\/v2\/comments?post=353"}],"version-history":[{"count":0,"href":"https:\/\/www.iphone-ticker.de\/apiv2\/wp\/v2\/posts\/353\/revisions"}],"wp:attachment":[{"href":"https:\/\/www.iphone-ticker.de\/apiv2\/wp\/v2\/media?parent=353"}],"wp:term":[{"taxonomy":"category","embeddable":true,"href":"https:\/\/www.iphone-ticker.de\/apiv2\/wp\/v2\/categories?post=353"},{"taxonomy":"post_tag","embeddable":true,"href":"https:\/\/www.iphone-ticker.de\/apiv2\/wp\/v2\/tags?post=353"}],"curies":[{"name":"wp","href":"https:\/\/api.w.org\/{rel}","templated":true}]}}