{"id":34917,"date":"2012-06-21T14:03:06","date_gmt":"2012-06-21T12:03:06","guid":{"rendered":"http:\/\/www.iphone-ticker.de\/?p=34917"},"modified":"2012-06-21T14:06:31","modified_gmt":"2012-06-21T12:06:31","slug":"galaxy-s-iii-fangt-feuer-samsung-untersucht-gerate-schaden","status":"publish","type":"post","link":"https:\/\/www.iphone-ticker.de\/galaxy-s-iii-fangt-feuer-samsung-untersucht-gerate-schaden-34917\/","title":{"rendered":"Galaxy S III f\u00e4ngt Feuer: Samsung untersucht Ger\u00e4te-Sch\u00e4den"},"content":{"rendered":"<p>Wahrend zahlreiche Galaxy-Vorbesteller &#8211; mehr zu Samsungs aktuellem <a href=\"http:\/\/www.iphone-ticker.de\/samsung-galaxy-s-iii-vodafone-de-prasentiert-nachsten-iphone-konkurrenten-in-5-videos-33702\/\">iPhone-Konkurrenten hier<\/a> &#8211; hierzulande noch immer auf ihre offenen Bestellungen warten, trudeln aus den Staaten <a href=\"http:\/\/www.boards.ie\/vbulletin\/showthread.php?p=79312161\">die ersten Berichte<\/a> auf ein erstzunehmendes \u00dcberhitzungsproblem des Flaggschiffs ein. <a href=\"http:\/\/www.boards.ie\/vbulletin\/showthread.php?p=79312161\">Bilder inklusive<\/a>. <\/p>\n<p><img loading=\"lazy\" decoding=\"async\" src=\"http:\/\/www.iphone-ticker.de\/wp-content\/uploads\/2012\/06\/galaxy-feuer-s-iii.jpg\" alt=\"\" title=\"galaxy-feuer-s-iii\" width=\"464\" height=\"189\" class=\"aligncenter size-full wp-image-34918\" srcset=\"https:\/\/images.iphone-ticker.de\/wp-content\/uploads\/2012\/06\/galaxy-feuer-s-iii.jpg 464w, https:\/\/images.iphone-ticker.de\/wp-content\/uploads\/2012\/06\/galaxy-feuer-s-iii-300x122.jpg 300w\" sizes=\"auto, (max-width: 464px) 100vw, 464px\" \/><\/p>\n<p>Vor wenigen Minuten hat Samsung nun mit einer <a href=\"http:\/\/global.samsungtomorrow.com\/?p=15734\">Wortmeldung im offiziellen Firmenblog<\/a> reagiert und eine eingehende Untersuchung des Galaxy S III angek\u00fcndigt. <\/p>\n<blockquote><p>[&#8230;] Samsung ist sich dem Problem bewusst und wird eine Untersuchung einleiten, sobald uns das betroffene Ger\u00e4t erreicht hat. Wenn die \u00dcberpr\u00fcfung der Fehlerursache abgeschlossen ist werden wir weitere Details bekannt geben. [&#8230;]<\/p><\/blockquote>\n<p>Sollten die \u00dcberhitzungsprobleme von einem Design-Fehler verursacht worden sein, wird sich Samsung auf eine gr\u00f6\u00dfere R\u00fcckrufaktion einstellen m\u00fcssen. <\/p>\n<p><!--more--><br \/>\nBereits zur initialen Ank\u00fcndigung des iPhone-Konkurrenten <a href=\"http:\/\/www.dailymail.co.uk\/sciencetech\/article-2146429\/Pre-orders-Samsung-Galaxy-S3-phone-shoot-million--meaning-phone-sell-day-predecessor-sold-months.html\">waren mehr als 9 Millionen<\/a> Ger\u00e4te von Providern wie der Telekom <a href=\"http:\/\/phandroid.com\/2012\/06\/20\/sprints-official-reasoning-for-galaxy-s3-delays-demand-is-outweighing-supply\/\">vorbestellt worden<\/a>. Samsung konnte am Tag der Galaxy S III Vorstellung zudem mehr Einheiten absetzen, als vom Galaxy S II in sechs Monaten. In England hat das Android-Smartphone das iPhone als <a href=\"http:\/\/www.telegraph.co.uk\/technology\/mobile-phones\/9306491\/Samsung-Galaxy-S3-displaces-iPhone-as-UKs-most-popular-phone.html\">popul\u00e4rstes Handy<\/a> im Tagesgesch\u00e4ft abgel\u00f6st. <\/p>\n<p>Nat\u00fcrlich ist als Ursache auch ein Akkudefekt, der nicht die komplette Ger\u00e4te-Serie betrifft, nicht ausgeschlossen &#8211; an das Medienecho, das \u00e4hnliche Fotos eines verkohlten iPhone 4S kurz nach dessen Vorstellung hervorrufen w\u00fcrde, wollen wir gar nicht denken. <\/p>\n","protected":false},"excerpt":{"rendered":"<a href=\"https:\/\/www.iphone-ticker.de\/galaxy-s-iii-fangt-feuer-samsung-untersucht-gerate-schaden-34917\/\"><img width=\"150\" height=\"61\" src=\"https:\/\/images.iphone-ticker.de\/wp-content\/uploads\/2012\/06\/galaxy-feuer-s-iii.jpg\" class=\"alignright tfe wp-post-image\" alt=\"\" decoding=\"async\" loading=\"lazy\" srcset=\"https:\/\/images.iphone-ticker.de\/wp-content\/uploads\/2012\/06\/galaxy-feuer-s-iii.jpg 464w, https:\/\/images.iphone-ticker.de\/wp-content\/uploads\/2012\/06\/galaxy-feuer-s-iii-300x122.jpg 300w\" sizes=\"auto, (max-width: 150px) 100vw, 150px\" \/><\/a><p>Wahrend zahlreiche Galaxy-Vorbesteller &#8211; mehr zu Samsungs aktuellem iPhone-Konkurrenten hier &#8211; hierzulande noch immer auf ihre offenen Bestellungen warten, trudeln aus den Staaten die ersten Berichte auf ein erstzunehmendes \u00dcberhitzungsproblem des Flaggschiffs ein. Bilder inklusive. Vor wenigen Minuten hat Samsung nun mit einer Wortmeldung im offiziellen Firmenblog reagiert und eine eingehende Untersuchung des Galaxy S [&hellip;]<\/p>\n","protected":false},"author":1,"featured_media":34918,"comment_status":"open","ping_status":"closed","sticky":false,"template":"","format":"standard","meta":{"footnotes":""},"categories":[749],"tags":[311,1060,125],"class_list":["post-34917","post","type-post","status-publish","format-standard","has-post-thumbnail","hentry","category-iphone-2","tag-android","tag-galaxy","tag-samsung"],"aioseo_notices":[],"rest_api_enabler":[],"_links":{"self":[{"href":"https:\/\/www.iphone-ticker.de\/apiv2\/wp\/v2\/posts\/34917","targetHints":{"allow":["GET"]}}],"collection":[{"href":"https:\/\/www.iphone-ticker.de\/apiv2\/wp\/v2\/posts"}],"about":[{"href":"https:\/\/www.iphone-ticker.de\/apiv2\/wp\/v2\/types\/post"}],"author":[{"embeddable":true,"href":"https:\/\/www.iphone-ticker.de\/apiv2\/wp\/v2\/users\/1"}],"replies":[{"embeddable":true,"href":"https:\/\/www.iphone-ticker.de\/apiv2\/wp\/v2\/comments?post=34917"}],"version-history":[{"count":2,"href":"https:\/\/www.iphone-ticker.de\/apiv2\/wp\/v2\/posts\/34917\/revisions"}],"predecessor-version":[{"id":34920,"href":"https:\/\/www.iphone-ticker.de\/apiv2\/wp\/v2\/posts\/34917\/revisions\/34920"}],"wp:featuredmedia":[{"embeddable":true,"href":"https:\/\/www.iphone-ticker.de\/apiv2\/wp\/v2\/media\/34918"}],"wp:attachment":[{"href":"https:\/\/www.iphone-ticker.de\/apiv2\/wp\/v2\/media?parent=34917"}],"wp:term":[{"taxonomy":"category","embeddable":true,"href":"https:\/\/www.iphone-ticker.de\/apiv2\/wp\/v2\/categories?post=34917"},{"taxonomy":"post_tag","embeddable":true,"href":"https:\/\/www.iphone-ticker.de\/apiv2\/wp\/v2\/tags?post=34917"}],"curies":[{"name":"wp","href":"https:\/\/api.w.org\/{rel}","templated":true}]}}