{"id":34127,"date":"2012-06-05T11:15:54","date_gmt":"2012-06-05T09:15:54","guid":{"rendered":"http:\/\/www.iphone-ticker.de\/?p=34127"},"modified":"2012-06-05T11:32:30","modified_gmt":"2012-06-05T09:32:30","slug":"rtl-pro7-und-co-privatsender-kritisieren-tageswebschau-scharf","status":"publish","type":"post","link":"https:\/\/www.iphone-ticker.de\/rtl-pro7-und-co-privatsender-kritisieren-tageswebschau-scharf-34127\/","title":{"rendered":"Privatsender kritisieren &#8222;Tageswebschau&#8220; scharf"},"content":{"rendered":"<p>Wie h\u00e4tte es auch anders kommen sollen. W\u00e4hrend die Tagesschau-App bereits seit Monaten vom Verband der Zeitungsverleger beschossen wird und dem BDZV gegen\u00fcber ihr &#8222;zu textlastiges&#8220; Angebot rechtfertigen muss &#8211; <a href=\"http:\/\/www.iphone-ticker.de\/zeitungsverleger-setzen-klage-gegen-die-tagesschau-app-fort-32933\/\">hier die Chronik<\/a> zum Streit um die Tagesschau-App &#8211; macht der Branchenverband deutscher Privatsender, VPRT, jetzt Front gegen die am Montag gestartete <a href=\"http:\/\/www.tagesschau.de\/tageswebschau\/\">Tageswebschau<\/a> (<a href=\"http:\/\/www.iphone-ticker.de\/nachrichten-fur-die-netzgemeinde-tageswebschau-der-ard-wird-teil-der-tagesschau-app-33991\/\">ifun berichtete<\/a>). <\/p>\n<p><img loading=\"lazy\" decoding=\"async\" src=\"http:\/\/www.iphone-ticker.de\/wp-content\/uploads\/2012\/06\/tageswebschau1.jpg\" alt=\"\" title=\"tageswebschau\" width=\"464\" height=\"252\" class=\"aligncenter size-full wp-image-34128\" srcset=\"https:\/\/images.iphone-ticker.de\/wp-content\/uploads\/2012\/06\/tageswebschau1.jpg 464w, https:\/\/images.iphone-ticker.de\/wp-content\/uploads\/2012\/06\/tageswebschau1-300x162.jpg 300w\" sizes=\"auto, (max-width: 464px) 100vw, 464px\" \/><\/p>\n<p>Laut einem <a href=\"http:\/\/www.handelsblatt.com\/unternehmen\/it-medien\/neues-online-angebot-privatsender-attackieren-tageswebschau-der-ard\/6708294.html\">Bericht des Handelsblatts<\/a> fordert der <a href=\"http:\/\/www.vprt.de\/\">VPRT<\/a> einen Drei-Stufen-Test zum ARD-Zusatzangebot f\u00fcr junge Online-Zuschauer &#8211; eine \u00e4hnliche G\u00e4ngelei musste die Tagesschau-App <a href=\"http:\/\/www.iphone-ticker.de\/ard-nimmt-letzte-hurden-tagesschau-applikation-kann-kommen-13406\/\">bereits im August 2010<\/a> \u00fcber sich ergehen lassen. <\/p>\n<p>Hans-Peter Siebenhaar schreibt im Handelsblatt:<\/p>\n<blockquote><p>\u201eWir fordern einen Drei-Stufen-Test f\u00fcr die Tageswebschau, um zu pr\u00fcfen ob das neue Angebot legitim ist. Au\u00dferdem werden dadurch die Kosten f\u00fcr den Geb\u00fchrenzahler transparent\u201c, sagte VPRT-Gesch\u00e4ftsf\u00fchrer Claus Grewenig dem Handelsblatt. Das aufw\u00e4ndige Verfahren soll kl\u00e4ren, ob neue Online-Angebote \u00fcberhaupt mit dem Rundfunkstaatsvertrag zu vereinbaren sind. <\/p>\n<p>[&#8230;]<\/p>\n<p>Die Privatsender kritisieren das zus\u00e4tzliche Angebot scharf. \u201eEs gibt ein perfides Legitimations-System. Mit einem neuen Nachrichtenkanal wie , Tagesschau 24\u2018 werden dann immer neue Online-Informationsangebote gerechtfertigt\u201c, r\u00fcgt Grewenig. Der Verband vertritt Sendergrupppen wie RTL und Pro Sieben Sat 1.<\/p><\/blockquote>\n","protected":false},"excerpt":{"rendered":"<a href=\"https:\/\/www.iphone-ticker.de\/rtl-pro7-und-co-privatsender-kritisieren-tageswebschau-scharf-34127\/\"><img width=\"150\" height=\"81\" src=\"https:\/\/images.iphone-ticker.de\/wp-content\/uploads\/2012\/06\/tageswebschau1.jpg\" class=\"alignright tfe wp-post-image\" alt=\"\" decoding=\"async\" loading=\"lazy\" srcset=\"https:\/\/images.iphone-ticker.de\/wp-content\/uploads\/2012\/06\/tageswebschau1.jpg 464w, https:\/\/images.iphone-ticker.de\/wp-content\/uploads\/2012\/06\/tageswebschau1-300x162.jpg 300w\" sizes=\"auto, (max-width: 150px) 100vw, 150px\" \/><\/a><p>Wie h\u00e4tte es auch anders kommen sollen. W\u00e4hrend die Tagesschau-App bereits seit Monaten vom Verband der Zeitungsverleger beschossen wird und dem BDZV gegen\u00fcber ihr &#8222;zu textlastiges&#8220; Angebot rechtfertigen muss &#8211; hier die Chronik zum Streit um die Tagesschau-App &#8211; macht der Branchenverband deutscher Privatsender, VPRT, jetzt Front gegen die am Montag gestartete Tageswebschau (ifun berichtete). [&hellip;]<\/p>\n","protected":false},"author":1,"featured_media":34128,"comment_status":"open","ping_status":"closed","sticky":false,"template":"","format":"standard","meta":{"footnotes":""},"categories":[489],"tags":[514,64,413,32,147,171],"class_list":["post-34127","post","type-post","status-publish","format-standard","has-post-thumbnail","hentry","category-videos","tag-ard","tag-deutschland","tag-fernsehen","tag-kritik","tag-recht","tag-tv"],"aioseo_notices":[],"rest_api_enabler":[],"_links":{"self":[{"href":"https:\/\/www.iphone-ticker.de\/apiv2\/wp\/v2\/posts\/34127","targetHints":{"allow":["GET"]}}],"collection":[{"href":"https:\/\/www.iphone-ticker.de\/apiv2\/wp\/v2\/posts"}],"about":[{"href":"https:\/\/www.iphone-ticker.de\/apiv2\/wp\/v2\/types\/post"}],"author":[{"embeddable":true,"href":"https:\/\/www.iphone-ticker.de\/apiv2\/wp\/v2\/users\/1"}],"replies":[{"embeddable":true,"href":"https:\/\/www.iphone-ticker.de\/apiv2\/wp\/v2\/comments?post=34127"}],"version-history":[{"count":3,"href":"https:\/\/www.iphone-ticker.de\/apiv2\/wp\/v2\/posts\/34127\/revisions"}],"predecessor-version":[{"id":34132,"href":"https:\/\/www.iphone-ticker.de\/apiv2\/wp\/v2\/posts\/34127\/revisions\/34132"}],"wp:featuredmedia":[{"embeddable":true,"href":"https:\/\/www.iphone-ticker.de\/apiv2\/wp\/v2\/media\/34128"}],"wp:attachment":[{"href":"https:\/\/www.iphone-ticker.de\/apiv2\/wp\/v2\/media?parent=34127"}],"wp:term":[{"taxonomy":"category","embeddable":true,"href":"https:\/\/www.iphone-ticker.de\/apiv2\/wp\/v2\/categories?post=34127"},{"taxonomy":"post_tag","embeddable":true,"href":"https:\/\/www.iphone-ticker.de\/apiv2\/wp\/v2\/tags?post=34127"}],"curies":[{"name":"wp","href":"https:\/\/api.w.org\/{rel}","templated":true}]}}