{"id":33991,"date":"2012-06-01T10:40:40","date_gmt":"2012-06-01T08:40:40","guid":{"rendered":"http:\/\/www.iphone-ticker.de\/?p=33991"},"modified":"2012-06-01T10:40:40","modified_gmt":"2012-06-01T08:40:40","slug":"nachrichten-fur-die-netzgemeinde-tageswebschau-der-ard-wird-teil-der-tagesschau-app","status":"publish","type":"post","link":"https:\/\/www.iphone-ticker.de\/nachrichten-fur-die-netzgemeinde-tageswebschau-der-ard-wird-teil-der-tagesschau-app-33991\/","title":{"rendered":"Nachrichten f\u00fcr die Netzgemeinde: tagesWEBschau der ARD wird Teil der Tagesschau-App"},"content":{"rendered":"<p>Wenn die ARD am 4. Juni ihr neues Nachrichtenangebot, die ARD tagesWEBschau, startet, sollen in erster Linie die Inhalte ber\u00fccksichtigt werden, &#8222;die im Netz aktuell sind und die Gemeinde bewegen&#8220;. Das neue Format soll auf den digitalen Kan\u00e4len Tageschau24, EinsPlus und EinsFestival ausgestrahlt und zudem fester Bestandteil der <a rel=\"noindex, nofollow\" href=\"http:\/\/www.ifun.de\/app\/401644893\">Tagesschau-App<\/a> werden. <\/p>\n<blockquote><p>Das werkt\u00e4glich angebotene Format wird tagesaktuell wichtige Nachrichten aus Politik, Wirtschaft und allen anderen Bereichen der Gesellschaft aus Sicht der Netz-Gemeinschaft aufbereiten. Die Sendung wird nicht moderiert, sondern besteht aus Filmbeitr\u00e4gen und Grafiken. Sie wird ca. zweieinhalb Minuten lang sein. Online wird es m\u00f6glich sein, per Klick zus\u00e4tzliche Inhalte wie z.B. Videos, regionale Inhalte der Landesrundfunkanstalten oder weiterf\u00fchrende Links abzurufen.<\/p><\/blockquote>\n<p>Radio-Bremen hat <a href=\"http:\/\/www.radiobremen.de\/unternehmen\/aktuell\/tageswebschau110.html\">einen 30-min\u00fctigen Mitschnitt<\/a> der Pressekonferenz zum Start der tagesWEBschau. <\/p>\n<p><img loading=\"lazy\" decoding=\"async\" src=\"http:\/\/www.iphone-ticker.de\/wp-content\/uploads\/2012\/06\/tageswebschau.jpg\" alt=\"\" title=\"tageswebschau\" width=\"464\" height=\"158\" class=\"aligncenter size-full wp-image-33992\" srcset=\"https:\/\/images.iphone-ticker.de\/wp-content\/uploads\/2012\/06\/tageswebschau.jpg 464w, https:\/\/images.iphone-ticker.de\/wp-content\/uploads\/2012\/06\/tageswebschau-300x102.jpg 300w\" sizes=\"auto, (max-width: 464px) 100vw, 464px\" \/><\/p>\n","protected":false},"excerpt":{"rendered":"<a href=\"https:\/\/www.iphone-ticker.de\/nachrichten-fur-die-netzgemeinde-tageswebschau-der-ard-wird-teil-der-tagesschau-app-33991\/\"><img width=\"150\" height=\"51\" src=\"https:\/\/images.iphone-ticker.de\/wp-content\/uploads\/2012\/06\/tageswebschau.jpg\" class=\"alignright tfe wp-post-image\" alt=\"\" decoding=\"async\" loading=\"lazy\" srcset=\"https:\/\/images.iphone-ticker.de\/wp-content\/uploads\/2012\/06\/tageswebschau.jpg 464w, https:\/\/images.iphone-ticker.de\/wp-content\/uploads\/2012\/06\/tageswebschau-300x102.jpg 300w\" sizes=\"auto, (max-width: 150px) 100vw, 150px\" \/><\/a><p>Wenn die ARD am 4. Juni ihr neues Nachrichtenangebot, die ARD tagesWEBschau, startet, sollen in erster Linie die Inhalte ber\u00fccksichtigt werden, &#8222;die im Netz aktuell sind und die Gemeinde bewegen&#8220;. Das neue Format soll auf den digitalen Kan\u00e4len Tageschau24, EinsPlus und EinsFestival ausgestrahlt und zudem fester Bestandteil der Tagesschau-App werden. Das werkt\u00e4glich angebotene Format wird [&hellip;]<\/p>\n","protected":false},"author":1,"featured_media":33992,"comment_status":"open","ping_status":"closed","sticky":false,"template":"","format":"standard","meta":{"footnotes":""},"categories":[1],"tags":[413,509,740,171],"class_list":["post-33991","post","type-post","status-publish","format-standard","has-post-thumbnail","hentry","category-news","tag-fernsehen","tag-nachrichten","tag-tagesschau","tag-tv"],"aioseo_notices":[],"aioseo_head":"\n\t\t<!-- All in One SEO Pro 5.0.1 - aioseo.com -->\n\t<meta name=\"description\" content=\"Wenn die ARD am 4. Juni ihr neues Nachrichtenangebot, die ARD tagesWEBschau, startet, sollen in erster Linie die Inhalte ber\u00fccksichtigt werden, &quot;die im Netz aktuell sind und die Gemeinde bewegen&quot;. Das neue Format soll auf den digitalen Kan\u00e4len Tageschau24, EinsPlus und EinsFestival ausgestrahlt und zudem fester Bestandteil der Tagesschau-App werden. Das werkt\u00e4glich angebotene Format wird\" \/>\n\t<meta name=\"robots\" content=\"max-image-preview:large\" \/>\n\t<meta name=\"author\" content=\"Nicolas\"\/>\n\t<meta name=\"google-site-verification\" content=\"bRuV4_wqNuoQLypC9HVKibZ0X7EtNyELtju97qgyflM\" \/>\n\t<link rel=\"canonical\" href=\"https:\/\/www.iphone-ticker.de\/nachrichten-fur-die-netzgemeinde-tageswebschau-der-ard-wird-teil-der-tagesschau-app-33991\/\" \/>\n\t<meta name=\"generator\" content=\"All in One SEO Pro (AIOSEO) 5.0.1\" \/>\n\t\t<meta property=\"og:locale\" content=\"de_DE\" \/>\n\t\t<meta property=\"og:site_name\" content=\"iphone-ticker.de | Alles zum iPhone. Seit 2007.\" \/>\n\t\t<meta property=\"og:type\" content=\"article\" \/>\n\t\t<meta property=\"og:title\" content=\"Nachrichten f\u00fcr die Netzgemeinde: tagesWEBschau der ARD wird Teil der Tagesschau-App | iphone-ticker.de\" \/>\n\t\t<meta property=\"og:description\" content=\"Wenn die ARD am 4. Juni ihr neues Nachrichtenangebot, die ARD tagesWEBschau, startet, sollen in erster Linie die Inhalte ber\u00fccksichtigt werden, &quot;die im Netz aktuell sind und die Gemeinde bewegen&quot;. Das neue Format soll auf den digitalen Kan\u00e4len Tageschau24, EinsPlus und EinsFestival ausgestrahlt und zudem fester Bestandteil der Tagesschau-App werden. Das werkt\u00e4glich angebotene Format wird\" \/>\n\t\t<meta property=\"og:url\" content=\"https:\/\/www.iphone-ticker.de\/nachrichten-fur-die-netzgemeinde-tageswebschau-der-ard-wird-teil-der-tagesschau-app-33991\/\" \/>\n\t\t<meta property=\"article:published_time\" content=\"2012-06-01T08:40:40+00:00\" \/>\n\t\t<meta property=\"article:modified_time\" content=\"2012-06-01T08:40:40+00:00\" \/>\n\t\t<meta property=\"article:publisher\" content=\"https:\/\/facebook.com\/ifun.de\" \/>\n\t\t<meta name=\"twitter:card\" content=\"summary_large_image\" \/>\n\t\t<meta name=\"twitter:site\" content=\"@iphoneticker\" \/>\n\t\t<meta name=\"twitter:title\" content=\"Nachrichten f\u00fcr die Netzgemeinde: tagesWEBschau der ARD wird Teil der Tagesschau-App | iphone-ticker.de\" \/>\n\t\t<meta name=\"twitter:description\" content=\"Wenn die ARD am 4. Juni ihr neues Nachrichtenangebot, die ARD tagesWEBschau, startet, sollen in erster Linie die Inhalte ber\u00fccksichtigt werden, &quot;die im Netz aktuell sind und die Gemeinde bewegen&quot;. Das neue Format soll auf den digitalen Kan\u00e4len Tageschau24, EinsPlus und EinsFestival ausgestrahlt und zudem fester Bestandteil der Tagesschau-App werden. Das werkt\u00e4glich angebotene Format wird\" \/>\n\t\t<meta name=\"twitter:creator\" content=\"@iphoneticker\" \/>\n\t\t<script type=\"application\/ld+json\" class=\"aioseo-schema\">\n\t\t\t{\"@context\":\"https:\\\/\\\/schema.org\",\"@graph\":[{\"@type\":\"BreadcrumbList\",\"@id\":\"https:\\\/\\\/www.iphone-ticker.de\\\/nachrichten-fur-die-netzgemeinde-tageswebschau-der-ard-wird-teil-der-tagesschau-app-33991\\\/#breadcrumblist\",\"itemListElement\":[{\"@type\":\"ListItem\",\"@id\":\"https:\\\/\\\/www.iphone-ticker.de#listItem\",\"position\":1,\"name\":\"Home\",\"item\":\"https:\\\/\\\/www.iphone-ticker.de\",\"nextItem\":{\"@type\":\"ListItem\",\"@id\":\"https:\\\/\\\/www.iphone-ticker.de\\\/category\\\/news\\\/#listItem\",\"name\":\"News\"}},{\"@type\":\"ListItem\",\"@id\":\"https:\\\/\\\/www.iphone-ticker.de\\\/category\\\/news\\\/#listItem\",\"position\":2,\"name\":\"News\",\"item\":\"https:\\\/\\\/www.iphone-ticker.de\\\/category\\\/news\\\/\",\"nextItem\":{\"@type\":\"ListItem\",\"@id\":\"https:\\\/\\\/www.iphone-ticker.de\\\/nachrichten-fur-die-netzgemeinde-tageswebschau-der-ard-wird-teil-der-tagesschau-app-33991\\\/#listItem\",\"name\":\"Nachrichten f\\u00fcr die Netzgemeinde: tagesWEBschau der ARD wird Teil der Tagesschau-App\"},\"previousItem\":{\"@type\":\"ListItem\",\"@id\":\"https:\\\/\\\/www.iphone-ticker.de#listItem\",\"name\":\"Home\"}},{\"@type\":\"ListItem\",\"@id\":\"https:\\\/\\\/www.iphone-ticker.de\\\/nachrichten-fur-die-netzgemeinde-tageswebschau-der-ard-wird-teil-der-tagesschau-app-33991\\\/#listItem\",\"position\":3,\"name\":\"Nachrichten f\\u00fcr die Netzgemeinde: tagesWEBschau der ARD wird Teil der Tagesschau-App\",\"previousItem\":{\"@type\":\"ListItem\",\"@id\":\"https:\\\/\\\/www.iphone-ticker.de\\\/category\\\/news\\\/#listItem\",\"name\":\"News\"}}]},{\"@type\":\"NewsArticle\",\"@id\":\"https:\\\/\\\/www.iphone-ticker.de\\\/nachrichten-fur-die-netzgemeinde-tageswebschau-der-ard-wird-teil-der-tagesschau-app-33991\\\/#newsarticle\",\"name\":\"Nachrichten f\\u00fcr die Netzgemeinde: tagesWEBschau der ARD wird Teil der Tagesschau-App | iphone-ticker.de\",\"headline\":\"Nachrichten f\\u00fcr die Netzgemeinde: tagesWEBschau der ARD wird Teil der Tagesschau-App\",\"author\":{\"@id\":\"https:\\\/\\\/www.iphone-ticker.de\\\/author\\\/admin\\\/#author\"},\"publisher\":{\"@id\":\"https:\\\/\\\/www.iphone-ticker.de\\\/#organization\"},\"image\":{\"@type\":\"ImageObject\",\"url\":\"https:\\\/\\\/images.iphone-ticker.de\\\/wp-content\\\/uploads\\\/2012\\\/06\\\/tageswebschau.jpg\",\"width\":464,\"height\":158},\"datePublished\":\"2012-06-01T10:40:40+02:00\",\"dateModified\":\"2012-06-01T10:40:40+02:00\",\"inLanguage\":\"de-DE\",\"commentCount\":4,\"mainEntityOfPage\":{\"@id\":\"https:\\\/\\\/www.iphone-ticker.de\\\/nachrichten-fur-die-netzgemeinde-tageswebschau-der-ard-wird-teil-der-tagesschau-app-33991\\\/#webpage\"},\"isPartOf\":{\"@id\":\"https:\\\/\\\/www.iphone-ticker.de\\\/nachrichten-fur-die-netzgemeinde-tageswebschau-der-ard-wird-teil-der-tagesschau-app-33991\\\/#webpage\"},\"articleSection\":\"News, Fernsehen, Nachrichten, Tagesschau, TV\",\"dateline\":\"Ver\\u00f6ffentlicht am Juni 1, 2012.\"},{\"@type\":\"Organization\",\"@id\":\"https:\\\/\\\/www.iphone-ticker.de\\\/#organization\",\"name\":\"aketo GmbH\",\"description\":\"Die aketo GmbH versorgt das deutschsprachige Internet mit den f\\u00fchrenden Nachrichtenangeboten zu Apple, dem iPhone, dem iPad und Apples Lifestyle-Produkten. Konzepte, Redaktion, Recherchen und Archiv.\",\"url\":\"https:\\\/\\\/www.iphone-ticker.de\\\/\",\"email\":\"ifun.de@gmail.com\",\"telephone\":\"+493057707123\",\"foundingDate\":\"2007-01-01\",\"logo\":{\"@type\":\"ImageObject\",\"url\":\"https:\\\/\\\/images.iphone-ticker.de\\\/wp-content\\\/uploads\\\/2026\\\/02\\\/apple-touch-icon.png\",\"@id\":\"https:\\\/\\\/www.iphone-ticker.de\\\/nachrichten-fur-die-netzgemeinde-tageswebschau-der-ard-wird-teil-der-tagesschau-app-33991\\\/#organizationLogo\",\"width\":1024,\"height\":1024,\"caption\":\"Apple Touch Icon\"},\"image\":{\"@id\":\"https:\\\/\\\/www.iphone-ticker.de\\\/nachrichten-fur-die-netzgemeinde-tageswebschau-der-ard-wird-teil-der-tagesschau-app-33991\\\/#organizationLogo\"},\"sameAs\":[\"https:\\\/\\\/facebook.com\\\/ifun.de\",\"https:\\\/\\\/x.com\\\/iphoneticker\"]},{\"@type\":\"Person\",\"@id\":\"https:\\\/\\\/www.iphone-ticker.de\\\/author\\\/admin\\\/#author\",\"url\":\"https:\\\/\\\/www.iphone-ticker.de\\\/author\\\/admin\\\/\",\"name\":\"Nicolas\"},{\"@type\":\"WebPage\",\"@id\":\"https:\\\/\\\/www.iphone-ticker.de\\\/nachrichten-fur-die-netzgemeinde-tageswebschau-der-ard-wird-teil-der-tagesschau-app-33991\\\/#webpage\",\"url\":\"https:\\\/\\\/www.iphone-ticker.de\\\/nachrichten-fur-die-netzgemeinde-tageswebschau-der-ard-wird-teil-der-tagesschau-app-33991\\\/\",\"name\":\"Nachrichten f\\u00fcr die Netzgemeinde: tagesWEBschau der ARD wird Teil der Tagesschau-App | iphone-ticker.de\",\"description\":\"Wenn die ARD am 4. Juni ihr neues Nachrichtenangebot, die ARD tagesWEBschau, startet, sollen in erster Linie die Inhalte ber\\u00fccksichtigt werden, \\\"die im Netz aktuell sind und die Gemeinde bewegen\\\". Das neue Format soll auf den digitalen Kan\\u00e4len Tageschau24, EinsPlus und EinsFestival ausgestrahlt und zudem fester Bestandteil der Tagesschau-App werden. Das werkt\\u00e4glich angebotene Format wird\",\"inLanguage\":\"de-DE\",\"isPartOf\":{\"@id\":\"https:\\\/\\\/www.iphone-ticker.de\\\/#website\"},\"breadcrumb\":{\"@id\":\"https:\\\/\\\/www.iphone-ticker.de\\\/nachrichten-fur-die-netzgemeinde-tageswebschau-der-ard-wird-teil-der-tagesschau-app-33991\\\/#breadcrumblist\"},\"author\":{\"@id\":\"https:\\\/\\\/www.iphone-ticker.de\\\/author\\\/admin\\\/#author\"},\"creator\":{\"@id\":\"https:\\\/\\\/www.iphone-ticker.de\\\/author\\\/admin\\\/#author\"},\"image\":{\"@type\":\"ImageObject\",\"url\":\"https:\\\/\\\/images.iphone-ticker.de\\\/wp-content\\\/uploads\\\/2012\\\/06\\\/tageswebschau.jpg\",\"@id\":\"https:\\\/\\\/www.iphone-ticker.de\\\/nachrichten-fur-die-netzgemeinde-tageswebschau-der-ard-wird-teil-der-tagesschau-app-33991\\\/#mainImage\",\"width\":464,\"height\":158},\"primaryImageOfPage\":{\"@id\":\"https:\\\/\\\/www.iphone-ticker.de\\\/nachrichten-fur-die-netzgemeinde-tageswebschau-der-ard-wird-teil-der-tagesschau-app-33991\\\/#mainImage\"},\"datePublished\":\"2012-06-01T10:40:40+02:00\",\"dateModified\":\"2012-06-01T10:40:40+02:00\"},{\"@type\":\"WebSite\",\"@id\":\"https:\\\/\\\/www.iphone-ticker.de\\\/#website\",\"url\":\"https:\\\/\\\/www.iphone-ticker.de\\\/\",\"name\":\"iphone-ticker.de\",\"description\":\"Alles zum iPhone. Seit 2007.\",\"inLanguage\":\"de-DE\",\"publisher\":{\"@id\":\"https:\\\/\\\/www.iphone-ticker.de\\\/#organization\"}}]}\n\t\t<\/script>\n\t\t<!-- All in One SEO Pro -->\r\n\t\t<title>Nachrichten f\u00fcr die Netzgemeinde: tagesWEBschau der ARD wird Teil der Tagesschau-App | iphone-ticker.de<\/title>\n\n","aioseo_head_json":{"title":"Nachrichten f\u00fcr die Netzgemeinde: tagesWEBschau der ARD wird Teil der Tagesschau-App | iphone-ticker.de","description":"Wenn die ARD am 4. Juni ihr neues Nachrichtenangebot, die ARD tagesWEBschau, startet, sollen in erster Linie die Inhalte ber\u00fccksichtigt werden, \"die im Netz aktuell sind und die Gemeinde bewegen\". Das neue Format soll auf den digitalen Kan\u00e4len Tageschau24, EinsPlus und EinsFestival ausgestrahlt und zudem fester Bestandteil der Tagesschau-App werden. Das werkt\u00e4glich angebotene Format wird","canonical_url":"https:\/\/www.iphone-ticker.de\/nachrichten-fur-die-netzgemeinde-tageswebschau-der-ard-wird-teil-der-tagesschau-app-33991\/","robots":"max-image-preview:large","keywords":"","webmasterTools":{"google-site-verification":"bRuV4_wqNuoQLypC9HVKibZ0X7EtNyELtju97qgyflM","miscellaneous":""},"schema":{"@context":"https:\/\/schema.org","@graph":[{"@type":"BreadcrumbList","@id":"https:\/\/www.iphone-ticker.de\/nachrichten-fur-die-netzgemeinde-tageswebschau-der-ard-wird-teil-der-tagesschau-app-33991\/#breadcrumblist","itemListElement":[{"@type":"ListItem","@id":"https:\/\/www.iphone-ticker.de#listItem","position":1,"name":"Home","item":"https:\/\/www.iphone-ticker.de","nextItem":{"@type":"ListItem","@id":"https:\/\/www.iphone-ticker.de\/category\/news\/#listItem","name":"News"}},{"@type":"ListItem","@id":"https:\/\/www.iphone-ticker.de\/category\/news\/#listItem","position":2,"name":"News","item":"https:\/\/www.iphone-ticker.de\/category\/news\/","nextItem":{"@type":"ListItem","@id":"https:\/\/www.iphone-ticker.de\/nachrichten-fur-die-netzgemeinde-tageswebschau-der-ard-wird-teil-der-tagesschau-app-33991\/#listItem","name":"Nachrichten f\u00fcr die Netzgemeinde: tagesWEBschau der ARD wird Teil der Tagesschau-App"},"previousItem":{"@type":"ListItem","@id":"https:\/\/www.iphone-ticker.de#listItem","name":"Home"}},{"@type":"ListItem","@id":"https:\/\/www.iphone-ticker.de\/nachrichten-fur-die-netzgemeinde-tageswebschau-der-ard-wird-teil-der-tagesschau-app-33991\/#listItem","position":3,"name":"Nachrichten f\u00fcr die Netzgemeinde: tagesWEBschau der ARD wird Teil der Tagesschau-App","previousItem":{"@type":"ListItem","@id":"https:\/\/www.iphone-ticker.de\/category\/news\/#listItem","name":"News"}}]},{"@type":"NewsArticle","@id":"https:\/\/www.iphone-ticker.de\/nachrichten-fur-die-netzgemeinde-tageswebschau-der-ard-wird-teil-der-tagesschau-app-33991\/#newsarticle","name":"Nachrichten f\u00fcr die Netzgemeinde: tagesWEBschau der ARD wird Teil der Tagesschau-App | iphone-ticker.de","headline":"Nachrichten f\u00fcr die Netzgemeinde: tagesWEBschau der ARD wird Teil der Tagesschau-App","author":{"@id":"https:\/\/www.iphone-ticker.de\/author\/admin\/#author"},"publisher":{"@id":"https:\/\/www.iphone-ticker.de\/#organization"},"image":{"@type":"ImageObject","url":"https:\/\/images.iphone-ticker.de\/wp-content\/uploads\/2012\/06\/tageswebschau.jpg","width":464,"height":158},"datePublished":"2012-06-01T10:40:40+02:00","dateModified":"2012-06-01T10:40:40+02:00","inLanguage":"de-DE","commentCount":4,"mainEntityOfPage":{"@id":"https:\/\/www.iphone-ticker.de\/nachrichten-fur-die-netzgemeinde-tageswebschau-der-ard-wird-teil-der-tagesschau-app-33991\/#webpage"},"isPartOf":{"@id":"https:\/\/www.iphone-ticker.de\/nachrichten-fur-die-netzgemeinde-tageswebschau-der-ard-wird-teil-der-tagesschau-app-33991\/#webpage"},"articleSection":"News, Fernsehen, Nachrichten, Tagesschau, TV","dateline":"Ver\u00f6ffentlicht am Juni 1, 2012."},{"@type":"Organization","@id":"https:\/\/www.iphone-ticker.de\/#organization","name":"aketo GmbH","description":"Die aketo GmbH versorgt das deutschsprachige Internet mit den f\u00fchrenden Nachrichtenangeboten zu Apple, dem iPhone, dem iPad und Apples Lifestyle-Produkten. Konzepte, Redaktion, Recherchen und Archiv.","url":"https:\/\/www.iphone-ticker.de\/","email":"ifun.de@gmail.com","telephone":"+493057707123","foundingDate":"2007-01-01","logo":{"@type":"ImageObject","url":"https:\/\/images.iphone-ticker.de\/wp-content\/uploads\/2026\/02\/apple-touch-icon.png","@id":"https:\/\/www.iphone-ticker.de\/nachrichten-fur-die-netzgemeinde-tageswebschau-der-ard-wird-teil-der-tagesschau-app-33991\/#organizationLogo","width":1024,"height":1024,"caption":"Apple Touch Icon"},"image":{"@id":"https:\/\/www.iphone-ticker.de\/nachrichten-fur-die-netzgemeinde-tageswebschau-der-ard-wird-teil-der-tagesschau-app-33991\/#organizationLogo"},"sameAs":["https:\/\/facebook.com\/ifun.de","https:\/\/x.com\/iphoneticker"]},{"@type":"Person","@id":"https:\/\/www.iphone-ticker.de\/author\/admin\/#author","url":"https:\/\/www.iphone-ticker.de\/author\/admin\/","name":"Nicolas"},{"@type":"WebPage","@id":"https:\/\/www.iphone-ticker.de\/nachrichten-fur-die-netzgemeinde-tageswebschau-der-ard-wird-teil-der-tagesschau-app-33991\/#webpage","url":"https:\/\/www.iphone-ticker.de\/nachrichten-fur-die-netzgemeinde-tageswebschau-der-ard-wird-teil-der-tagesschau-app-33991\/","name":"Nachrichten f\u00fcr die Netzgemeinde: tagesWEBschau der ARD wird Teil der Tagesschau-App | iphone-ticker.de","description":"Wenn die ARD am 4. Juni ihr neues Nachrichtenangebot, die ARD tagesWEBschau, startet, sollen in erster Linie die Inhalte ber\u00fccksichtigt werden, \"die im Netz aktuell sind und die Gemeinde bewegen\". Das neue Format soll auf den digitalen Kan\u00e4len Tageschau24, EinsPlus und EinsFestival ausgestrahlt und zudem fester Bestandteil der Tagesschau-App werden. Das werkt\u00e4glich angebotene Format wird","inLanguage":"de-DE","isPartOf":{"@id":"https:\/\/www.iphone-ticker.de\/#website"},"breadcrumb":{"@id":"https:\/\/www.iphone-ticker.de\/nachrichten-fur-die-netzgemeinde-tageswebschau-der-ard-wird-teil-der-tagesschau-app-33991\/#breadcrumblist"},"author":{"@id":"https:\/\/www.iphone-ticker.de\/author\/admin\/#author"},"creator":{"@id":"https:\/\/www.iphone-ticker.de\/author\/admin\/#author"},"image":{"@type":"ImageObject","url":"https:\/\/images.iphone-ticker.de\/wp-content\/uploads\/2012\/06\/tageswebschau.jpg","@id":"https:\/\/www.iphone-ticker.de\/nachrichten-fur-die-netzgemeinde-tageswebschau-der-ard-wird-teil-der-tagesschau-app-33991\/#mainImage","width":464,"height":158},"primaryImageOfPage":{"@id":"https:\/\/www.iphone-ticker.de\/nachrichten-fur-die-netzgemeinde-tageswebschau-der-ard-wird-teil-der-tagesschau-app-33991\/#mainImage"},"datePublished":"2012-06-01T10:40:40+02:00","dateModified":"2012-06-01T10:40:40+02:00"},{"@type":"WebSite","@id":"https:\/\/www.iphone-ticker.de\/#website","url":"https:\/\/www.iphone-ticker.de\/","name":"iphone-ticker.de","description":"Alles zum iPhone. Seit 2007.","inLanguage":"de-DE","publisher":{"@id":"https:\/\/www.iphone-ticker.de\/#organization"}}]},"og:locale":"de_DE","og:site_name":"iphone-ticker.de | Alles zum iPhone. Seit 2007.","og:type":"article","og:title":"Nachrichten f\u00fcr die Netzgemeinde: tagesWEBschau der ARD wird Teil der Tagesschau-App | iphone-ticker.de","og:description":"Wenn die ARD am 4. Juni ihr neues Nachrichtenangebot, die ARD tagesWEBschau, startet, sollen in erster Linie die Inhalte ber\u00fccksichtigt werden, &quot;die im Netz aktuell sind und die Gemeinde bewegen&quot;. Das neue Format soll auf den digitalen Kan\u00e4len Tageschau24, EinsPlus und EinsFestival ausgestrahlt und zudem fester Bestandteil der Tagesschau-App werden. Das werkt\u00e4glich angebotene Format wird","og:url":"https:\/\/www.iphone-ticker.de\/nachrichten-fur-die-netzgemeinde-tageswebschau-der-ard-wird-teil-der-tagesschau-app-33991\/","article:published_time":"2012-06-01T08:40:40+00:00","article:modified_time":"2012-06-01T08:40:40+00:00","article:publisher":"https:\/\/facebook.com\/ifun.de","twitter:card":"summary_large_image","twitter:site":"@iphoneticker","twitter:title":"Nachrichten f\u00fcr die Netzgemeinde: tagesWEBschau der ARD wird Teil der Tagesschau-App | iphone-ticker.de","twitter:description":"Wenn die ARD am 4. Juni ihr neues Nachrichtenangebot, die ARD tagesWEBschau, startet, sollen in erster Linie die Inhalte ber\u00fccksichtigt werden, &quot;die im Netz aktuell sind und die Gemeinde bewegen&quot;. Das neue Format soll auf den digitalen Kan\u00e4len Tageschau24, EinsPlus und EinsFestival ausgestrahlt und zudem fester Bestandteil der Tagesschau-App werden. Das werkt\u00e4glich angebotene Format wird","twitter:creator":"@iphoneticker"},"aioseo_meta_data":{"post_id":"33991","title":null,"description":null,"keywords":null,"keyphrases":null,"primary_term":null,"canonical_url":null,"og_title":null,"og_description":null,"og_object_type":"default","og_image_type":"default","og_image_url":null,"og_image_width":null,"og_image_height":null,"og_image_custom_url":null,"og_image_custom_fields":null,"og_video":null,"og_custom_url":null,"og_article_section":null,"og_article_tags":null,"twitter_use_og":false,"twitter_card":"default","twitter_image_type":"default","twitter_image_url":null,"twitter_image_custom_url":null,"twitter_image_custom_fields":null,"twitter_title":null,"twitter_description":null,"schema":{"blockGraphs":[],"customGraphs":[],"default":{"data":{"Article":[],"Course":[],"Dataset":[],"FAQPage":[],"Movie":[],"Person":[],"Product":[],"ProductReview":[],"Car":[],"Recipe":[],"Service":[],"SoftwareApplication":[],"WebPage":[]},"graphName":"NewsArticle","isEnabled":true},"graphs":[]},"schema_type":"default","schema_type_options":null,"pillar_content":false,"robots_default":true,"robots_noindex":false,"robots_noarchive":false,"robots_nosnippet":false,"robots_nofollow":false,"robots_noimageindex":false,"robots_noodp":false,"robots_notranslate":false,"robots_max_snippet":null,"robots_max_videopreview":null,"robots_max_imagepreview":"large","priority":null,"frequency":null,"local_seo":null,"seo_analyzer_scan_date":"2026-07-01 12:17:12","breadcrumb_settings":null,"limit_modified_date":false,"open_ai":null,"ai":null,"created":"2026-02-21 07:09:55","updated":"2026-07-01 12:17:12","focus_keyword":null,"additional_keywords":null,"truseo_locale":null},"aioseo_breadcrumb":"<div class=\"aioseo-breadcrumbs\"><span class=\"aioseo-breadcrumb\">\n\t<a href=\"https:\/\/www.iphone-ticker.de\" title=\"Home\">Home<\/a>\n<\/span><span class=\"aioseo-breadcrumb-separator\">\u00bb<\/span><span class=\"aioseo-breadcrumb\">\n\t<a href=\"https:\/\/www.iphone-ticker.de\/category\/news\/\" title=\"News\">News<\/a>\n<\/span><span class=\"aioseo-breadcrumb-separator\">\u00bb<\/span><span class=\"aioseo-breadcrumb\">\n\tNachrichten f\u00fcr die Netzgemeinde: tagesWEBschau der ARD wird Teil der Tagesschau-App\n<\/span><\/div>","aioseo_breadcrumb_json":[{"label":"Home","link":"https:\/\/www.iphone-ticker.de"},{"label":"News","link":"https:\/\/www.iphone-ticker.de\/category\/news\/"},{"label":"Nachrichten f\u00fcr die Netzgemeinde: tagesWEBschau der ARD wird Teil der Tagesschau-App","link":"https:\/\/www.iphone-ticker.de\/nachrichten-fur-die-netzgemeinde-tageswebschau-der-ard-wird-teil-der-tagesschau-app-33991\/"}],"rest_api_enabler":[],"_links":{"self":[{"href":"https:\/\/www.iphone-ticker.de\/apiv2\/wp\/v2\/posts\/33991","targetHints":{"allow":["GET"]}}],"collection":[{"href":"https:\/\/www.iphone-ticker.de\/apiv2\/wp\/v2\/posts"}],"about":[{"href":"https:\/\/www.iphone-ticker.de\/apiv2\/wp\/v2\/types\/post"}],"author":[{"embeddable":true,"href":"https:\/\/www.iphone-ticker.de\/apiv2\/wp\/v2\/users\/1"}],"replies":[{"embeddable":true,"href":"https:\/\/www.iphone-ticker.de\/apiv2\/wp\/v2\/comments?post=33991"}],"version-history":[{"count":1,"href":"https:\/\/www.iphone-ticker.de\/apiv2\/wp\/v2\/posts\/33991\/revisions"}],"predecessor-version":[{"id":33993,"href":"https:\/\/www.iphone-ticker.de\/apiv2\/wp\/v2\/posts\/33991\/revisions\/33993"}],"wp:featuredmedia":[{"embeddable":true,"href":"https:\/\/www.iphone-ticker.de\/apiv2\/wp\/v2\/media\/33992"}],"wp:attachment":[{"href":"https:\/\/www.iphone-ticker.de\/apiv2\/wp\/v2\/media?parent=33991"}],"wp:term":[{"taxonomy":"category","embeddable":true,"href":"https:\/\/www.iphone-ticker.de\/apiv2\/wp\/v2\/categories?post=33991"},{"taxonomy":"post_tag","embeddable":true,"href":"https:\/\/www.iphone-ticker.de\/apiv2\/wp\/v2\/tags?post=33991"}],"curies":[{"name":"wp","href":"https:\/\/api.w.org\/{rel}","templated":true}]}}