{"id":33808,"date":"2012-05-25T18:23:44","date_gmt":"2012-05-25T16:23:44","guid":{"rendered":"http:\/\/www.iphone-ticker.de\/?p=33808"},"modified":"2012-05-25T18:23:44","modified_gmt":"2012-05-25T16:23:44","slug":"liga-total-vor-dem-aus-bundesliga-ab-2013-nur-noch-uber-sky","status":"publish","type":"post","link":"https:\/\/www.iphone-ticker.de\/liga-total-vor-dem-aus-bundesliga-ab-2013-nur-noch-uber-sky-33808\/","title":{"rendered":"Liga total vor dem Aus &#8211; Bundesliga ab 2013 nur noch \u00fcber Sky"},"content":{"rendered":"<p><img loading=\"lazy\" decoding=\"async\" src=\"http:\/\/www.iphone-ticker.de\/wp-content\/uploads\/2012\/05\/ligatotal.jpg\" alt=\"\" title=\"ligatotal\" width=\"220\" height=\"209\" class=\"alignright size-full wp-image-33809\" \/>Nach der n\u00e4chsten Saison ist Schluss: Wie von uns <a href=\"http:\/\/www.iphone-ticker.de\/bundesliga-ubertragungsrechte-gehen-an-sky-zukunft-von-liga-total-fraglich-32497\/\">bef\u00fcrchtet<\/a>, wird das IPTV-Sportangebot &#8222;Liga total&#8220; nach der Bundesligasaison 2012\/13 eingestellt. Laut der <a href=\"http:\/\/www.ftd.de\/it-medien\/medien-internet\/:bundesligarechte-telekom-begraebt-liga-total\/70042180.html\">Financial Times Deutschland<\/a> wird die Telekom danach wohl das Angebot des PayTV-Marktf\u00fchrers Sky \u00fcber die hauseigene Internet-TV-Plattform Entertain vermarkten.<\/p>\n<p>Sky hat die Telekom im April bei der Versteigerung der \u00dcbertragungsrechte f\u00fcr die Fu\u00dfball-Bundesliga ab der Saison 2013\/14 aus dem Rennen geworfen und s\u00e4mtliche Exklusivrechte zum Rekordpreis ersteigert. Die Telekom h\u00e4tte die \u00dcbertragungsrechte f\u00fcr &#8222;Liga total&#8220; nun bei Sky einkaufen m\u00fcssen, hier konnte man sich bez\u00fcglich des Preises dann offenbar nicht einigen.<\/p>\n<p>Direkte Folgen d\u00fcrfte diese Entwicklung auf die <a rel=\"noindex, nofollow\" href=\"http:\/\/www.ifun.de\/app\/321552844\">MobileTV-App<\/a> der Telekom haben. Es ist davon auszugehen, dass die Fu\u00dfball\u00fcbertragungen \u00fcber die App komplett eingestellt werden. Mit <a rel=\"noindex, nofollow\" href=\"http:\/\/www.ifun.de\/app\/375667763\">Sky Go<\/a> hat Sky hier bereits eine eigene App mit Live-Sport\u00fcbertragungen am Start.<\/p>\n<p><!--more-->Schade eigentlich, dass Apple bei der Versteigerung der Rechte nicht mitgeboten hat. Der Konzern h\u00e4tte die Lizenzen wohl aus der Portokasse beglichen und k\u00f6nnte diese dann an Sky und Co. weiter verschachern, parallel aber einen grandiosen Werbefeldzug f\u00fcr Apple TV aufziehen. In den USA laufen dar\u00fcber bereits hochwertige kostenpflichtige Basketball- oder Eishockey-\u00dcbertragungen.<\/p>\n","protected":false},"excerpt":{"rendered":"<a href=\"https:\/\/www.iphone-ticker.de\/liga-total-vor-dem-aus-bundesliga-ab-2013-nur-noch-uber-sky-33808\/\"><img width=\"150\" height=\"143\" src=\"https:\/\/images.iphone-ticker.de\/wp-content\/uploads\/2012\/05\/ligatotal.jpg\" class=\"alignright tfe wp-post-image\" alt=\"\" decoding=\"async\" loading=\"lazy\" \/><\/a><p>Nach der n\u00e4chsten Saison ist Schluss: Wie von uns bef\u00fcrchtet, wird das IPTV-Sportangebot &#8222;Liga total&#8220; nach der Bundesligasaison 2012\/13 eingestellt. Laut der Financial Times Deutschland wird die Telekom danach wohl das Angebot des PayTV-Marktf\u00fchrers Sky \u00fcber die hauseigene Internet-TV-Plattform Entertain vermarkten. Sky hat die Telekom im April bei der Versteigerung der \u00dcbertragungsrechte f\u00fcr die Fu\u00dfball-Bundesliga [&hellip;]<\/p>\n","protected":false},"author":2,"featured_media":33809,"comment_status":"open","ping_status":"closed","sticky":false,"template":"","format":"standard","meta":{"footnotes":""},"categories":[1],"tags":[322,1435,1434,1339,363],"class_list":["post-33808","post","type-post","status-publish","format-standard","has-post-thumbnail","hentry","category-news","tag-fusball","tag-iptv","tag-liga-total","tag-sky","tag-telekom"],"aioseo_notices":[],"rest_api_enabler":[],"_links":{"self":[{"href":"https:\/\/www.iphone-ticker.de\/apiv2\/wp\/v2\/posts\/33808","targetHints":{"allow":["GET"]}}],"collection":[{"href":"https:\/\/www.iphone-ticker.de\/apiv2\/wp\/v2\/posts"}],"about":[{"href":"https:\/\/www.iphone-ticker.de\/apiv2\/wp\/v2\/types\/post"}],"author":[{"embeddable":true,"href":"https:\/\/www.iphone-ticker.de\/apiv2\/wp\/v2\/users\/2"}],"replies":[{"embeddable":true,"href":"https:\/\/www.iphone-ticker.de\/apiv2\/wp\/v2\/comments?post=33808"}],"version-history":[{"count":2,"href":"https:\/\/www.iphone-ticker.de\/apiv2\/wp\/v2\/posts\/33808\/revisions"}],"predecessor-version":[{"id":33811,"href":"https:\/\/www.iphone-ticker.de\/apiv2\/wp\/v2\/posts\/33808\/revisions\/33811"}],"wp:featuredmedia":[{"embeddable":true,"href":"https:\/\/www.iphone-ticker.de\/apiv2\/wp\/v2\/media\/33809"}],"wp:attachment":[{"href":"https:\/\/www.iphone-ticker.de\/apiv2\/wp\/v2\/media?parent=33808"}],"wp:term":[{"taxonomy":"category","embeddable":true,"href":"https:\/\/www.iphone-ticker.de\/apiv2\/wp\/v2\/categories?post=33808"},{"taxonomy":"post_tag","embeddable":true,"href":"https:\/\/www.iphone-ticker.de\/apiv2\/wp\/v2\/tags?post=33808"}],"curies":[{"name":"wp","href":"https:\/\/api.w.org\/{rel}","templated":true}]}}