{"id":33743,"date":"2012-05-24T17:50:56","date_gmt":"2012-05-24T15:50:56","guid":{"rendered":"http:\/\/www.iphone-ticker.de\/?p=33743"},"modified":"2012-06-10T20:30:16","modified_gmt":"2012-06-10T18:30:16","slug":"schwarz-weise-rahmen-die-ubergangslosung-fur-ein-iphone-mit-4-zoll-display","status":"publish","type":"post","link":"https:\/\/www.iphone-ticker.de\/schwarz-weise-rahmen-die-ubergangslosung-fur-ein-iphone-mit-4-zoll-display-33743\/","title":{"rendered":"Schwarz-wei\u00dfe Rahmen: Die \u00dcbergangsl\u00f6sung f\u00fcr ein iPhone mit 4-Zoll Display"},"content":{"rendered":"<p>Sollte das 4-Zoll iPhone in diesem Jahr wirklich landen &#8211; die <a href=\"http:\/\/www.imore.com\/2012\/05\/24\/16-9-iphone\/\">Spekulationsdichte<\/a> potenziert sich dieser Tage ja fast schon im Stundentakt &#8211; stellt sich vor allem eine Frage: Wie wird Apples die Anzeige all jener Applikationen handhaben, die zum Start der sechsten Ger\u00e4te-Generation noch nicht an die neuen Display-Ma\u00dfe angepasst wurden? <\/p>\n<p><img loading=\"lazy\" decoding=\"async\" src=\"http:\/\/www.iphone-ticker.de\/wp-content\/uploads\/2012\/05\/iphone-4-zoll.jpg\" alt=\"\" title=\"iphone-4-zoll\" width=\"464\" height=\"267\" class=\"aligncenter size-full wp-image-33744\" srcset=\"https:\/\/images.iphone-ticker.de\/wp-content\/uploads\/2012\/05\/iphone-4-zoll.jpg 464w, https:\/\/images.iphone-ticker.de\/wp-content\/uploads\/2012\/05\/iphone-4-zoll-300x172.jpg 300w\" sizes=\"auto, (max-width: 464px) 100vw, 464px\" \/><\/p>\n<p>H\u00f6rt man sich in Entwickler-Kreisen um, scheint der verl\u00e4ngerten Neuausrichtung der Display-Anzeige nicht all zu viel Relevanz beigemessen zu werden. Bereits jetzt m\u00fcssen iPhone-Applikationen ein gewisses Ma\u00df an vertikaler Flexibilit\u00e4t beweisen &#8211; etwa wenn die Statusleiste des iPhones um den zus\u00e4tzlichen gr\u00fcnen Balken w\u00e4hrend laufender Telefonate erg\u00e4nzt wird &#8211; und sollten sich relativ problemlos &#8222;strecken&#8220; lassen.<\/p>\n<p><img loading=\"lazy\" decoding=\"async\" src=\"http:\/\/www.iphone-ticker.de\/wp-content\/uploads\/2012\/05\/statusbar.jpg\" alt=\"\" title=\"statusbar\" width=\"464\" height=\"82\" class=\"aligncenter size-full wp-image-33745\" srcset=\"https:\/\/images.iphone-ticker.de\/wp-content\/uploads\/2012\/05\/statusbar.jpg 464w, https:\/\/images.iphone-ticker.de\/wp-content\/uploads\/2012\/05\/statusbar-300x53.jpg 300w\" sizes=\"auto, (max-width: 464px) 100vw, 464px\" \/> <\/p>\n<p>Spannend wird es jedoch bei Spielen und iOS-Applikationen die nicht auf die vom Betriebssystem bereitgestellten Bedienelemente setzen, sondern ihren eigenen Pixel-Garten mitbringen. Genau hier setzt <a href=\"http:\/\/willhains.com\/post\/23401520339\/wishful-thinking\">Will Hains<\/a> mit seinem unglaublich einfachen Vorschlag an. <\/p>\n<p><!--more--><\/p>\n<p>Um die Vollkompatibilit\u00e4t zu all jenen Applikationen zu gew\u00e4hrleisten, die die neuen Display-Abmessungen in ihrem Code noch nicht ber\u00fccksichtigen, k\u00f6nnte Apple einfach Ger\u00e4te-spezifisch eingef\u00e4rbte Balken auf dem Display einblenden. Die Apps w\u00fcrden dann links und rechts mit einen schwarzen bzw. wei\u00dfen Rand ausgestattet und b\u00f6ten den Applikationen den gleichen Platz wie auf dem iPhone 4S. <\/p>\n<p><img loading=\"lazy\" decoding=\"async\" src=\"http:\/\/www.iphone-ticker.de\/wp-content\/uploads\/2012\/05\/displayrahmen.jpg\" alt=\"\" title=\"displayrahmen\" width=\"500\" height=\"266\" class=\"aligncenter size-full wp-image-33746\" srcset=\"https:\/\/images.iphone-ticker.de\/wp-content\/uploads\/2012\/05\/displayrahmen.jpg 500w, https:\/\/images.iphone-ticker.de\/wp-content\/uploads\/2012\/05\/displayrahmen-300x159.jpg 300w\" sizes=\"auto, (max-width: 500px) 100vw, 500px\" \/><\/p>\n","protected":false},"excerpt":{"rendered":"<a href=\"https:\/\/www.iphone-ticker.de\/schwarz-weise-rahmen-die-ubergangslosung-fur-ein-iphone-mit-4-zoll-display-33743\/\"><img width=\"150\" height=\"86\" src=\"https:\/\/images.iphone-ticker.de\/wp-content\/uploads\/2012\/05\/iphone-4-zoll.jpg\" class=\"alignright tfe wp-post-image\" alt=\"\" decoding=\"async\" loading=\"lazy\" srcset=\"https:\/\/images.iphone-ticker.de\/wp-content\/uploads\/2012\/05\/iphone-4-zoll.jpg 464w, https:\/\/images.iphone-ticker.de\/wp-content\/uploads\/2012\/05\/iphone-4-zoll-300x172.jpg 300w\" sizes=\"auto, (max-width: 150px) 100vw, 150px\" \/><\/a><p>Sollte das 4-Zoll iPhone in diesem Jahr wirklich landen &#8211; die Spekulationsdichte potenziert sich dieser Tage ja fast schon im Stundentakt &#8211; stellt sich vor allem eine Frage: Wie wird Apples die Anzeige all jener Applikationen handhaben, die zum Start der sechsten Ger\u00e4te-Generation noch nicht an die neuen Display-Ma\u00dfe angepasst wurden? H\u00f6rt man sich in [&hellip;]<\/p>\n","protected":false},"author":1,"featured_media":33744,"comment_status":"open","ping_status":"closed","sticky":false,"template":"","format":"standard","meta":{"footnotes":""},"categories":[6],"tags":[80,2064,344,3910,15,105,49],"class_list":["post-33743","post","type-post","status-publish","format-standard","has-post-thumbnail","hentry","category-rumors","tag-display","tag-geruechte","tag-iphone","tag-rumors","tag-specs","tag-wwdc","tag-zahlen"],"aioseo_notices":[],"rest_api_enabler":[],"_links":{"self":[{"href":"https:\/\/www.iphone-ticker.de\/apiv2\/wp\/v2\/posts\/33743","targetHints":{"allow":["GET"]}}],"collection":[{"href":"https:\/\/www.iphone-ticker.de\/apiv2\/wp\/v2\/posts"}],"about":[{"href":"https:\/\/www.iphone-ticker.de\/apiv2\/wp\/v2\/types\/post"}],"author":[{"embeddable":true,"href":"https:\/\/www.iphone-ticker.de\/apiv2\/wp\/v2\/users\/1"}],"replies":[{"embeddable":true,"href":"https:\/\/www.iphone-ticker.de\/apiv2\/wp\/v2\/comments?post=33743"}],"version-history":[{"count":4,"href":"https:\/\/www.iphone-ticker.de\/apiv2\/wp\/v2\/posts\/33743\/revisions"}],"predecessor-version":[{"id":34326,"href":"https:\/\/www.iphone-ticker.de\/apiv2\/wp\/v2\/posts\/33743\/revisions\/34326"}],"wp:featuredmedia":[{"embeddable":true,"href":"https:\/\/www.iphone-ticker.de\/apiv2\/wp\/v2\/media\/33744"}],"wp:attachment":[{"href":"https:\/\/www.iphone-ticker.de\/apiv2\/wp\/v2\/media?parent=33743"}],"wp:term":[{"taxonomy":"category","embeddable":true,"href":"https:\/\/www.iphone-ticker.de\/apiv2\/wp\/v2\/categories?post=33743"},{"taxonomy":"post_tag","embeddable":true,"href":"https:\/\/www.iphone-ticker.de\/apiv2\/wp\/v2\/tags?post=33743"}],"curies":[{"name":"wp","href":"https:\/\/api.w.org\/{rel}","templated":true}]}}