{"id":31138,"date":"2012-02-29T08:21:44","date_gmt":"2012-02-29T07:21:44","guid":{"rendered":"http:\/\/www.iphone-ticker.de\/?p=31138"},"modified":"2012-06-30T01:05:52","modified_gmt":"2012-06-29T23:05:52","slug":"duracell-powermat-induktions-ladesystem","status":"publish","type":"post","link":"https:\/\/www.iphone-ticker.de\/duracell-powermat-induktions-ladesystem-31138\/","title":{"rendered":"Powermat: Duracell will neues Induktions-Ladesystem in Veranstaltungszentren und Fahrzeugen integrieren"},"content":{"rendered":"<p>Auf dem World Mobile Congress hatten wir die Gelegenheit, einen Blick auf das von Duracell in den USA bereits umgesetzte Powermat-Konzept zu werfen. Der Hersteller experimentiert ja bereits geraume Zeit mit drahtlosen Ladetechniken f\u00fcr Mobilger\u00e4te, die ersten Schritte mit dem <a href=\"http:\/\/www.ifun.de\/duracell-mygrid-multi-ladestation-mit-konduktionstechnik-8137\/\">hier<\/a> von uns vorgestellten myGrid konnten allerdings wenig \u00fcberzeugen.<\/p>\n<p><img loading=\"lazy\" decoding=\"async\" src=\"http:\/\/www.iphone-ticker.de\/wp-content\/uploads\/2012\/02\/duracell-powermat.jpg\" alt=\"\" title=\"duracell-powermat\" width=\"464\" height=\"181\" class=\"alignnone size-full wp-image-31139\" srcset=\"https:\/\/images.iphone-ticker.de\/wp-content\/uploads\/2012\/02\/duracell-powermat.jpg 464w, https:\/\/images.iphone-ticker.de\/wp-content\/uploads\/2012\/02\/duracell-powermat-300x117.jpg 300w\" sizes=\"auto, (max-width: 464px) 100vw, 464px\" \/><\/p>\n<p>Duracells <a href=\"http:\/\/powermat.com\/\">Powermat<\/a> scheint uns da schon ein ganzes St\u00fcck interessanter. Das iPhone findet seinen Platz in einem deutlich eleganteren, und in verschiedenen Farben erh\u00e4ltlichen Case. Als Zubeh\u00f6r ist dann noch ein kleiner, ebenfalls mittels Induktionstechnik ladbarer Zusatzakku zum Mitnehmen verf\u00fcgbar.<br \/>\nUm das Angebot attraktiver zu machen, arbeitet Duracell mit verschiedenen Partnern zusammen. Neben Fahrzeugherstellern (in den USA ist General Motors bereits mit von der Partie) sind hier auch Veranstaltungszentren und Kneipen im Fokus. Die New Yorker Veranstaltungsarena Madison Square Garden wird beispielsweise als Pilotprojekt mit Stehtischen ausgestattet, die entsprechende Ladefelder integriert haben.<\/p>\n<p><!--more-->Eine internationale Ausweitung ist f\u00fcr 2013 geplant, dann soll auch Deutschland und als &#8222;Community-Spot&#8220; zun\u00e4chst wohl Berlin an der Reihe sein, teilte uns Duracell auf Anfrage mit.<\/p>\n<p>Sicher ein interessantes Projekt, der Erfolg d\u00fcrfte jedoch im Wesentlichen nicht nur von den Kosten f\u00fcr die Ladeh\u00fclle, sondern auch von der Verbreitung entsprechender Ladestationen abh\u00e4ngen.<\/p>\n<p><div class=\"responsive-video\"><iframe loading=\"lazy\" width=\"464\" height=\"266\" src=\"http:\/\/www.youtube-nocookie.com\/embed\/3WsHtfQxcLM?rel=0\" frameborder=\"0\" allowfullscreen><\/iframe><\/div><br \/>\n(<a href=\"http:\/\/youtu.be\/3WsHtfQxcLM\">Direktlink zum Video<\/a>)<\/p>\n","protected":false},"excerpt":{"rendered":"<a href=\"https:\/\/www.iphone-ticker.de\/duracell-powermat-induktions-ladesystem-31138\/\"><img width=\"150\" height=\"150\" src=\"https:\/\/images.iphone-ticker.de\/wp-content\/uploads\/2012\/02\/duracell-powermat-150x150.jpg\" class=\"alignright tfe wp-post-image\" alt=\"\" decoding=\"async\" loading=\"lazy\" \/><\/a><p>Auf dem World Mobile Congress hatten wir die Gelegenheit, einen Blick auf das von Duracell in den USA bereits umgesetzte Powermat-Konzept zu werfen. Der Hersteller experimentiert ja bereits geraume Zeit mit drahtlosen Ladetechniken f\u00fcr Mobilger\u00e4te, die ersten Schritte mit dem hier von uns vorgestellten myGrid konnten allerdings wenig \u00fcberzeugen. Duracells Powermat scheint uns da schon [&hellip;]<\/p>\n","protected":false},"author":2,"featured_media":31139,"comment_status":"open","ping_status":"closed","sticky":false,"template":"","format":"standard","meta":{"footnotes":""},"categories":[24],"tags":[27,1040,1246,45],"class_list":["post-31138","post","type-post","status-publish","format-standard","has-post-thumbnail","hentry","category-zubehor","tag-akku","tag-drahtlos","tag-duracell","tag-ladegerat"],"aioseo_notices":[],"rest_api_enabler":[],"_links":{"self":[{"href":"https:\/\/www.iphone-ticker.de\/apiv2\/wp\/v2\/posts\/31138","targetHints":{"allow":["GET"]}}],"collection":[{"href":"https:\/\/www.iphone-ticker.de\/apiv2\/wp\/v2\/posts"}],"about":[{"href":"https:\/\/www.iphone-ticker.de\/apiv2\/wp\/v2\/types\/post"}],"author":[{"embeddable":true,"href":"https:\/\/www.iphone-ticker.de\/apiv2\/wp\/v2\/users\/2"}],"replies":[{"embeddable":true,"href":"https:\/\/www.iphone-ticker.de\/apiv2\/wp\/v2\/comments?post=31138"}],"version-history":[{"count":3,"href":"https:\/\/www.iphone-ticker.de\/apiv2\/wp\/v2\/posts\/31138\/revisions"}],"predecessor-version":[{"id":35400,"href":"https:\/\/www.iphone-ticker.de\/apiv2\/wp\/v2\/posts\/31138\/revisions\/35400"}],"wp:featuredmedia":[{"embeddable":true,"href":"https:\/\/www.iphone-ticker.de\/apiv2\/wp\/v2\/media\/31139"}],"wp:attachment":[{"href":"https:\/\/www.iphone-ticker.de\/apiv2\/wp\/v2\/media?parent=31138"}],"wp:term":[{"taxonomy":"category","embeddable":true,"href":"https:\/\/www.iphone-ticker.de\/apiv2\/wp\/v2\/categories?post=31138"},{"taxonomy":"post_tag","embeddable":true,"href":"https:\/\/www.iphone-ticker.de\/apiv2\/wp\/v2\/tags?post=31138"}],"curies":[{"name":"wp","href":"https:\/\/api.w.org\/{rel}","templated":true}]}}