{"id":30778,"date":"2012-02-17T16:12:53","date_gmt":"2012-02-17T15:12:53","guid":{"rendered":"http:\/\/www.iphone-ticker.de\/?p=30778"},"modified":"2012-02-20T12:17:00","modified_gmt":"2012-02-20T11:17:00","slug":"apple-verkauft-2011-mehr-ios-gerate-als-macs-in-den-vergangenen-28-jahren","status":"publish","type":"post","link":"https:\/\/www.iphone-ticker.de\/apple-verkauft-2011-mehr-ios-gerate-als-macs-in-den-vergangenen-28-jahren-30778\/","title":{"rendered":"Apple verkauft 2011 mehr iOS-Ger\u00e4te als Macs in den vergangenen 28 Jahren"},"content":{"rendered":"<p>Keine Frage, richtig vergleichen lassen sich die Produkt-Familien &#8211; schon allein beim Blick auf die unterschiedlichen Verkaufspreise &#8211; wohl eher nicht; die Gegen\u00fcberstellung der Ger\u00e4te-Abs\u00e4tze verdeutlicht jedoch die massiven Verkaufszahlen die iPhone, iPod touch und iPad im vergangenen Jahr f\u00fcr sich verbuchen konnten. Allein das iPad ging bislang 55 Millionen mal \u00fcber den Tresen &#8211; ein Volumen, das Tim Cook zeitlich gewichtet: <\/p>\n<blockquote><p>&#8222;Niemand h\u00e4tte auch nur im Traum an 55 Millionen [iPads] gedacht. Wir inklusive. Betrachten wir die Zahlen im Kontext: Wir haben 22 Jahre gebraucht um 55 Millionen Macs zu verkaufen, 5 Jahre um 22 Millionen iPods zu verkaufen und 3 Jahre um so viele iPhone abzusetzen.&#8220;<\/p><\/blockquote>\n<p><a href=\"http:\/\/www.asymco.com\">Asymcos<\/a> Horace Dediu <a href=\"http:\/\/www.asymco.com\/2012\/02\/16\/ios-devices-in-2011-vs-macs-sold-it-in-28-years\/\">illustriert<\/a> den unterschiedlichen Absatz der vier Produkt-Familien: <\/p>\n<blockquote><p>&#8222;That gave me an idea. Here is a plot of each major computing product Apple sold throughout its history shown as a cumulative total since product launch.&#8220;<\/p><\/blockquote>\n<p><a href=\"http:\/\/www.asymco.com\/wp-content\/uploads\/2012\/02\/Screen-Shot-2012-02-16-at-2-16-9.54.38-PM.png\"><img loading=\"lazy\" decoding=\"async\" src=\"http:\/\/www.iphone-ticker.de\/wp-content\/uploads\/2012\/02\/zahlen1.jpg\" alt=\"\" title=\"zahlen\" width=\"464\" height=\"410\" class=\"aligncenter size-full wp-image-30779\" srcset=\"https:\/\/images.iphone-ticker.de\/wp-content\/uploads\/2012\/02\/zahlen1.jpg 464w, https:\/\/images.iphone-ticker.de\/wp-content\/uploads\/2012\/02\/zahlen1-300x265.jpg 300w\" sizes=\"auto, (max-width: 464px) 100vw, 464px\" \/><\/a><\/p>\n","protected":false},"excerpt":{"rendered":"<a href=\"https:\/\/www.iphone-ticker.de\/apple-verkauft-2011-mehr-ios-gerate-als-macs-in-den-vergangenen-28-jahren-30778\/\"><img width=\"150\" height=\"150\" src=\"https:\/\/images.iphone-ticker.de\/wp-content\/uploads\/2012\/02\/zahlen1-150x150.jpg\" class=\"alignright tfe wp-post-image\" alt=\"\" decoding=\"async\" loading=\"lazy\" \/><\/a><p>Apple verkauft 2011<br \/>\nmehr iOS-Ger\u00e4te als<br \/>\nMacs in den vergangenen<br \/>\n28 Jahren<\/p>\n","protected":false},"author":1,"featured_media":30779,"comment_status":"open","ping_status":"closed","sticky":false,"template":"","format":"standard","meta":{"footnotes":""},"categories":[14,746],"tags":[3912,344,49],"class_list":["post-30778","post","type-post","status-publish","format-standard","has-post-thumbnail","hentry","category-apple","category-topnews","tag-apple","tag-iphone","tag-zahlen"],"aioseo_notices":[],"rest_api_enabler":[],"_links":{"self":[{"href":"https:\/\/www.iphone-ticker.de\/apiv2\/wp\/v2\/posts\/30778","targetHints":{"allow":["GET"]}}],"collection":[{"href":"https:\/\/www.iphone-ticker.de\/apiv2\/wp\/v2\/posts"}],"about":[{"href":"https:\/\/www.iphone-ticker.de\/apiv2\/wp\/v2\/types\/post"}],"author":[{"embeddable":true,"href":"https:\/\/www.iphone-ticker.de\/apiv2\/wp\/v2\/users\/1"}],"replies":[{"embeddable":true,"href":"https:\/\/www.iphone-ticker.de\/apiv2\/wp\/v2\/comments?post=30778"}],"version-history":[{"count":2,"href":"https:\/\/www.iphone-ticker.de\/apiv2\/wp\/v2\/posts\/30778\/revisions"}],"predecessor-version":[{"id":30822,"href":"https:\/\/www.iphone-ticker.de\/apiv2\/wp\/v2\/posts\/30778\/revisions\/30822"}],"wp:featuredmedia":[{"embeddable":true,"href":"https:\/\/www.iphone-ticker.de\/apiv2\/wp\/v2\/media\/30779"}],"wp:attachment":[{"href":"https:\/\/www.iphone-ticker.de\/apiv2\/wp\/v2\/media?parent=30778"}],"wp:term":[{"taxonomy":"category","embeddable":true,"href":"https:\/\/www.iphone-ticker.de\/apiv2\/wp\/v2\/categories?post=30778"},{"taxonomy":"post_tag","embeddable":true,"href":"https:\/\/www.iphone-ticker.de\/apiv2\/wp\/v2\/tags?post=30778"}],"curies":[{"name":"wp","href":"https:\/\/api.w.org\/{rel}","templated":true}]}}