{"id":3000,"date":"2008-06-07T03:19:59","date_gmt":"2008-06-07T01:19:59","guid":{"rendered":"http:\/\/www.iphone-ticker.de\/2008\/06\/07\/videos-vorbereitung-apple-startet-offiziellen-keynote-podcast\/"},"modified":"2008-06-07T03:25:42","modified_gmt":"2008-06-07T01:25:42","slug":"videos-vorbereitung-apple-startet-offiziellen-keynote-podcast","status":"publish","type":"post","link":"https:\/\/www.iphone-ticker.de\/videos-vorbereitung-apple-startet-offiziellen-keynote-podcast-3000\/","title":{"rendered":"Videos &#038; Vorbereitung: Apple startet offiziellen Keynote-Podcast"},"content":{"rendered":"<p><img decoding=\"async\" src=\"http:\/\/www.iphone-ticker.de\/wp-content\/uploads\/2008\/06\/keynotepcs.png\" alt=\"keynotepcs.png\" align=\"right\" \/>Kurz vor Er\u00f6ffnung WWDC und der damit einhergehenden Jobs-Keynote hat Apple unter dem Titel &#8222;Apple Keynotes&#8220; einen eigenen, (der Name l\u00e4sst es erahnen) auf Keynotes beschr\u00e4nken Podcast <a href=\"http:\/\/phobos.apple.com\/WebObjects\/MZStore.woa\/wa\/viewPodcast?id=275834665\">im iTunes Store untergebracht<\/a>.<\/p>\n<p>Bislang mit den Steve Jobs &#8222;<em>Kick-Offs<\/em>&#8220; der Macworld 2007 und 2008 sowie dem <a href=\"http:\/\/www.iphone-ticker.de\/2008\/03\/06\/sdk-jetzt-apps-20-update-im-juni\/\">Roadmap-Event<\/a> zur iPhone-Software im M\u00e4rz dieses Jahres ausgestattet, l\u00e4sst sich annehmen, dass auch der anstehende WWDC-Mitschnitt \u00fcber den Podcast zu beziehen sein wird. Also: Bitte <a href=\"http:\/\/phobos.apple.com\/WebObjects\/MZStore.woa\/wa\/viewPodcast?id=275834665\">abonnieren<\/a>. <a href=\"http:\/\/www.ilounge.com\/index.php\/news\/comments\/apple-launches-official-keynote-podcast-ahead-of-wwdc-address\/\">via iLounge<\/a><\/p>\n","protected":false},"excerpt":{"rendered":"<a href=\"https:\/\/www.iphone-ticker.de\/videos-vorbereitung-apple-startet-offiziellen-keynote-podcast-3000\/\"><img decoding=\"async\" width=\"150\" src=\"http:\/\/www.iphone-ticker.de\/wp-content\/uploads\/2008\/06\/keynotepcs.png\" class=\"alignright wp-post-image tfe\" alt=\"keynotepcs.png\" title=\"\" \/><\/a><p>Kurz vor Er\u00f6ffnung WWDC und der damit einhergehenden Jobs-Keynote hat Apple unter dem Titel &#8222;Apple Keynotes&#8220; einen eigenen, (der Name l\u00e4sst es erahnen) auf Keynotes beschr\u00e4nken Podcast im iTunes Store untergebracht. Bislang mit den Steve Jobs &#8222;Kick-Offs&#8220; der Macworld 2007 und 2008 sowie dem Roadmap-Event zur iPhone-Software im M\u00e4rz dieses Jahres ausgestattet, l\u00e4sst sich annehmen, [&hellip;]<\/p>\n","protected":false},"author":1,"featured_media":0,"comment_status":"open","ping_status":"open","sticky":false,"template":"","format":"standard","meta":{"footnotes":""},"categories":[1],"tags":[3912,165,74,8],"class_list":["post-3000","post","type-post","status-publish","format-standard","hentry","category-news","tag-apple","tag-podcast","tag-tipp","tag-video"],"aioseo_notices":[],"rest_api_enabler":[],"_links":{"self":[{"href":"https:\/\/www.iphone-ticker.de\/apiv2\/wp\/v2\/posts\/3000","targetHints":{"allow":["GET"]}}],"collection":[{"href":"https:\/\/www.iphone-ticker.de\/apiv2\/wp\/v2\/posts"}],"about":[{"href":"https:\/\/www.iphone-ticker.de\/apiv2\/wp\/v2\/types\/post"}],"author":[{"embeddable":true,"href":"https:\/\/www.iphone-ticker.de\/apiv2\/wp\/v2\/users\/1"}],"replies":[{"embeddable":true,"href":"https:\/\/www.iphone-ticker.de\/apiv2\/wp\/v2\/comments?post=3000"}],"version-history":[{"count":0,"href":"https:\/\/www.iphone-ticker.de\/apiv2\/wp\/v2\/posts\/3000\/revisions"}],"wp:attachment":[{"href":"https:\/\/www.iphone-ticker.de\/apiv2\/wp\/v2\/media?parent=3000"}],"wp:term":[{"taxonomy":"category","embeddable":true,"href":"https:\/\/www.iphone-ticker.de\/apiv2\/wp\/v2\/categories?post=3000"},{"taxonomy":"post_tag","embeddable":true,"href":"https:\/\/www.iphone-ticker.de\/apiv2\/wp\/v2\/tags?post=3000"}],"curies":[{"name":"wp","href":"https:\/\/api.w.org\/{rel}","templated":true}]}}