{"id":29093,"date":"2011-12-27T10:05:17","date_gmt":"2011-12-27T09:05:17","guid":{"rendered":"http:\/\/www.iphone-ticker.de\/?p=29093"},"modified":"2011-12-27T10:05:17","modified_gmt":"2011-12-27T09:05:17","slug":"heute-1205-n24-wiederholt-die-apple-story","status":"publish","type":"post","link":"https:\/\/www.iphone-ticker.de\/heute-1205-n24-wiederholt-die-apple-story-29093\/","title":{"rendered":"Heute 12:05: N24 wiederholt &#8222;Die Apple Story&#8220;"},"content":{"rendered":"<p><img loading=\"lazy\" decoding=\"async\" src=\"http:\/\/www.iphone-ticker.de\/wp-content\/uploads\/2011\/10\/n24doku.jpg\" alt=\"\" title=\"n24doku\" width=\"160\" height=\"131\" class=\"alignright size-full wp-image-26670\" \/>\u00dcberschrieben mit der wenig zur\u00fcckhaltenden Tagline &#8222;Die Apple-Story \u2013 Wie Steve Jobs die Welt ver\u00e4nderte&#8220; zeigt der Nachrichtensender N24 heute noch mal seine Kurzdokumentation \u00fcber den Apple Gr\u00fcnder Steve Jobs. Die 45 Minuten lange Sendung vm Oktober l\u00e4sst sich sowohl auf der <a href=\"http:\/\/www.n24.de\/news\/newsitem_7350133.html?id=1265405&#038;autoplay=true\">Themenseite<\/a> als auch in der <a href=\"http:\/\/www.n24.de\/mediathek\/video_1265405.html\">N24-Mediathek<\/a> einsehen und wird um 12:05 im Tagesprogramm ausgestrahlt. <\/p>\n<p><!--more--><\/p>\n<blockquote><p>Vom &#8222;Apple I&#8220; \u00fcber den &#8222;Mac&#8220; bis hin zum &#8222;iPhone&#8220; und &#8222;iPad&#8220; &#8211; der erfolgreiche US-IT-Konzern Apple Inc. hat die Welt mit seiner facettenreichen Produktpalette revolutioniert. Den Grundstein legte Steve Jobs 1976 gemeinsam mit Steve Wozniak und Ronald Wayne. Heute geh\u00f6rt Apple zu den wertvollsten Marken in der Computer- und Unterhaltungsbranche und ist ein milliardenschweres Unternehmen. Sein Aush\u00e4ngeschild war der am 5. Oktober 2011 verstorbene Steve Jobs.<\/p><\/blockquote>\n","protected":false},"excerpt":{"rendered":"<a href=\"https:\/\/www.iphone-ticker.de\/heute-1205-n24-wiederholt-die-apple-story-29093\/\"><img decoding=\"async\" width=\"150\" src=\"http:\/\/www.iphone-ticker.de\/wp-content\/uploads\/2011\/10\/n24doku.jpg\" class=\"alignright wp-post-image tfe\" alt=\"\" title=\"n24doku\" \/><\/a><p>\u00dcberschrieben mit der wenig zur\u00fcckhaltenden Tagline &#8222;Die Apple-Story \u2013 Wie Steve Jobs die Welt ver\u00e4nderte&#8220; zeigt der Nachrichtensender N24 heute noch mal seine Kurzdokumentation \u00fcber den Apple Gr\u00fcnder Steve Jobs. Die 45 Minuten lange Sendung vm Oktober l\u00e4sst sich sowohl auf der Themenseite als auch in der N24-Mediathek einsehen und wird um 12:05 im Tagesprogramm [&hellip;]<\/p>\n","protected":false},"author":1,"featured_media":0,"comment_status":"open","ping_status":"closed","sticky":false,"template":"","format":"standard","meta":{"footnotes":""},"categories":[489],"tags":[413,171,8],"class_list":["post-29093","post","type-post","status-publish","format-standard","hentry","category-videos","tag-fernsehen","tag-tv","tag-video"],"aioseo_notices":[],"rest_api_enabler":[],"_links":{"self":[{"href":"https:\/\/www.iphone-ticker.de\/apiv2\/wp\/v2\/posts\/29093","targetHints":{"allow":["GET"]}}],"collection":[{"href":"https:\/\/www.iphone-ticker.de\/apiv2\/wp\/v2\/posts"}],"about":[{"href":"https:\/\/www.iphone-ticker.de\/apiv2\/wp\/v2\/types\/post"}],"author":[{"embeddable":true,"href":"https:\/\/www.iphone-ticker.de\/apiv2\/wp\/v2\/users\/1"}],"replies":[{"embeddable":true,"href":"https:\/\/www.iphone-ticker.de\/apiv2\/wp\/v2\/comments?post=29093"}],"version-history":[{"count":1,"href":"https:\/\/www.iphone-ticker.de\/apiv2\/wp\/v2\/posts\/29093\/revisions"}],"predecessor-version":[{"id":29094,"href":"https:\/\/www.iphone-ticker.de\/apiv2\/wp\/v2\/posts\/29093\/revisions\/29094"}],"wp:attachment":[{"href":"https:\/\/www.iphone-ticker.de\/apiv2\/wp\/v2\/media?parent=29093"}],"wp:term":[{"taxonomy":"category","embeddable":true,"href":"https:\/\/www.iphone-ticker.de\/apiv2\/wp\/v2\/categories?post=29093"},{"taxonomy":"post_tag","embeddable":true,"href":"https:\/\/www.iphone-ticker.de\/apiv2\/wp\/v2\/tags?post=29093"}],"curies":[{"name":"wp","href":"https:\/\/api.w.org\/{rel}","templated":true}]}}