{"id":285475,"date":"2026-09-04T08:14:20","date_gmt":"2026-09-04T06:14:20","guid":{"rendered":"https:\/\/www.iphone-ticker.de\/?p=285475"},"modified":"2026-09-04T08:16:26","modified_gmt":"2026-09-04T06:16:26","slug":"basf-verklagt-apple-wegen-face-id-technik","status":"publish","type":"post","link":"https:\/\/www.iphone-ticker.de\/basf-verklagt-apple-wegen-face-id-technik-285475\/","title":{"rendered":"BASF verklagt Apple wegen Face-ID-Technik"},"content":{"rendered":"<p>Der Chemiekonzern BASF hat Apple in den USA wegen einer mutma\u00dflichen Verletzung mehrerer Patente verklagt. Konkret lautet der Vorwurf, dass Apple f\u00fcr seine Gesichtserkennung Face ID Verfahren zur Erkennung von Haut und Materialien verwendet, die von der BASF-Tochter <a href=\"https:\/\/trinamixsensing.com\/\">trinamiX<\/a> entwickelt und gesch\u00fctzt wurden.<\/p>\n<p>Laut einem <a href=\"https:\/\/www.reuters.com\/world\/basf-sues-apple-us-allegedly-infringing-its-face-authentication-patents-2026-09-03\/\">Reuters-Bericht<\/a> fordert BASF Schadenersatz in bislang nicht genannter H\u00f6he und verlangt, dass Apple weitere Verletzungen der betreffenden Patente unterl\u00e4sst. Apple hat sich zu der Angelegenheit bislang nicht ge\u00e4u\u00dfert.<\/p>\n<p><a href=\"https:\/\/images.iphone-ticker.de\/wp-content\/uploads\/2026\/09\/trinamix-basf.jpg\"><img loading=\"lazy\" decoding=\"async\" src=\"https:\/\/images.iphone-ticker.de\/wp-content\/uploads\/2026\/09\/trinamix-basf-700x438.jpg\" alt=\"Trinamix Basf\" width=\"700\" height=\"438\" class=\"alignnone size-large wp-image-285476\" srcset=\"https:\/\/images.iphone-ticker.de\/wp-content\/uploads\/2026\/09\/trinamix-basf-700x438.jpg 700w, https:\/\/images.iphone-ticker.de\/wp-content\/uploads\/2026\/09\/trinamix-basf-500x313.jpg 500w, https:\/\/images.iphone-ticker.de\/wp-content\/uploads\/2026\/09\/trinamix-basf.jpg 1400w\" sizes=\"auto, (max-width: 700px) 100vw, 700px\" \/><\/a><\/p>\n<h6>Bild: trinamiX Biometrie-Sensor<\/h6>\n<h2>Angeblich sieben Patente betroffen<\/h2>\n<p>Insgesamt seien sieben Patente von trinamiX betroffen. Das Unternehmen besch\u00e4ftigt sich seit mehreren Jahren mit Verfahren, die bei einer Gesichtserkennung zwischen echter Haut und anderen Materialien unterscheiden sollen. Damit soll verhindert werden, dass sich biometrische Sicherheitssysteme beispielsweise mit Fotos, Masken oder k\u00fcnstlichen Nachbildungen eines Gesichts \u00fcberlisten lassen.<\/p>\n<p>Apple hat Face ID im Jahr 2017 mit dem iPhone X eingef\u00fchrt. Damals habe Apple die nun beanstandeten Verfahren noch nicht eingesetzt. Bei sp\u00e4teren Weiterentwicklungen von Face ID habe Apple dagegen Techniken zur Erkennung von Haut und Materialien verwendet, die nach Ansicht der BASF-Tochter unter den eigenen Patentschutz fallen.<\/p>\n<p><a href=\"https:\/\/images.iphone-ticker.de\/wp-content\/uploads\/2026\/09\/face-id-ipad.png\"><img loading=\"lazy\" decoding=\"async\" src=\"https:\/\/images.iphone-ticker.de\/wp-content\/uploads\/2026\/09\/face-id-ipad-700x506.png\" alt=\"Face Id Ipad\" width=\"700\" height=\"506\" class=\"alignnone size-large wp-image-285479\" srcset=\"https:\/\/images.iphone-ticker.de\/wp-content\/uploads\/2026\/09\/face-id-ipad-700x506.png 700w, https:\/\/images.iphone-ticker.de\/wp-content\/uploads\/2026\/09\/face-id-ipad-500x361.png 500w, https:\/\/images.iphone-ticker.de\/wp-content\/uploads\/2026\/09\/face-id-ipad.png 1400w\" sizes=\"auto, (max-width: 700px) 100vw, 700px\" \/><\/a><\/p>\n<h6>Face ID auf dem iPad<\/h6>\n<h2>Aktuelle iPhone-Modelle betroffen<\/h2>\n<p>In der Klageschrift werden unter anderem verschiedene Modelle des iPhone 15, iPhone 16 und iPhone 17 sowie das iPad Pro als betroffene Ger\u00e4te angef\u00fchrt. Nach Ansicht der BASF-Tochter habe Apple von der m\u00f6glichen Patentverletzung wissen m\u00fcssen oder zumindest damit rechnen k\u00f6nnen. trinamiX sei dadurch ein erheblicher wirtschaftlicher Schaden entstanden.<\/p>\n<p>Die Urspr\u00fcnge der Technik reichen nach Angaben von BASF bis ins Jahr 2010 zur\u00fcck. Bei Forschungsarbeiten an organischen Solarzellen seien Erkenntnisse gewonnen worden, aus denen sp\u00e4ter erste Kamerasysteme zur dreidimensionalen Erfassung von Objekten hervorgegangen seien. trinamiX wurde 2014 als eigenst\u00e4ndiges Unternehmen gegr\u00fcndet, um Technologien zur 3D- und Materialerkennung weiterzuentwickeln.<img decoding=\"async\" src=\"https:\/\/vg09.met.vgwort.de\/na\/77fb1ee6afa04b4084c815445045a59e\" width=\"1\" height=\"1\" no-lazy class=\"tracking\" loading=\"eager\"><\/p>\n","protected":false},"excerpt":{"rendered":"<a href=\"https:\/\/www.iphone-ticker.de\/basf-verklagt-apple-wegen-face-id-technik-285475\/\"><img width=\"150\" height=\"150\" src=\"https:\/\/images.iphone-ticker.de\/wp-content\/uploads\/2018\/10\/iphone-xs-face-id-header-150x150.jpg\" class=\"alignright tfe wp-post-image\" alt=\"Iphone Xs Face Id Header\" decoding=\"async\" loading=\"lazy\" \/><\/a><p>Der Chemiekonzern BASF hat Apple in den USA wegen einer mutma\u00dflichen Verletzung mehrerer Patente verklagt. Konkret lautet der Vorwurf, dass Apple f\u00fcr seine Gesichtserkennung Face ID Verfahren zur Erkennung von Haut und Materialien verwendet, die von der BASF-Tochter trinamiX entwickelt und gesch\u00fctzt wurden. Laut einem Reuters-Bericht fordert BASF Schadenersatz in bislang nicht genannter H\u00f6he und [&hellip;]<\/p>\n","protected":false},"author":2,"featured_media":131984,"comment_status":"open","ping_status":"closed","sticky":false,"template":"","format":"standard","meta":{"footnotes":""},"categories":[749],"tags":[7841,4057,344,261],"class_list":["post-285475","post","type-post","status-publish","format-standard","has-post-thumbnail","hentry","category-iphone-2","tag-basf","tag-face-id","tag-iphone","tag-patent"],"aioseo_notices":[],"aioseo_head":"\n\t\t<!-- All in One SEO Pro 5.0.1.1 - aioseo.com -->\n\t<meta name=\"description\" content=\"BASF verklagt Apple wegen Face ID. Die BASF-Tochter trinamiX sieht sieben Patente zur Haut- und Materialerkennung durch Apple verletzt.\" \/>\n\t<meta name=\"robots\" content=\"max-image-preview:large\" \/>\n\t<meta name=\"author\" content=\"chris\"\/>\n\t<meta name=\"google-site-verification\" content=\"bRuV4_wqNuoQLypC9HVKibZ0X7EtNyELtju97qgyflM\" \/>\n\t<link rel=\"canonical\" href=\"https:\/\/www.iphone-ticker.de\/basf-verklagt-apple-wegen-face-id-technik-285475\/\" \/>\n\t<meta name=\"generator\" content=\"All in One SEO Pro (AIOSEO) 5.0.1.1\" \/>\n\t\t<meta property=\"og:locale\" content=\"de_DE\" \/>\n\t\t<meta property=\"og:site_name\" content=\"iphone-ticker.de | Alles zum iPhone. Seit 2007.\" \/>\n\t\t<meta property=\"og:type\" content=\"article\" \/>\n\t\t<meta property=\"og:title\" content=\"BASF verklagt Apple wegen Face-ID-Technik | iphone-ticker.de\" \/>\n\t\t<meta property=\"og:description\" content=\"BASF verklagt Apple wegen Face ID. Die BASF-Tochter trinamiX sieht sieben Patente zur Haut- und Materialerkennung durch Apple verletzt.\" \/>\n\t\t<meta property=\"og:url\" content=\"https:\/\/www.iphone-ticker.de\/basf-verklagt-apple-wegen-face-id-technik-285475\/\" \/>\n\t\t<meta property=\"article:published_time\" content=\"2026-09-04T06:14:20+00:00\" \/>\n\t\t<meta property=\"article:modified_time\" content=\"2026-09-04T06:16:26+00:00\" \/>\n\t\t<meta property=\"article:publisher\" content=\"https:\/\/facebook.com\/ifun.de\" \/>\n\t\t<meta name=\"twitter:card\" content=\"summary_large_image\" \/>\n\t\t<meta name=\"twitter:site\" content=\"@iphoneticker\" \/>\n\t\t<meta name=\"twitter:title\" content=\"BASF verklagt Apple wegen Face-ID-Technik | iphone-ticker.de\" \/>\n\t\t<meta name=\"twitter:description\" content=\"BASF verklagt Apple wegen Face ID. Die BASF-Tochter trinamiX sieht sieben Patente zur Haut- und Materialerkennung durch Apple verletzt.\" \/>\n\t\t<meta name=\"twitter:creator\" content=\"@iphoneticker\" \/>\n\t\t<script type=\"application\/ld+json\" class=\"aioseo-schema\">\n\t\t\t{\"@context\":\"https:\\\/\\\/schema.org\",\"@graph\":[{\"@type\":\"BreadcrumbList\",\"@id\":\"https:\\\/\\\/www.iphone-ticker.de\\\/basf-verklagt-apple-wegen-face-id-technik-285475\\\/#breadcrumblist\",\"itemListElement\":[{\"@type\":\"ListItem\",\"@id\":\"https:\\\/\\\/www.iphone-ticker.de#listItem\",\"position\":1,\"name\":\"Home\",\"item\":\"https:\\\/\\\/www.iphone-ticker.de\",\"nextItem\":{\"@type\":\"ListItem\",\"@id\":\"https:\\\/\\\/www.iphone-ticker.de\\\/category\\\/iphone-2\\\/#listItem\",\"name\":\"IPhone\"}},{\"@type\":\"ListItem\",\"@id\":\"https:\\\/\\\/www.iphone-ticker.de\\\/category\\\/iphone-2\\\/#listItem\",\"position\":2,\"name\":\"IPhone\",\"item\":\"https:\\\/\\\/www.iphone-ticker.de\\\/category\\\/iphone-2\\\/\",\"nextItem\":{\"@type\":\"ListItem\",\"@id\":\"https:\\\/\\\/www.iphone-ticker.de\\\/basf-verklagt-apple-wegen-face-id-technik-285475\\\/#listItem\",\"name\":\"BASF verklagt Apple wegen Face-ID-Technik\"},\"previousItem\":{\"@type\":\"ListItem\",\"@id\":\"https:\\\/\\\/www.iphone-ticker.de#listItem\",\"name\":\"Home\"}},{\"@type\":\"ListItem\",\"@id\":\"https:\\\/\\\/www.iphone-ticker.de\\\/basf-verklagt-apple-wegen-face-id-technik-285475\\\/#listItem\",\"position\":3,\"name\":\"BASF verklagt Apple wegen Face-ID-Technik\",\"previousItem\":{\"@type\":\"ListItem\",\"@id\":\"https:\\\/\\\/www.iphone-ticker.de\\\/category\\\/iphone-2\\\/#listItem\",\"name\":\"IPhone\"}}]},{\"@type\":\"NewsArticle\",\"@id\":\"https:\\\/\\\/www.iphone-ticker.de\\\/basf-verklagt-apple-wegen-face-id-technik-285475\\\/#newsarticle\",\"name\":\"BASF verklagt Apple wegen Face-ID-Technik | iphone-ticker.de\",\"headline\":\"BASF verklagt Apple wegen Face-ID-Technik\",\"author\":{\"@id\":\"https:\\\/\\\/www.iphone-ticker.de\\\/author\\\/chris\\\/#author\"},\"publisher\":{\"@id\":\"https:\\\/\\\/www.iphone-ticker.de\\\/#organization\"},\"image\":{\"@type\":\"ImageObject\",\"url\":\"https:\\\/\\\/images.iphone-ticker.de\\\/wp-content\\\/uploads\\\/2018\\\/10\\\/iphone-xs-face-id-header.jpg\",\"width\":960,\"height\":378,\"caption\":\"Iphone Xs Face Id Header\"},\"datePublished\":\"2026-09-04T08:14:20+02:00\",\"dateModified\":\"2026-09-04T08:16:26+02:00\",\"inLanguage\":\"de-DE\",\"commentCount\":27,\"mainEntityOfPage\":{\"@id\":\"https:\\\/\\\/www.iphone-ticker.de\\\/basf-verklagt-apple-wegen-face-id-technik-285475\\\/#webpage\"},\"isPartOf\":{\"@id\":\"https:\\\/\\\/www.iphone-ticker.de\\\/basf-verklagt-apple-wegen-face-id-technik-285475\\\/#webpage\"},\"articleSection\":\"IPhone, BASF, Face ID, iPhone, Patent\",\"dateline\":\"Ver\\u00f6ffentlicht am September 4, 2026.\"},{\"@type\":\"Organization\",\"@id\":\"https:\\\/\\\/www.iphone-ticker.de\\\/#organization\",\"name\":\"aketo GmbH\",\"description\":\"Die aketo GmbH versorgt das deutschsprachige Internet mit den f\\u00fchrenden Nachrichtenangeboten zu Apple, dem iPhone, dem iPad und Apples Lifestyle-Produkten. Konzepte, Redaktion, Recherchen und Archiv.\",\"url\":\"https:\\\/\\\/www.iphone-ticker.de\\\/\",\"email\":\"ifun.de@gmail.com\",\"telephone\":\"+493057707123\",\"foundingDate\":\"2007-01-01\",\"logo\":{\"@type\":\"ImageObject\",\"url\":\"https:\\\/\\\/images.iphone-ticker.de\\\/wp-content\\\/uploads\\\/2026\\\/02\\\/apple-touch-icon.png\",\"@id\":\"https:\\\/\\\/www.iphone-ticker.de\\\/basf-verklagt-apple-wegen-face-id-technik-285475\\\/#organizationLogo\",\"width\":1024,\"height\":1024,\"caption\":\"Apple Touch Icon\"},\"image\":{\"@id\":\"https:\\\/\\\/www.iphone-ticker.de\\\/basf-verklagt-apple-wegen-face-id-technik-285475\\\/#organizationLogo\"},\"sameAs\":[\"https:\\\/\\\/facebook.com\\\/ifun.de\",\"https:\\\/\\\/x.com\\\/iphoneticker\"]},{\"@type\":\"Person\",\"@id\":\"https:\\\/\\\/www.iphone-ticker.de\\\/author\\\/chris\\\/#author\",\"url\":\"https:\\\/\\\/www.iphone-ticker.de\\\/author\\\/chris\\\/\",\"name\":\"chris\"},{\"@type\":\"WebPage\",\"@id\":\"https:\\\/\\\/www.iphone-ticker.de\\\/basf-verklagt-apple-wegen-face-id-technik-285475\\\/#webpage\",\"url\":\"https:\\\/\\\/www.iphone-ticker.de\\\/basf-verklagt-apple-wegen-face-id-technik-285475\\\/\",\"name\":\"BASF verklagt Apple wegen Face-ID-Technik | iphone-ticker.de\",\"description\":\"BASF verklagt Apple wegen Face ID. Die BASF-Tochter trinamiX sieht sieben Patente zur Haut- und Materialerkennung durch Apple verletzt.\",\"inLanguage\":\"de-DE\",\"isPartOf\":{\"@id\":\"https:\\\/\\\/www.iphone-ticker.de\\\/#website\"},\"breadcrumb\":{\"@id\":\"https:\\\/\\\/www.iphone-ticker.de\\\/basf-verklagt-apple-wegen-face-id-technik-285475\\\/#breadcrumblist\"},\"author\":{\"@id\":\"https:\\\/\\\/www.iphone-ticker.de\\\/author\\\/chris\\\/#author\"},\"creator\":{\"@id\":\"https:\\\/\\\/www.iphone-ticker.de\\\/author\\\/chris\\\/#author\"},\"image\":{\"@type\":\"ImageObject\",\"url\":\"https:\\\/\\\/images.iphone-ticker.de\\\/wp-content\\\/uploads\\\/2018\\\/10\\\/iphone-xs-face-id-header.jpg\",\"@id\":\"https:\\\/\\\/www.iphone-ticker.de\\\/basf-verklagt-apple-wegen-face-id-technik-285475\\\/#mainImage\",\"width\":960,\"height\":378,\"caption\":\"Iphone Xs Face Id Header\"},\"primaryImageOfPage\":{\"@id\":\"https:\\\/\\\/www.iphone-ticker.de\\\/basf-verklagt-apple-wegen-face-id-technik-285475\\\/#mainImage\"},\"datePublished\":\"2026-09-04T08:14:20+02:00\",\"dateModified\":\"2026-09-04T08:16:26+02:00\"},{\"@type\":\"WebSite\",\"@id\":\"https:\\\/\\\/www.iphone-ticker.de\\\/#website\",\"url\":\"https:\\\/\\\/www.iphone-ticker.de\\\/\",\"name\":\"iphone-ticker.de\",\"description\":\"Alles zum iPhone. Seit 2007.\",\"inLanguage\":\"de-DE\",\"publisher\":{\"@id\":\"https:\\\/\\\/www.iphone-ticker.de\\\/#organization\"}}]}\n\t\t<\/script>\n\t\t<!-- All in One SEO Pro -->\r\n\t\t<title>BASF verklagt Apple wegen Face-ID-Technik | iphone-ticker.de<\/title>\n\n","aioseo_head_json":{"title":"BASF verklagt Apple wegen Face-ID-Technik | iphone-ticker.de","description":"BASF verklagt Apple wegen Face ID. Die BASF-Tochter trinamiX sieht sieben Patente zur Haut- und Materialerkennung durch Apple verletzt.","canonical_url":"https:\/\/www.iphone-ticker.de\/basf-verklagt-apple-wegen-face-id-technik-285475\/","robots":"max-image-preview:large","keywords":"","webmasterTools":{"google-site-verification":"bRuV4_wqNuoQLypC9HVKibZ0X7EtNyELtju97qgyflM","miscellaneous":""},"schema":{"@context":"https:\/\/schema.org","@graph":[{"@type":"BreadcrumbList","@id":"https:\/\/www.iphone-ticker.de\/basf-verklagt-apple-wegen-face-id-technik-285475\/#breadcrumblist","itemListElement":[{"@type":"ListItem","@id":"https:\/\/www.iphone-ticker.de#listItem","position":1,"name":"Home","item":"https:\/\/www.iphone-ticker.de","nextItem":{"@type":"ListItem","@id":"https:\/\/www.iphone-ticker.de\/category\/iphone-2\/#listItem","name":"IPhone"}},{"@type":"ListItem","@id":"https:\/\/www.iphone-ticker.de\/category\/iphone-2\/#listItem","position":2,"name":"IPhone","item":"https:\/\/www.iphone-ticker.de\/category\/iphone-2\/","nextItem":{"@type":"ListItem","@id":"https:\/\/www.iphone-ticker.de\/basf-verklagt-apple-wegen-face-id-technik-285475\/#listItem","name":"BASF verklagt Apple wegen Face-ID-Technik"},"previousItem":{"@type":"ListItem","@id":"https:\/\/www.iphone-ticker.de#listItem","name":"Home"}},{"@type":"ListItem","@id":"https:\/\/www.iphone-ticker.de\/basf-verklagt-apple-wegen-face-id-technik-285475\/#listItem","position":3,"name":"BASF verklagt Apple wegen Face-ID-Technik","previousItem":{"@type":"ListItem","@id":"https:\/\/www.iphone-ticker.de\/category\/iphone-2\/#listItem","name":"IPhone"}}]},{"@type":"NewsArticle","@id":"https:\/\/www.iphone-ticker.de\/basf-verklagt-apple-wegen-face-id-technik-285475\/#newsarticle","name":"BASF verklagt Apple wegen Face-ID-Technik | iphone-ticker.de","headline":"BASF verklagt Apple wegen Face-ID-Technik","author":{"@id":"https:\/\/www.iphone-ticker.de\/author\/chris\/#author"},"publisher":{"@id":"https:\/\/www.iphone-ticker.de\/#organization"},"image":{"@type":"ImageObject","url":"https:\/\/images.iphone-ticker.de\/wp-content\/uploads\/2018\/10\/iphone-xs-face-id-header.jpg","width":960,"height":378,"caption":"Iphone Xs Face Id Header"},"datePublished":"2026-09-04T08:14:20+02:00","dateModified":"2026-09-04T08:16:26+02:00","inLanguage":"de-DE","commentCount":27,"mainEntityOfPage":{"@id":"https:\/\/www.iphone-ticker.de\/basf-verklagt-apple-wegen-face-id-technik-285475\/#webpage"},"isPartOf":{"@id":"https:\/\/www.iphone-ticker.de\/basf-verklagt-apple-wegen-face-id-technik-285475\/#webpage"},"articleSection":"IPhone, BASF, Face ID, iPhone, Patent","dateline":"Ver\u00f6ffentlicht am September 4, 2026."},{"@type":"Organization","@id":"https:\/\/www.iphone-ticker.de\/#organization","name":"aketo GmbH","description":"Die aketo GmbH versorgt das deutschsprachige Internet mit den f\u00fchrenden Nachrichtenangeboten zu Apple, dem iPhone, dem iPad und Apples Lifestyle-Produkten. Konzepte, Redaktion, Recherchen und Archiv.","url":"https:\/\/www.iphone-ticker.de\/","email":"ifun.de@gmail.com","telephone":"+493057707123","foundingDate":"2007-01-01","logo":{"@type":"ImageObject","url":"https:\/\/images.iphone-ticker.de\/wp-content\/uploads\/2026\/02\/apple-touch-icon.png","@id":"https:\/\/www.iphone-ticker.de\/basf-verklagt-apple-wegen-face-id-technik-285475\/#organizationLogo","width":1024,"height":1024,"caption":"Apple Touch Icon"},"image":{"@id":"https:\/\/www.iphone-ticker.de\/basf-verklagt-apple-wegen-face-id-technik-285475\/#organizationLogo"},"sameAs":["https:\/\/facebook.com\/ifun.de","https:\/\/x.com\/iphoneticker"]},{"@type":"Person","@id":"https:\/\/www.iphone-ticker.de\/author\/chris\/#author","url":"https:\/\/www.iphone-ticker.de\/author\/chris\/","name":"chris"},{"@type":"WebPage","@id":"https:\/\/www.iphone-ticker.de\/basf-verklagt-apple-wegen-face-id-technik-285475\/#webpage","url":"https:\/\/www.iphone-ticker.de\/basf-verklagt-apple-wegen-face-id-technik-285475\/","name":"BASF verklagt Apple wegen Face-ID-Technik | iphone-ticker.de","description":"BASF verklagt Apple wegen Face ID. Die BASF-Tochter trinamiX sieht sieben Patente zur Haut- und Materialerkennung durch Apple verletzt.","inLanguage":"de-DE","isPartOf":{"@id":"https:\/\/www.iphone-ticker.de\/#website"},"breadcrumb":{"@id":"https:\/\/www.iphone-ticker.de\/basf-verklagt-apple-wegen-face-id-technik-285475\/#breadcrumblist"},"author":{"@id":"https:\/\/www.iphone-ticker.de\/author\/chris\/#author"},"creator":{"@id":"https:\/\/www.iphone-ticker.de\/author\/chris\/#author"},"image":{"@type":"ImageObject","url":"https:\/\/images.iphone-ticker.de\/wp-content\/uploads\/2018\/10\/iphone-xs-face-id-header.jpg","@id":"https:\/\/www.iphone-ticker.de\/basf-verklagt-apple-wegen-face-id-technik-285475\/#mainImage","width":960,"height":378,"caption":"Iphone Xs Face Id Header"},"primaryImageOfPage":{"@id":"https:\/\/www.iphone-ticker.de\/basf-verklagt-apple-wegen-face-id-technik-285475\/#mainImage"},"datePublished":"2026-09-04T08:14:20+02:00","dateModified":"2026-09-04T08:16:26+02:00"},{"@type":"WebSite","@id":"https:\/\/www.iphone-ticker.de\/#website","url":"https:\/\/www.iphone-ticker.de\/","name":"iphone-ticker.de","description":"Alles zum iPhone. Seit 2007.","inLanguage":"de-DE","publisher":{"@id":"https:\/\/www.iphone-ticker.de\/#organization"}}]},"og:locale":"de_DE","og:site_name":"iphone-ticker.de | Alles zum iPhone. Seit 2007.","og:type":"article","og:title":"BASF verklagt Apple wegen Face-ID-Technik | iphone-ticker.de","og:description":"BASF verklagt Apple wegen Face ID. Die BASF-Tochter trinamiX sieht sieben Patente zur Haut- und Materialerkennung durch Apple verletzt.","og:url":"https:\/\/www.iphone-ticker.de\/basf-verklagt-apple-wegen-face-id-technik-285475\/","article:published_time":"2026-09-04T06:14:20+00:00","article:modified_time":"2026-09-04T06:16:26+00:00","article:publisher":"https:\/\/facebook.com\/ifun.de","twitter:card":"summary_large_image","twitter:site":"@iphoneticker","twitter:title":"BASF verklagt Apple wegen Face-ID-Technik | iphone-ticker.de","twitter:description":"BASF verklagt Apple wegen Face ID. Die BASF-Tochter trinamiX sieht sieben Patente zur Haut- und Materialerkennung durch Apple verletzt.","twitter:creator":"@iphoneticker"},"aioseo_meta_data":{"post_id":"285475","title":null,"description":"BASF verklagt Apple wegen Face ID. Die BASF-Tochter trinamiX sieht sieben Patente zur Haut- und Materialerkennung durch Apple verletzt.","keywords":null,"keyphrases":{"focus":{"keyphrase":"","score":0,"analysis":{"keyphraseInTitle":{"score":0,"maxScore":9,"error":1}}},"additional":[]},"primary_term":null,"canonical_url":null,"og_title":null,"og_description":null,"og_object_type":"default","og_image_type":"default","og_image_url":null,"og_image_width":null,"og_image_height":null,"og_image_custom_url":null,"og_image_custom_fields":null,"og_video":"","og_custom_url":null,"og_article_section":null,"og_article_tags":null,"twitter_use_og":false,"twitter_card":"default","twitter_image_type":"default","twitter_image_url":null,"twitter_image_custom_url":null,"twitter_image_custom_fields":null,"twitter_title":null,"twitter_description":null,"schema":{"blockGraphs":[],"customGraphs":[],"default":{"data":{"Article":[],"Course":[],"Dataset":[],"FAQPage":[],"Movie":[],"Person":[],"Product":[],"ProductReview":[],"Car":[],"Recipe":[],"Service":[],"SoftwareApplication":[],"WebPage":[]},"graphName":"NewsArticle","isEnabled":true},"graphs":[]},"schema_type":"default","schema_type_options":null,"pillar_content":false,"robots_default":true,"robots_noindex":false,"robots_noarchive":false,"robots_nosnippet":false,"robots_nofollow":false,"robots_noimageindex":false,"robots_noodp":false,"robots_notranslate":false,"robots_max_snippet":"-1","robots_max_videopreview":"-1","robots_max_imagepreview":"large","priority":null,"frequency":"default","local_seo":null,"seo_analyzer_scan_date":null,"breadcrumb_settings":null,"limit_modified_date":false,"open_ai":null,"ai":{"faqs":[],"keyPoints":[],"schemas":[],"titles":[],"descriptions":[],"socialPosts":{"email":{"subject":"","preview":"","content":""},"linkedin":[],"twitter":[],"facebook":[],"instagram":[]}},"created":"2026-09-04 04:45:26","updated":"2026-09-04 06:16:26","focus_keyword":null,"additional_keywords":null,"truseo_locale":null},"aioseo_breadcrumb":"<div class=\"aioseo-breadcrumbs\"><span class=\"aioseo-breadcrumb\">\n\t<a href=\"https:\/\/www.iphone-ticker.de\" title=\"Home\">Home<\/a>\n<\/span><span class=\"aioseo-breadcrumb-separator\">\u00bb<\/span><span class=\"aioseo-breadcrumb\">\n\t<a href=\"https:\/\/www.iphone-ticker.de\/category\/iphone-2\/\" title=\"IPhone\">IPhone<\/a>\n<\/span><span class=\"aioseo-breadcrumb-separator\">\u00bb<\/span><span class=\"aioseo-breadcrumb\">\n\tBASF verklagt Apple wegen Face-ID-Technik\n<\/span><\/div>","aioseo_breadcrumb_json":[{"label":"Home","link":"https:\/\/www.iphone-ticker.de"},{"label":"IPhone","link":"https:\/\/www.iphone-ticker.de\/category\/iphone-2\/"},{"label":"BASF verklagt Apple wegen Face-ID-Technik","link":"https:\/\/www.iphone-ticker.de\/basf-verklagt-apple-wegen-face-id-technik-285475\/"}],"subheadline":["Angeblich sieben Patente verletzt"],"featured_image":["https:\/\/images.iphone-ticker.de\/wp-content\/uploads\/2018\/10\/iphone-xs-face-id-header.jpg"],"rest_api_enabler":{"subheadline":"Angeblich sieben Patente verletzt","featured_image":"https:\/\/images.iphone-ticker.de\/wp-content\/uploads\/2018\/10\/iphone-xs-face-id-header.jpg"},"_links":{"self":[{"href":"https:\/\/www.iphone-ticker.de\/apiv2\/wp\/v2\/posts\/285475","targetHints":{"allow":["GET"]}}],"collection":[{"href":"https:\/\/www.iphone-ticker.de\/apiv2\/wp\/v2\/posts"}],"about":[{"href":"https:\/\/www.iphone-ticker.de\/apiv2\/wp\/v2\/types\/post"}],"author":[{"embeddable":true,"href":"https:\/\/www.iphone-ticker.de\/apiv2\/wp\/v2\/users\/2"}],"replies":[{"embeddable":true,"href":"https:\/\/www.iphone-ticker.de\/apiv2\/wp\/v2\/comments?post=285475"}],"version-history":[{"count":5,"href":"https:\/\/www.iphone-ticker.de\/apiv2\/wp\/v2\/posts\/285475\/revisions"}],"predecessor-version":[{"id":285487,"href":"https:\/\/www.iphone-ticker.de\/apiv2\/wp\/v2\/posts\/285475\/revisions\/285487"}],"wp:featuredmedia":[{"embeddable":true,"href":"https:\/\/www.iphone-ticker.de\/apiv2\/wp\/v2\/media\/131984"}],"wp:attachment":[{"href":"https:\/\/www.iphone-ticker.de\/apiv2\/wp\/v2\/media?parent=285475"}],"wp:term":[{"taxonomy":"category","embeddable":true,"href":"https:\/\/www.iphone-ticker.de\/apiv2\/wp\/v2\/categories?post=285475"},{"taxonomy":"post_tag","embeddable":true,"href":"https:\/\/www.iphone-ticker.de\/apiv2\/wp\/v2\/tags?post=285475"}],"curies":[{"name":"wp","href":"https:\/\/api.w.org\/{rel}","templated":true}]}}