{"id":285298,"date":"2026-09-02T15:20:12","date_gmt":"2026-09-02T13:20:12","guid":{"rendered":"https:\/\/www.iphone-ticker.de\/?p=285298"},"modified":"2026-09-02T15:20:12","modified_gmt":"2026-09-02T13:20:12","slug":"face-the-facts-3-0-zwei-apps-fuer-den-wahlherbst","status":"publish","type":"post","link":"https:\/\/www.iphone-ticker.de\/face-the-facts-3-0-zwei-apps-fuer-den-wahlherbst-285298\/","title":{"rendered":"Face The Facts 3.0: Zwei Apps f\u00fcr den Wahlherbst"},"content":{"rendered":"<p>F\u00fcr die anstehenden Landtagswahlen stehen zwei bekannte Informationsangebote in aktualisierter Form bereit. <a href=\"https:\/\/www.ifun.de\/app\/1579513133\">Face The Facts<\/a> erscheint in Version 3.0 und richtet seine Funktionen auf Sachsen-Anhalt, Berlin und Mecklenburg-Vorpommern aus. Parallel hat die Bundeszentrale f\u00fcr politische Bildung den <a href=\"https:\/\/www.ifun.de\/app\/511947348\">Wahl-O-Mat<\/a> inzwischen ebenfalls f\u00fcr alle drei Wahlen vorbereitet.<\/p>\n<p><a href=\"https:\/\/images.iphone-ticker.de\/wp-content\/uploads\/2026\/09\/face-the-facts-01-2500.png\"><img loading=\"lazy\" decoding=\"async\" class=\"aligncenter size-medium wp-image-285302\" src=\"https:\/\/images.iphone-ticker.de\/wp-content\/uploads\/2026\/09\/face-the-facts-01-2500-500x500.png\" alt=\"Face The Facts 01 2500\" width=\"500\" height=\"500\" srcset=\"https:\/\/images.iphone-ticker.de\/wp-content\/uploads\/2026\/09\/face-the-facts-01-2500-500x500.png 500w, https:\/\/images.iphone-ticker.de\/wp-content\/uploads\/2026\/09\/face-the-facts-01-2500-700x700.png 700w, https:\/\/images.iphone-ticker.de\/wp-content\/uploads\/2026\/09\/face-the-facts-01-2500-150x150.png 150w, https:\/\/images.iphone-ticker.de\/wp-content\/uploads\/2026\/09\/face-the-facts-01-2500-1536x1536.png 1536w, https:\/\/images.iphone-ticker.de\/wp-content\/uploads\/2026\/09\/face-the-facts-01-2500-2048x2048.png 2048w\" sizes=\"auto, (max-width: 500px) 100vw, 500px\" \/><\/a><\/p>\n<h2>Face The Facts baut Kandidatensuche und Scanner aus<\/h2>\n<p><a href=\"https:\/\/www.ifun.de\/app\/1579513133\">Face The Facts 3.0<\/a> b\u00fcndelt die Informationen zu den Spitzenkandidaten der drei Wahlen und erg\u00e4nzt eine Suche nach Postleitzahl. Nutzer k\u00f6nnen damit pr\u00fcfen, welche Kandidatinnen und Kandidaten im eigenen Wahlkreis antreten und welche politischen Positionen sie vertreten. Auch der bereits zum Start der App eingef\u00fchrte Wahlplakat-Scanner wurde neu entwickelt. Er soll erkannte Personen direkt mit ihrem jeweiligen Profil verkn\u00fcpfen.<\/p>\n<p><a href=\"https:\/\/images.iphone-ticker.de\/wp-content\/uploads\/2026\/09\/face-the-facts-02-2500.png\"><img loading=\"lazy\" decoding=\"async\" class=\"aligncenter size-large wp-image-285301\" src=\"https:\/\/images.iphone-ticker.de\/wp-content\/uploads\/2026\/09\/face-the-facts-02-2500-700x700.png\" alt=\"Face The Facts 02 2500\" width=\"700\" height=\"700\" srcset=\"https:\/\/images.iphone-ticker.de\/wp-content\/uploads\/2026\/09\/face-the-facts-02-2500-700x700.png 700w, https:\/\/images.iphone-ticker.de\/wp-content\/uploads\/2026\/09\/face-the-facts-02-2500-500x500.png 500w, https:\/\/images.iphone-ticker.de\/wp-content\/uploads\/2026\/09\/face-the-facts-02-2500-150x150.png 150w, https:\/\/images.iphone-ticker.de\/wp-content\/uploads\/2026\/09\/face-the-facts-02-2500-1536x1536.png 1536w, https:\/\/images.iphone-ticker.de\/wp-content\/uploads\/2026\/09\/face-the-facts-02-2500-2048x2048.png 2048w\" sizes=\"auto, (max-width: 700px) 100vw, 700px\" \/><\/a><\/p>\n<p>Damit kehrt eine Funktion zur\u00fcck, die Face The Facts schon <a href=\"https:\/\/www.iphone-ticker.de\/bundestagswahl-2021-app-scannt-wahlplakate-liefert-hintergrundinfos-179225\/\">bei der Bundestagswahl 2021<\/a> gepr\u00e4gt hat. Aus dem damaligen Plakat-Scanner ist inzwischen ein umfangreicheres Politiker-Verzeichnis geworden. Bereits 2023 kamen unter anderem <a href=\"https:\/\/www.iphone-ticker.de\/face-the-facts-politiker-verzeichnis-deutlich-ausgebaut-224921\/\">Parteispenden, Bundestagsreden und weitere Profildaten hinzu<\/a>.<\/p>\n<p>Version 3.0 \u00fcberarbeitet diese Bereiche erneut. Reden lassen sich nun direkt innerhalb der App aufrufen, Parteispenden verschiedener Parteien miteinander vergleichen. Zudem wurde am Unterbau gearbeitet. Die Anwendung soll schneller starten und sich in den einzelnen Ansichten fl\u00fcssiger bedienen lassen. Am 6. September steht zun\u00e4chst die Wahl in Sachsen-Anhalt an. Berlin und Mecklenburg-Vorpommern folgen am 20. September.<\/p>\n<!-- WP-Appbox (Version: 4.5.13 \/\/ Store: appstore \/\/ ID: 1579513133) -->\t<!-- app-link -->\n\t<div id=\"article-single-app-preview\">\n\t\t<div id=\"article-single-app-preview-header\">\n\t\t\t<span class=\"title\">Laden im App Store<\/span>\n\t\t<\/div>\n\t\t<div id=\"article-single-app-preview-content\">\n\t\t\t<div id=\"article-single-app-preview-img\"><img loading=\"lazy\" decoding=\"async\" src=\"\/\/www.iphone-ticker.de\/wp-content\/cache\/wp-appbox\/cbe03546929858eb37eba5b66d033c3b-deprecated\/ai-be3054ed8627865a9adb5068e12f7f08\" alt=\"FaceTheFacts  Politik & Wahlen\"  height=\"72\" width=\"72\" class=\"asl-icon-img\" \/><\/div>\n\t\t\t<div id=\"article-single-app-preview-desc\">\n\t\t\t\t<span class=\"name\">FaceTheFacts  Politik & Wahlen<\/span><br \/>\n\t\t\t\t<span class=\"seller\">Entwickler: <a target=\"_blank\" rel=\"nofollow\" href=\"https:\/\/apps.apple.com\/de\/developer\/victor-bellu\/id1579513135\">Victor Bellu<\/a><\/span>\n\t\t\t<\/div>\n\t\t\t<a target=\"_blank\" rel=\"nofollow\" href=\"https:\/\/apps.apple.com\/de\/app\/facethefacts-politik-wahlen\/id1579513133\"><div id=\"article-single-app-preview-download\">Preis: Kostenlos<br \/>\n\t\t\t<span class=\"size\">Laden<\/span><\/div><\/a>\n\t\t<\/div>\n\t\t<!-- <div id=\"article-single-app-preview-footer\"><\/div>\t-->\n\t<\/div>\n\t<!-- app-link\/ende --><!-- \/WP-Appbox -->\n<h2>Wahl-O-Mat jetzt f\u00fcr alle drei Wahlen verf\u00fcgbar<\/h2>\n<p>Auch beim <a href=\"https:\/\/www.ifun.de\/app\/511947348\">Wahl-O-Mat<\/a> ist die Vorbereitung auf den Wahlherbst abgeschlossen. Nachdem die Bundeszentrale f\u00fcr politische Bildung <a href=\"https:\/\/www.iphone-ticker.de\/wahl-o-mat-fuer-landtagswahl-in-sachsen-anhalt-bereit-282914\/\">Sachsen-Anhalt bereits Anfang August freigeschaltet hatte<\/a>, lassen sich inzwischen auch Berlin und Mecklenburg-Vorpommern ausw\u00e4hlen.<\/p>\n<p><a href=\"https:\/\/images.iphone-ticker.de\/wp-content\/uploads\/2026\/09\/250206_bundesfoto_B.Lammel_157-2500.jpg\"><img loading=\"lazy\" decoding=\"async\" class=\"aligncenter size-large wp-image-285300\" src=\"https:\/\/images.iphone-ticker.de\/wp-content\/uploads\/2026\/09\/250206_bundesfoto_B.Lammel_157-2500-700x466.jpg\" alt=\"250206 Bundesfoto B.lammel 157 2500\" width=\"700\" height=\"466\" srcset=\"https:\/\/images.iphone-ticker.de\/wp-content\/uploads\/2026\/09\/250206_bundesfoto_B.Lammel_157-2500-700x466.jpg 700w, https:\/\/images.iphone-ticker.de\/wp-content\/uploads\/2026\/09\/250206_bundesfoto_B.Lammel_157-2500-500x333.jpg 500w, https:\/\/images.iphone-ticker.de\/wp-content\/uploads\/2026\/09\/250206_bundesfoto_B.Lammel_157-2500-1536x1024.jpg 1536w, https:\/\/images.iphone-ticker.de\/wp-content\/uploads\/2026\/09\/250206_bundesfoto_B.Lammel_157-2500-2048x1365.jpg 2048w\" sizes=\"auto, (max-width: 700px) 100vw, 700px\" \/><\/a><\/p>\n<p>Am bekannten Prinzip \u00e4ndert sich nichts. Nutzer bewerten politische Thesen und gleichen die eigenen Antworten anschlie\u00dfend mit den Positionen der antretenden Parteien ab. Einzelne Aussagen k\u00f6nnen neutral beantwortet, \u00fcbersprungen oder st\u00e4rker gewichtet werden. Die Bundeszentrale f\u00fcr politische Bildung weist dabei darauf hin, dass das Ergebnis keine Wahlempfehlung darstellt, sondern die inhaltlichen \u00dcberschneidungen mit den Parteien sichtbar machen soll.<\/p>\n<!-- WP-Appbox (Version: 4.5.13 \/\/ Store: appstore \/\/ ID: 511947348) -->\t<!-- app-link -->\n\t<div id=\"article-single-app-preview\">\n\t\t<div id=\"article-single-app-preview-header\">\n\t\t\t<span class=\"title\">Laden im App Store<\/span>\n\t\t<\/div>\n\t\t<div id=\"article-single-app-preview-content\">\n\t\t\t<div id=\"article-single-app-preview-img\"><img loading=\"lazy\" decoding=\"async\" src=\"\/\/www.iphone-ticker.de\/wp-content\/cache\/wp-appbox\/984e9060727c1f1c2de8be7f95fe4ed3\/ai-bf01e2dbd5c300dbe5cf2ddef546069d\" alt=\"Wahl-O-Mat\"  height=\"72\" width=\"72\" class=\"asl-icon-img\" \/><\/div>\n\t\t\t<div id=\"article-single-app-preview-desc\">\n\t\t\t\t<span class=\"name\">Wahl-O-Mat<\/span><br \/>\n\t\t\t\t<span class=\"seller\">Entwickler: <a target=\"_blank\" rel=\"nofollow\" href=\"https:\/\/apps.apple.com\/de\/developer\/bpb\/id485293149\">bpb<\/a><\/span>\n\t\t\t<\/div>\n\t\t\t<a target=\"_blank\" rel=\"nofollow\" href=\"https:\/\/apps.apple.com\/de\/app\/wahl-o-mat\/id511947348\"><div id=\"article-single-app-preview-download\">Preis: Kostenlos<br \/>\n\t\t\t<span class=\"size\">Laden<\/span><\/div><\/a>\n\t\t<\/div>\n\t\t<!-- <div id=\"article-single-app-preview-footer\"><\/div>\t-->\n\t<\/div>\n\t<!-- app-link\/ende --><!-- \/WP-Appbox -->\n<p><img decoding=\"async\" src=\"https:\/\/vg04.met.vgwort.de\/na\/3ad0be73e477412c8d0379dc5decce96\" width=\"1\" height=\"1\" no-lazy class=\"tracking\" loading=\"eager\"><\/p>\n","protected":false},"excerpt":{"rendered":"<a href=\"https:\/\/www.iphone-ticker.de\/face-the-facts-3-0-zwei-apps-fuer-den-wahlherbst-285298\/\"><img width=\"150\" height=\"150\" src=\"https:\/\/images.iphone-ticker.de\/wp-content\/uploads\/2026\/09\/face-the-facts-feature-150x150.jpg\" class=\"alignright tfe wp-post-image\" alt=\"Face The Facts Feature\" decoding=\"async\" loading=\"lazy\" \/><\/a><p>F\u00fcr die anstehenden Landtagswahlen stehen zwei bekannte Informationsangebote in aktualisierter Form bereit. Face The Facts erscheint in Version 3.0 und richtet seine Funktionen auf Sachsen-Anhalt, Berlin und Mecklenburg-Vorpommern aus. Parallel hat die Bundeszentrale f\u00fcr politische Bildung den Wahl-O-Mat inzwischen ebenfalls f\u00fcr alle drei Wahlen vorbereitet. Face The Facts baut Kandidatensuche und Scanner aus Face The [&hellip;]<\/p>\n","protected":false},"author":1,"featured_media":285303,"comment_status":"open","ping_status":"closed","sticky":false,"template":"","format":"standard","meta":{"footnotes":""},"categories":[1],"tags":[3914,319,7827,7702,7704,7703,4047],"class_list":["post-285298","post","type-post","status-publish","format-standard","has-post-thumbnail","hentry","category-news","tag-apps","tag-berlin","tag-face-the-facts","tag-landtagswahl","tag-mecklenburg-vorpommern","tag-sachsen-anhalt","tag-wahl-o-mat"],"aioseo_notices":[],"aioseo_head":"\n\t\t<!-- All in One SEO Pro 5.0.1.1 - aioseo.com -->\n\t<meta name=\"description\" content=\"Face The Facts 3.0 bereitet sich auf drei Landtagswahlen vor. Auch der Wahl-O-Mat unterst\u00fctzt nun Sachsen-Anhalt, Berlin und MV.\" \/>\n\t<meta name=\"robots\" content=\"max-image-preview:large\" \/>\n\t<meta name=\"author\" content=\"Nicolas\"\/>\n\t<meta name=\"google-site-verification\" content=\"bRuV4_wqNuoQLypC9HVKibZ0X7EtNyELtju97qgyflM\" \/>\n\t<link rel=\"canonical\" href=\"https:\/\/www.iphone-ticker.de\/face-the-facts-3-0-zwei-apps-fuer-den-wahlherbst-285298\/\" \/>\n\t<meta name=\"generator\" content=\"All in One SEO Pro (AIOSEO) 5.0.1.1\" \/>\n\t\t<meta property=\"og:locale\" content=\"de_DE\" \/>\n\t\t<meta property=\"og:site_name\" content=\"iphone-ticker.de | Alles zum iPhone. Seit 2007.\" \/>\n\t\t<meta property=\"og:type\" content=\"article\" \/>\n\t\t<meta property=\"og:title\" content=\"Face The Facts 3.0: Zwei Apps f\u00fcr den Wahlherbst | iphone-ticker.de\" \/>\n\t\t<meta property=\"og:description\" content=\"Face The Facts 3.0 bereitet sich auf drei Landtagswahlen vor. Auch der Wahl-O-Mat unterst\u00fctzt nun Sachsen-Anhalt, Berlin und MV.\" \/>\n\t\t<meta property=\"og:url\" content=\"https:\/\/www.iphone-ticker.de\/face-the-facts-3-0-zwei-apps-fuer-den-wahlherbst-285298\/\" \/>\n\t\t<meta property=\"article:published_time\" content=\"2026-09-02T13:20:12+00:00\" \/>\n\t\t<meta property=\"article:modified_time\" content=\"2026-09-02T13:20:12+00:00\" \/>\n\t\t<meta property=\"article:publisher\" content=\"https:\/\/facebook.com\/ifun.de\" \/>\n\t\t<meta name=\"twitter:card\" content=\"summary_large_image\" \/>\n\t\t<meta name=\"twitter:site\" content=\"@iphoneticker\" \/>\n\t\t<meta name=\"twitter:title\" content=\"Face The Facts 3.0: Zwei Apps f\u00fcr den Wahlherbst | iphone-ticker.de\" \/>\n\t\t<meta name=\"twitter:description\" content=\"Face The Facts 3.0 bereitet sich auf drei Landtagswahlen vor. Auch der Wahl-O-Mat unterst\u00fctzt nun Sachsen-Anhalt, Berlin und MV.\" \/>\n\t\t<meta name=\"twitter:creator\" content=\"@iphoneticker\" \/>\n\t\t<script type=\"application\/ld+json\" class=\"aioseo-schema\">\n\t\t\t{\"@context\":\"https:\\\/\\\/schema.org\",\"@graph\":[{\"@type\":\"BreadcrumbList\",\"@id\":\"https:\\\/\\\/www.iphone-ticker.de\\\/face-the-facts-3-0-zwei-apps-fuer-den-wahlherbst-285298\\\/#breadcrumblist\",\"itemListElement\":[{\"@type\":\"ListItem\",\"@id\":\"https:\\\/\\\/www.iphone-ticker.de#listItem\",\"position\":1,\"name\":\"Home\",\"item\":\"https:\\\/\\\/www.iphone-ticker.de\",\"nextItem\":{\"@type\":\"ListItem\",\"@id\":\"https:\\\/\\\/www.iphone-ticker.de\\\/category\\\/news\\\/#listItem\",\"name\":\"News\"}},{\"@type\":\"ListItem\",\"@id\":\"https:\\\/\\\/www.iphone-ticker.de\\\/category\\\/news\\\/#listItem\",\"position\":2,\"name\":\"News\",\"item\":\"https:\\\/\\\/www.iphone-ticker.de\\\/category\\\/news\\\/\",\"nextItem\":{\"@type\":\"ListItem\",\"@id\":\"https:\\\/\\\/www.iphone-ticker.de\\\/face-the-facts-3-0-zwei-apps-fuer-den-wahlherbst-285298\\\/#listItem\",\"name\":\"Face The Facts 3.0: Zwei Apps f\\u00fcr den Wahlherbst\"},\"previousItem\":{\"@type\":\"ListItem\",\"@id\":\"https:\\\/\\\/www.iphone-ticker.de#listItem\",\"name\":\"Home\"}},{\"@type\":\"ListItem\",\"@id\":\"https:\\\/\\\/www.iphone-ticker.de\\\/face-the-facts-3-0-zwei-apps-fuer-den-wahlherbst-285298\\\/#listItem\",\"position\":3,\"name\":\"Face The Facts 3.0: Zwei Apps f\\u00fcr den Wahlherbst\",\"previousItem\":{\"@type\":\"ListItem\",\"@id\":\"https:\\\/\\\/www.iphone-ticker.de\\\/category\\\/news\\\/#listItem\",\"name\":\"News\"}}]},{\"@type\":\"NewsArticle\",\"@id\":\"https:\\\/\\\/www.iphone-ticker.de\\\/face-the-facts-3-0-zwei-apps-fuer-den-wahlherbst-285298\\\/#newsarticle\",\"name\":\"Face The Facts 3.0: Zwei Apps f\\u00fcr den Wahlherbst | iphone-ticker.de\",\"headline\":\"Face The Facts 3.0: Zwei Apps f\\u00fcr den Wahlherbst\",\"author\":{\"@id\":\"https:\\\/\\\/www.iphone-ticker.de\\\/author\\\/admin\\\/#author\"},\"publisher\":{\"@id\":\"https:\\\/\\\/www.iphone-ticker.de\\\/#organization\"},\"image\":{\"@type\":\"ImageObject\",\"url\":\"https:\\\/\\\/images.iphone-ticker.de\\\/wp-content\\\/uploads\\\/2026\\\/09\\\/face-the-facts-feature.jpg\",\"width\":960,\"height\":378,\"caption\":\"Face The Facts Feature\"},\"datePublished\":\"2026-09-02T15:20:12+02:00\",\"dateModified\":\"2026-09-02T15:20:12+02:00\",\"inLanguage\":\"de-DE\",\"commentCount\":2,\"mainEntityOfPage\":{\"@id\":\"https:\\\/\\\/www.iphone-ticker.de\\\/face-the-facts-3-0-zwei-apps-fuer-den-wahlherbst-285298\\\/#webpage\"},\"isPartOf\":{\"@id\":\"https:\\\/\\\/www.iphone-ticker.de\\\/face-the-facts-3-0-zwei-apps-fuer-den-wahlherbst-285298\\\/#webpage\"},\"articleSection\":\"News, Apps, Berlin, Face The Facts, Landtagswahl, Mecklenburg-Vorpommern, Sachsen-Anhalt, Wahl-O-Mat\",\"dateline\":\"Ver\\u00f6ffentlicht am September 2, 2026.\"},{\"@type\":\"Organization\",\"@id\":\"https:\\\/\\\/www.iphone-ticker.de\\\/#organization\",\"name\":\"aketo GmbH\",\"description\":\"Die aketo GmbH versorgt das deutschsprachige Internet mit den f\\u00fchrenden Nachrichtenangeboten zu Apple, dem iPhone, dem iPad und Apples Lifestyle-Produkten. Konzepte, Redaktion, Recherchen und Archiv.\",\"url\":\"https:\\\/\\\/www.iphone-ticker.de\\\/\",\"email\":\"ifun.de@gmail.com\",\"telephone\":\"+493057707123\",\"foundingDate\":\"2007-01-01\",\"logo\":{\"@type\":\"ImageObject\",\"url\":\"https:\\\/\\\/images.iphone-ticker.de\\\/wp-content\\\/uploads\\\/2026\\\/02\\\/apple-touch-icon.png\",\"@id\":\"https:\\\/\\\/www.iphone-ticker.de\\\/face-the-facts-3-0-zwei-apps-fuer-den-wahlherbst-285298\\\/#organizationLogo\",\"width\":1024,\"height\":1024,\"caption\":\"Apple Touch Icon\"},\"image\":{\"@id\":\"https:\\\/\\\/www.iphone-ticker.de\\\/face-the-facts-3-0-zwei-apps-fuer-den-wahlherbst-285298\\\/#organizationLogo\"},\"sameAs\":[\"https:\\\/\\\/facebook.com\\\/ifun.de\",\"https:\\\/\\\/x.com\\\/iphoneticker\"]},{\"@type\":\"Person\",\"@id\":\"https:\\\/\\\/www.iphone-ticker.de\\\/author\\\/admin\\\/#author\",\"url\":\"https:\\\/\\\/www.iphone-ticker.de\\\/author\\\/admin\\\/\",\"name\":\"Nicolas\"},{\"@type\":\"WebPage\",\"@id\":\"https:\\\/\\\/www.iphone-ticker.de\\\/face-the-facts-3-0-zwei-apps-fuer-den-wahlherbst-285298\\\/#webpage\",\"url\":\"https:\\\/\\\/www.iphone-ticker.de\\\/face-the-facts-3-0-zwei-apps-fuer-den-wahlherbst-285298\\\/\",\"name\":\"Face The Facts 3.0: Zwei Apps f\\u00fcr den Wahlherbst | iphone-ticker.de\",\"description\":\"Face The Facts 3.0 bereitet sich auf drei Landtagswahlen vor. Auch der Wahl-O-Mat unterst\\u00fctzt nun Sachsen-Anhalt, Berlin und MV.\",\"inLanguage\":\"de-DE\",\"isPartOf\":{\"@id\":\"https:\\\/\\\/www.iphone-ticker.de\\\/#website\"},\"breadcrumb\":{\"@id\":\"https:\\\/\\\/www.iphone-ticker.de\\\/face-the-facts-3-0-zwei-apps-fuer-den-wahlherbst-285298\\\/#breadcrumblist\"},\"author\":{\"@id\":\"https:\\\/\\\/www.iphone-ticker.de\\\/author\\\/admin\\\/#author\"},\"creator\":{\"@id\":\"https:\\\/\\\/www.iphone-ticker.de\\\/author\\\/admin\\\/#author\"},\"image\":{\"@type\":\"ImageObject\",\"url\":\"https:\\\/\\\/images.iphone-ticker.de\\\/wp-content\\\/uploads\\\/2026\\\/09\\\/face-the-facts-feature.jpg\",\"@id\":\"https:\\\/\\\/www.iphone-ticker.de\\\/face-the-facts-3-0-zwei-apps-fuer-den-wahlherbst-285298\\\/#mainImage\",\"width\":960,\"height\":378,\"caption\":\"Face The Facts Feature\"},\"primaryImageOfPage\":{\"@id\":\"https:\\\/\\\/www.iphone-ticker.de\\\/face-the-facts-3-0-zwei-apps-fuer-den-wahlherbst-285298\\\/#mainImage\"},\"datePublished\":\"2026-09-02T15:20:12+02:00\",\"dateModified\":\"2026-09-02T15:20:12+02:00\"},{\"@type\":\"WebSite\",\"@id\":\"https:\\\/\\\/www.iphone-ticker.de\\\/#website\",\"url\":\"https:\\\/\\\/www.iphone-ticker.de\\\/\",\"name\":\"iphone-ticker.de\",\"description\":\"Alles zum iPhone. Seit 2007.\",\"inLanguage\":\"de-DE\",\"publisher\":{\"@id\":\"https:\\\/\\\/www.iphone-ticker.de\\\/#organization\"}}]}\n\t\t<\/script>\n\t\t<!-- All in One SEO Pro -->\r\n\t\t<title>Face The Facts 3.0: Zwei Apps f\u00fcr den Wahlherbst | iphone-ticker.de<\/title>\n\n","aioseo_head_json":{"title":"Face The Facts 3.0: Zwei Apps f\u00fcr den Wahlherbst | iphone-ticker.de","description":"Face The Facts 3.0 bereitet sich auf drei Landtagswahlen vor. Auch der Wahl-O-Mat unterst\u00fctzt nun Sachsen-Anhalt, Berlin und MV.","canonical_url":"https:\/\/www.iphone-ticker.de\/face-the-facts-3-0-zwei-apps-fuer-den-wahlherbst-285298\/","robots":"max-image-preview:large","keywords":"","webmasterTools":{"google-site-verification":"bRuV4_wqNuoQLypC9HVKibZ0X7EtNyELtju97qgyflM","miscellaneous":""},"schema":{"@context":"https:\/\/schema.org","@graph":[{"@type":"BreadcrumbList","@id":"https:\/\/www.iphone-ticker.de\/face-the-facts-3-0-zwei-apps-fuer-den-wahlherbst-285298\/#breadcrumblist","itemListElement":[{"@type":"ListItem","@id":"https:\/\/www.iphone-ticker.de#listItem","position":1,"name":"Home","item":"https:\/\/www.iphone-ticker.de","nextItem":{"@type":"ListItem","@id":"https:\/\/www.iphone-ticker.de\/category\/news\/#listItem","name":"News"}},{"@type":"ListItem","@id":"https:\/\/www.iphone-ticker.de\/category\/news\/#listItem","position":2,"name":"News","item":"https:\/\/www.iphone-ticker.de\/category\/news\/","nextItem":{"@type":"ListItem","@id":"https:\/\/www.iphone-ticker.de\/face-the-facts-3-0-zwei-apps-fuer-den-wahlherbst-285298\/#listItem","name":"Face The Facts 3.0: Zwei Apps f\u00fcr den Wahlherbst"},"previousItem":{"@type":"ListItem","@id":"https:\/\/www.iphone-ticker.de#listItem","name":"Home"}},{"@type":"ListItem","@id":"https:\/\/www.iphone-ticker.de\/face-the-facts-3-0-zwei-apps-fuer-den-wahlherbst-285298\/#listItem","position":3,"name":"Face The Facts 3.0: Zwei Apps f\u00fcr den Wahlherbst","previousItem":{"@type":"ListItem","@id":"https:\/\/www.iphone-ticker.de\/category\/news\/#listItem","name":"News"}}]},{"@type":"NewsArticle","@id":"https:\/\/www.iphone-ticker.de\/face-the-facts-3-0-zwei-apps-fuer-den-wahlherbst-285298\/#newsarticle","name":"Face The Facts 3.0: Zwei Apps f\u00fcr den Wahlherbst | iphone-ticker.de","headline":"Face The Facts 3.0: Zwei Apps f\u00fcr den Wahlherbst","author":{"@id":"https:\/\/www.iphone-ticker.de\/author\/admin\/#author"},"publisher":{"@id":"https:\/\/www.iphone-ticker.de\/#organization"},"image":{"@type":"ImageObject","url":"https:\/\/images.iphone-ticker.de\/wp-content\/uploads\/2026\/09\/face-the-facts-feature.jpg","width":960,"height":378,"caption":"Face The Facts Feature"},"datePublished":"2026-09-02T15:20:12+02:00","dateModified":"2026-09-02T15:20:12+02:00","inLanguage":"de-DE","commentCount":2,"mainEntityOfPage":{"@id":"https:\/\/www.iphone-ticker.de\/face-the-facts-3-0-zwei-apps-fuer-den-wahlherbst-285298\/#webpage"},"isPartOf":{"@id":"https:\/\/www.iphone-ticker.de\/face-the-facts-3-0-zwei-apps-fuer-den-wahlherbst-285298\/#webpage"},"articleSection":"News, Apps, Berlin, Face The Facts, Landtagswahl, Mecklenburg-Vorpommern, Sachsen-Anhalt, Wahl-O-Mat","dateline":"Ver\u00f6ffentlicht am September 2, 2026."},{"@type":"Organization","@id":"https:\/\/www.iphone-ticker.de\/#organization","name":"aketo GmbH","description":"Die aketo GmbH versorgt das deutschsprachige Internet mit den f\u00fchrenden Nachrichtenangeboten zu Apple, dem iPhone, dem iPad und Apples Lifestyle-Produkten. Konzepte, Redaktion, Recherchen und Archiv.","url":"https:\/\/www.iphone-ticker.de\/","email":"ifun.de@gmail.com","telephone":"+493057707123","foundingDate":"2007-01-01","logo":{"@type":"ImageObject","url":"https:\/\/images.iphone-ticker.de\/wp-content\/uploads\/2026\/02\/apple-touch-icon.png","@id":"https:\/\/www.iphone-ticker.de\/face-the-facts-3-0-zwei-apps-fuer-den-wahlherbst-285298\/#organizationLogo","width":1024,"height":1024,"caption":"Apple Touch Icon"},"image":{"@id":"https:\/\/www.iphone-ticker.de\/face-the-facts-3-0-zwei-apps-fuer-den-wahlherbst-285298\/#organizationLogo"},"sameAs":["https:\/\/facebook.com\/ifun.de","https:\/\/x.com\/iphoneticker"]},{"@type":"Person","@id":"https:\/\/www.iphone-ticker.de\/author\/admin\/#author","url":"https:\/\/www.iphone-ticker.de\/author\/admin\/","name":"Nicolas"},{"@type":"WebPage","@id":"https:\/\/www.iphone-ticker.de\/face-the-facts-3-0-zwei-apps-fuer-den-wahlherbst-285298\/#webpage","url":"https:\/\/www.iphone-ticker.de\/face-the-facts-3-0-zwei-apps-fuer-den-wahlherbst-285298\/","name":"Face The Facts 3.0: Zwei Apps f\u00fcr den Wahlherbst | iphone-ticker.de","description":"Face The Facts 3.0 bereitet sich auf drei Landtagswahlen vor. Auch der Wahl-O-Mat unterst\u00fctzt nun Sachsen-Anhalt, Berlin und MV.","inLanguage":"de-DE","isPartOf":{"@id":"https:\/\/www.iphone-ticker.de\/#website"},"breadcrumb":{"@id":"https:\/\/www.iphone-ticker.de\/face-the-facts-3-0-zwei-apps-fuer-den-wahlherbst-285298\/#breadcrumblist"},"author":{"@id":"https:\/\/www.iphone-ticker.de\/author\/admin\/#author"},"creator":{"@id":"https:\/\/www.iphone-ticker.de\/author\/admin\/#author"},"image":{"@type":"ImageObject","url":"https:\/\/images.iphone-ticker.de\/wp-content\/uploads\/2026\/09\/face-the-facts-feature.jpg","@id":"https:\/\/www.iphone-ticker.de\/face-the-facts-3-0-zwei-apps-fuer-den-wahlherbst-285298\/#mainImage","width":960,"height":378,"caption":"Face The Facts Feature"},"primaryImageOfPage":{"@id":"https:\/\/www.iphone-ticker.de\/face-the-facts-3-0-zwei-apps-fuer-den-wahlherbst-285298\/#mainImage"},"datePublished":"2026-09-02T15:20:12+02:00","dateModified":"2026-09-02T15:20:12+02:00"},{"@type":"WebSite","@id":"https:\/\/www.iphone-ticker.de\/#website","url":"https:\/\/www.iphone-ticker.de\/","name":"iphone-ticker.de","description":"Alles zum iPhone. Seit 2007.","inLanguage":"de-DE","publisher":{"@id":"https:\/\/www.iphone-ticker.de\/#organization"}}]},"og:locale":"de_DE","og:site_name":"iphone-ticker.de | Alles zum iPhone. Seit 2007.","og:type":"article","og:title":"Face The Facts 3.0: Zwei Apps f\u00fcr den Wahlherbst | iphone-ticker.de","og:description":"Face The Facts 3.0 bereitet sich auf drei Landtagswahlen vor. Auch der Wahl-O-Mat unterst\u00fctzt nun Sachsen-Anhalt, Berlin und MV.","og:url":"https:\/\/www.iphone-ticker.de\/face-the-facts-3-0-zwei-apps-fuer-den-wahlherbst-285298\/","article:published_time":"2026-09-02T13:20:12+00:00","article:modified_time":"2026-09-02T13:20:12+00:00","article:publisher":"https:\/\/facebook.com\/ifun.de","twitter:card":"summary_large_image","twitter:site":"@iphoneticker","twitter:title":"Face The Facts 3.0: Zwei Apps f\u00fcr den Wahlherbst | iphone-ticker.de","twitter:description":"Face The Facts 3.0 bereitet sich auf drei Landtagswahlen vor. Auch der Wahl-O-Mat unterst\u00fctzt nun Sachsen-Anhalt, Berlin und MV.","twitter:creator":"@iphoneticker"},"aioseo_meta_data":{"post_id":"285298","title":null,"description":"Face The Facts 3.0 bereitet sich auf drei Landtagswahlen vor. Auch der Wahl-O-Mat unterst\u00fctzt nun Sachsen-Anhalt, Berlin und MV.","keywords":null,"keyphrases":{"focus":{"keyphrase":"","score":0,"analysis":{"keyphraseInTitle":{"score":0,"maxScore":9,"error":1}}},"additional":[]},"primary_term":null,"canonical_url":null,"og_title":null,"og_description":null,"og_object_type":"default","og_image_type":"default","og_image_url":null,"og_image_width":null,"og_image_height":null,"og_image_custom_url":null,"og_image_custom_fields":null,"og_video":"","og_custom_url":null,"og_article_section":null,"og_article_tags":null,"twitter_use_og":false,"twitter_card":"default","twitter_image_type":"default","twitter_image_url":null,"twitter_image_custom_url":null,"twitter_image_custom_fields":null,"twitter_title":null,"twitter_description":null,"schema":{"blockGraphs":[],"customGraphs":[],"default":{"data":{"Article":[],"Course":[],"Dataset":[],"FAQPage":[],"Movie":[],"Person":[],"Product":[],"ProductReview":[],"Car":[],"Recipe":[],"Service":[],"SoftwareApplication":[],"WebPage":[]},"graphName":"NewsArticle","isEnabled":true},"graphs":[]},"schema_type":"default","schema_type_options":null,"pillar_content":false,"robots_default":true,"robots_noindex":false,"robots_noarchive":false,"robots_nosnippet":false,"robots_nofollow":false,"robots_noimageindex":false,"robots_noodp":false,"robots_notranslate":false,"robots_max_snippet":"-1","robots_max_videopreview":"-1","robots_max_imagepreview":"large","priority":0,"frequency":"default","local_seo":null,"seo_analyzer_scan_date":"2026-09-02 13:20:31","breadcrumb_settings":null,"limit_modified_date":false,"open_ai":null,"ai":{"faqs":[],"keyPoints":[],"schemas":[],"titles":[],"descriptions":[],"socialPosts":{"email":{"subject":"","preview":"","content":""},"linkedin":[],"twitter":[],"facebook":[],"instagram":[]}},"created":"2026-09-02 13:03:07","updated":"2026-09-02 13:20:35","focus_keyword":null,"additional_keywords":null,"truseo_locale":null},"aioseo_breadcrumb":"<div class=\"aioseo-breadcrumbs\"><span class=\"aioseo-breadcrumb\">\n\t<a href=\"https:\/\/www.iphone-ticker.de\" title=\"Home\">Home<\/a>\n<\/span><span class=\"aioseo-breadcrumb-separator\">\u00bb<\/span><span class=\"aioseo-breadcrumb\">\n\t<a href=\"https:\/\/www.iphone-ticker.de\/category\/news\/\" title=\"News\">News<\/a>\n<\/span><span class=\"aioseo-breadcrumb-separator\">\u00bb<\/span><span class=\"aioseo-breadcrumb\">\n\tFace The Facts 3.0: Zwei Apps f\u00fcr den Wahlherbst\n<\/span><\/div>","aioseo_breadcrumb_json":[{"label":"Home","link":"https:\/\/www.iphone-ticker.de"},{"label":"News","link":"https:\/\/www.iphone-ticker.de\/category\/news\/"},{"label":"Face The Facts 3.0: Zwei Apps f\u00fcr den Wahlherbst","link":"https:\/\/www.iphone-ticker.de\/face-the-facts-3-0-zwei-apps-fuer-den-wahlherbst-285298\/"}],"subheadline":["Wahlhelfer f\u00fcr drei Landtagswahlen"],"featured_image":["https:\/\/images.iphone-ticker.de\/wp-content\/uploads\/2026\/09\/face-the-facts-feature.jpg"],"rest_api_enabler":{"subheadline":"Wahlhelfer f\u00fcr drei Landtagswahlen","featured_image":"https:\/\/images.iphone-ticker.de\/wp-content\/uploads\/2026\/09\/face-the-facts-feature.jpg"},"_links":{"self":[{"href":"https:\/\/www.iphone-ticker.de\/apiv2\/wp\/v2\/posts\/285298","targetHints":{"allow":["GET"]}}],"collection":[{"href":"https:\/\/www.iphone-ticker.de\/apiv2\/wp\/v2\/posts"}],"about":[{"href":"https:\/\/www.iphone-ticker.de\/apiv2\/wp\/v2\/types\/post"}],"author":[{"embeddable":true,"href":"https:\/\/www.iphone-ticker.de\/apiv2\/wp\/v2\/users\/1"}],"replies":[{"embeddable":true,"href":"https:\/\/www.iphone-ticker.de\/apiv2\/wp\/v2\/comments?post=285298"}],"version-history":[{"count":2,"href":"https:\/\/www.iphone-ticker.de\/apiv2\/wp\/v2\/posts\/285298\/revisions"}],"predecessor-version":[{"id":285304,"href":"https:\/\/www.iphone-ticker.de\/apiv2\/wp\/v2\/posts\/285298\/revisions\/285304"}],"wp:featuredmedia":[{"embeddable":true,"href":"https:\/\/www.iphone-ticker.de\/apiv2\/wp\/v2\/media\/285303"}],"wp:attachment":[{"href":"https:\/\/www.iphone-ticker.de\/apiv2\/wp\/v2\/media?parent=285298"}],"wp:term":[{"taxonomy":"category","embeddable":true,"href":"https:\/\/www.iphone-ticker.de\/apiv2\/wp\/v2\/categories?post=285298"},{"taxonomy":"post_tag","embeddable":true,"href":"https:\/\/www.iphone-ticker.de\/apiv2\/wp\/v2\/tags?post=285298"}],"curies":[{"name":"wp","href":"https:\/\/api.w.org\/{rel}","templated":true}]}}