{"id":285224,"date":"2026-09-01T18:55:03","date_gmt":"2026-09-01T16:55:03","guid":{"rendered":"https:\/\/www.iphone-ticker.de\/?p=285224"},"modified":"2026-09-01T18:55:03","modified_gmt":"2026-09-01T16:55:03","slug":"neue-zens-ladegeraete-auch-fuers-iphone-ultra","status":"publish","type":"post","link":"https:\/\/www.iphone-ticker.de\/neue-zens-ladegeraete-auch-fuers-iphone-ultra-285224\/","title":{"rendered":"Neue Zens-Ladeger\u00e4te: Auch f\u00fcrs iPhone Ultra?"},"content":{"rendered":"<p>Der niederl\u00e4ndische Zubeh\u00f6ranbieter Zens hat zwei neue kabellose Ladeger\u00e4te im Programm. Der <a href=\"https:\/\/zens.tech\/de\/products\/duo-charger-pro-2\">Duo Charger Pro 2<\/a> richtet sich an Nutzer unterschiedlicher Smartphones und kann zwei Ger\u00e4te gleichzeitig mit Strom versorgen. Der <a href=\"https:\/\/zens.tech\/products\/fold-charger-pro-3\">Fold Charger Pro 3<\/a> ist dagegen f\u00fcr Apple-Ger\u00e4te ausgelegt und l\u00e4dt neben dem iPhone auch eine Apple Watch und AirPods.<\/p>\n<p>Bei beiden Modellen setzt Zens auf klappbare Konstruktionen. Dadurch lassen sich die Ladeger\u00e4te kompakt verstauen und zugleich als St\u00e4nder verwenden. Smartphones lassen sich w\u00e4hrend des Ladens sowohl im Hoch- als auch im Querformat positionieren.<\/p>\n<h2>Duo Charger Pro 2 f\u00fcrs iPhone Ultra?<\/h2>\n<p>Der <a href=\"https:\/\/zens.tech\/de\/products\/duo-charger-pro-2\">Duo Charger Pro 2<\/a> verf\u00fcgt \u00fcber zwei magnetische Ladefl\u00e4chen, die jeweils eine Ladeleistung von bis zu 25 Watt bereitstellen k\u00f6nnen. Damit lassen sich zwei kompatible Ger\u00e4te gleichzeitig mit jeweils bis zu 25 Watt kabellos laden.<\/p>\n<p><a href=\"https:\/\/images.iphone-ticker.de\/wp-content\/uploads\/2026\/09\/zens-dual-charger-2.jpg\"><img loading=\"lazy\" decoding=\"async\" src=\"https:\/\/images.iphone-ticker.de\/wp-content\/uploads\/2026\/09\/zens-dual-charger-2-700x543.jpg\" alt=\"Zens Dual Charger 2\" width=\"700\" height=\"543\" class=\"alignnone size-large wp-image-285226\" srcset=\"https:\/\/images.iphone-ticker.de\/wp-content\/uploads\/2026\/09\/zens-dual-charger-2-700x543.jpg 700w, https:\/\/images.iphone-ticker.de\/wp-content\/uploads\/2026\/09\/zens-dual-charger-2-500x388.jpg 500w, https:\/\/images.iphone-ticker.de\/wp-content\/uploads\/2026\/09\/zens-dual-charger-2.jpg 1400w\" sizes=\"auto, (max-width: 700px) 100vw, 700px\" \/><\/a><\/p>\n<p>Passend zum f\u00fcr n\u00e4chste Woche erwarteten iPhone Ultra soll sich das Ladeger\u00e4t laut Zens besonders gut f\u00fcr faltbare und gr\u00f6\u00dfere Smartphones eignen. Eine der Ladefl\u00e4chen l\u00e4sst sich hochklappen und schafft dadurch zus\u00e4tzlichen Platz f\u00fcr solche Ger\u00e4te.<\/p>\n<p>Die Stromversorgung erfolgt \u00fcber USB-C. Ein Netzteil mit 65 Watt Leistung geh\u00f6rt zum Lieferumfang. Der Duo Charger Pro 2 wird ausschlie\u00dflich in Schwarz angeboten und kostet 79,99 Euro.<\/p>\n<h2>Fold Charger Pro 3 f\u00fcr drei Apple-Ger\u00e4te<\/h2>\n<p>Der <a href=\"https:\/\/zens.tech\/products\/fold-charger-pro-3\">Fold Charger Pro 3<\/a> kombiniert drei Ladem\u00f6glichkeiten und richtet sich vor allem an Nutzer, die neben einem iPhone auch eine Apple Watch und AirPods verwenden. Alle drei Ger\u00e4te k\u00f6nnen damit gleichzeitig geladen werden.<\/p>\n<p><a href=\"https:\/\/images.iphone-ticker.de\/wp-content\/uploads\/2026\/09\/zens-charger-pro-3.jpg\"><img loading=\"lazy\" decoding=\"async\" src=\"https:\/\/images.iphone-ticker.de\/wp-content\/uploads\/2026\/09\/zens-charger-pro-3-700x474.jpg\" alt=\"Zens Charger Pro 3\" width=\"700\" height=\"474\" class=\"alignnone size-large wp-image-285228\" srcset=\"https:\/\/images.iphone-ticker.de\/wp-content\/uploads\/2026\/09\/zens-charger-pro-3-700x474.jpg 700w, https:\/\/images.iphone-ticker.de\/wp-content\/uploads\/2026\/09\/zens-charger-pro-3-500x338.jpg 500w, https:\/\/images.iphone-ticker.de\/wp-content\/uploads\/2026\/09\/zens-charger-pro-3.jpg 1400w\" sizes=\"auto, (max-width: 700px) 100vw, 700px\" \/><\/a><\/p>\n<p>F\u00fcr das iPhone kommt eine nach Qi2.2 zertifizierte magnetische Ladefl\u00e4che zum Einsatz, auf der sich kompatible iPhones mit bis zu 25 Watt kabellos laden lassen. Die Ladefl\u00e4che kann aufgeklappt werden und h\u00e4lt das iPhone wahlweise im Hoch- oder Querformat. Apple Watch und AirPods werden jeweils mit bis zu 5 Watt geladen. F\u00fcr den Transport l\u00e4sst sich die Ladestation flach zusammenklappen. <\/p>\n<p>Auch beim Fold Charger Pro 3 legt Zens ein USB-C-Netzteil mit 65 Watt bei. Die Ladestation wird in Schwarz angeboten und kostet 129,99 Euro. Beide Ladeger\u00e4te k\u00f6nnen bereits beim Hersteller bestellt werden.<img decoding=\"async\" src=\"https:\/\/vg09.met.vgwort.de\/na\/9f3b99038ccf4833abd7df132d9307fd\" width=\"1\" height=\"1\" no-lazy class=\"tracking\" loading=\"eager\"><\/p>\n","protected":false},"excerpt":{"rendered":"<a href=\"https:\/\/www.iphone-ticker.de\/neue-zens-ladegeraete-auch-fuers-iphone-ultra-285224\/\"><img width=\"150\" height=\"150\" src=\"https:\/\/images.iphone-ticker.de\/wp-content\/uploads\/2026\/09\/zens-charger-pro-3-feature-150x150.jpg\" class=\"alignright tfe wp-post-image\" alt=\"Zens Charger Pro 3 Feature\" decoding=\"async\" loading=\"lazy\" \/><\/a><p>Der niederl\u00e4ndische Zubeh\u00f6ranbieter Zens hat zwei neue kabellose Ladeger\u00e4te im Programm. Der Duo Charger Pro 2 richtet sich an Nutzer unterschiedlicher Smartphones und kann zwei Ger\u00e4te gleichzeitig mit Strom versorgen. Der Fold Charger Pro 3 ist dagegen f\u00fcr Apple-Ger\u00e4te ausgelegt und l\u00e4dt neben dem iPhone auch eine Apple Watch und AirPods. Bei beiden Modellen setzt [&hellip;]<\/p>\n","protected":false},"author":2,"featured_media":285227,"comment_status":"open","ping_status":"closed","sticky":false,"template":"","format":"standard","meta":{"footnotes":""},"categories":[1],"tags":[45,4829,5239],"class_list":["post-285224","post","type-post","status-publish","format-standard","has-post-thumbnail","hentry","category-news","tag-ladegerat","tag-zens","tag-zubehoer"],"aioseo_notices":[],"aioseo_head":"\n\t\t<!-- All in One SEO Pro 5.0.1 - aioseo.com -->\n\t<meta name=\"description\" content=\"Der niederl\u00e4ndische Zubeh\u00f6ranbieter Zens hat zwei neue kabellose Ladeger\u00e4te im Programm. Der Duo Charger Pro 2 richtet sich an Nutzer unterschiedlicher Smartphones und kann zwei Ger\u00e4te gleichzeitig mit Strom versorgen. Der Fold Charger Pro 3 ist dagegen f\u00fcr Apple-Ger\u00e4te ausgelegt und l\u00e4dt neben dem iPhone auch eine Apple Watch und AirPods. Bei beiden Modellen setzt\" \/>\n\t<meta name=\"robots\" content=\"max-image-preview:large\" \/>\n\t<meta name=\"author\" content=\"chris\"\/>\n\t<meta name=\"google-site-verification\" content=\"bRuV4_wqNuoQLypC9HVKibZ0X7EtNyELtju97qgyflM\" \/>\n\t<link rel=\"canonical\" href=\"https:\/\/www.iphone-ticker.de\/neue-zens-ladegeraete-auch-fuers-iphone-ultra-285224\/\" \/>\n\t<meta name=\"generator\" content=\"All in One SEO Pro (AIOSEO) 5.0.1\" \/>\n\t\t<meta property=\"og:locale\" content=\"de_DE\" \/>\n\t\t<meta property=\"og:site_name\" content=\"iphone-ticker.de | Alles zum iPhone. Seit 2007.\" \/>\n\t\t<meta property=\"og:type\" content=\"article\" \/>\n\t\t<meta property=\"og:title\" content=\"Neue Zens-Ladeger\u00e4te: Auch f\u00fcrs iPhone Ultra? | iphone-ticker.de\" \/>\n\t\t<meta property=\"og:description\" content=\"Der niederl\u00e4ndische Zubeh\u00f6ranbieter Zens hat zwei neue kabellose Ladeger\u00e4te im Programm. Der Duo Charger Pro 2 richtet sich an Nutzer unterschiedlicher Smartphones und kann zwei Ger\u00e4te gleichzeitig mit Strom versorgen. Der Fold Charger Pro 3 ist dagegen f\u00fcr Apple-Ger\u00e4te ausgelegt und l\u00e4dt neben dem iPhone auch eine Apple Watch und AirPods. Bei beiden Modellen setzt\" \/>\n\t\t<meta property=\"og:url\" content=\"https:\/\/www.iphone-ticker.de\/neue-zens-ladegeraete-auch-fuers-iphone-ultra-285224\/\" \/>\n\t\t<meta property=\"article:published_time\" content=\"2026-09-01T16:55:03+00:00\" \/>\n\t\t<meta property=\"article:modified_time\" content=\"2026-09-01T16:55:03+00:00\" \/>\n\t\t<meta property=\"article:publisher\" content=\"https:\/\/facebook.com\/ifun.de\" \/>\n\t\t<meta name=\"twitter:card\" content=\"summary_large_image\" \/>\n\t\t<meta name=\"twitter:site\" content=\"@iphoneticker\" \/>\n\t\t<meta name=\"twitter:title\" content=\"Neue Zens-Ladeger\u00e4te: Auch f\u00fcrs iPhone Ultra? | iphone-ticker.de\" \/>\n\t\t<meta name=\"twitter:description\" content=\"Der niederl\u00e4ndische Zubeh\u00f6ranbieter Zens hat zwei neue kabellose Ladeger\u00e4te im Programm. Der Duo Charger Pro 2 richtet sich an Nutzer unterschiedlicher Smartphones und kann zwei Ger\u00e4te gleichzeitig mit Strom versorgen. Der Fold Charger Pro 3 ist dagegen f\u00fcr Apple-Ger\u00e4te ausgelegt und l\u00e4dt neben dem iPhone auch eine Apple Watch und AirPods. Bei beiden Modellen setzt\" \/>\n\t\t<meta name=\"twitter:creator\" content=\"@iphoneticker\" \/>\n\t\t<script type=\"application\/ld+json\" class=\"aioseo-schema\">\n\t\t\t{\"@context\":\"https:\\\/\\\/schema.org\",\"@graph\":[{\"@type\":\"BreadcrumbList\",\"@id\":\"https:\\\/\\\/www.iphone-ticker.de\\\/neue-zens-ladegeraete-auch-fuers-iphone-ultra-285224\\\/#breadcrumblist\",\"itemListElement\":[{\"@type\":\"ListItem\",\"@id\":\"https:\\\/\\\/www.iphone-ticker.de#listItem\",\"position\":1,\"name\":\"Home\",\"item\":\"https:\\\/\\\/www.iphone-ticker.de\",\"nextItem\":{\"@type\":\"ListItem\",\"@id\":\"https:\\\/\\\/www.iphone-ticker.de\\\/category\\\/news\\\/#listItem\",\"name\":\"News\"}},{\"@type\":\"ListItem\",\"@id\":\"https:\\\/\\\/www.iphone-ticker.de\\\/category\\\/news\\\/#listItem\",\"position\":2,\"name\":\"News\",\"item\":\"https:\\\/\\\/www.iphone-ticker.de\\\/category\\\/news\\\/\",\"nextItem\":{\"@type\":\"ListItem\",\"@id\":\"https:\\\/\\\/www.iphone-ticker.de\\\/neue-zens-ladegeraete-auch-fuers-iphone-ultra-285224\\\/#listItem\",\"name\":\"Neue Zens-Ladeger\\u00e4te: Auch f\\u00fcrs iPhone Ultra?\"},\"previousItem\":{\"@type\":\"ListItem\",\"@id\":\"https:\\\/\\\/www.iphone-ticker.de#listItem\",\"name\":\"Home\"}},{\"@type\":\"ListItem\",\"@id\":\"https:\\\/\\\/www.iphone-ticker.de\\\/neue-zens-ladegeraete-auch-fuers-iphone-ultra-285224\\\/#listItem\",\"position\":3,\"name\":\"Neue Zens-Ladeger\\u00e4te: Auch f\\u00fcrs iPhone Ultra?\",\"previousItem\":{\"@type\":\"ListItem\",\"@id\":\"https:\\\/\\\/www.iphone-ticker.de\\\/category\\\/news\\\/#listItem\",\"name\":\"News\"}}]},{\"@type\":\"NewsArticle\",\"@id\":\"https:\\\/\\\/www.iphone-ticker.de\\\/neue-zens-ladegeraete-auch-fuers-iphone-ultra-285224\\\/#newsarticle\",\"name\":\"Neue Zens-Ladeger\\u00e4te: Auch f\\u00fcrs iPhone Ultra? | iphone-ticker.de\",\"headline\":\"Neue Zens-Ladeger\\u00e4te: Auch f\\u00fcrs iPhone Ultra?\",\"author\":{\"@id\":\"https:\\\/\\\/www.iphone-ticker.de\\\/author\\\/chris\\\/#author\"},\"publisher\":{\"@id\":\"https:\\\/\\\/www.iphone-ticker.de\\\/#organization\"},\"image\":{\"@type\":\"ImageObject\",\"url\":\"https:\\\/\\\/images.iphone-ticker.de\\\/wp-content\\\/uploads\\\/2026\\\/09\\\/zens-charger-pro-3-feature.jpg\",\"width\":960,\"height\":378,\"caption\":\"Zens Charger Pro 3 Feature\"},\"datePublished\":\"2026-09-01T18:55:03+02:00\",\"dateModified\":\"2026-09-01T18:55:03+02:00\",\"inLanguage\":\"de-DE\",\"mainEntityOfPage\":{\"@id\":\"https:\\\/\\\/www.iphone-ticker.de\\\/neue-zens-ladegeraete-auch-fuers-iphone-ultra-285224\\\/#webpage\"},\"isPartOf\":{\"@id\":\"https:\\\/\\\/www.iphone-ticker.de\\\/neue-zens-ladegeraete-auch-fuers-iphone-ultra-285224\\\/#webpage\"},\"articleSection\":\"News, Ladeger\\u00e4t, Zens, Zubeh\\u00f6r\",\"dateline\":\"Ver\\u00f6ffentlicht am September 1, 2026.\"},{\"@type\":\"Organization\",\"@id\":\"https:\\\/\\\/www.iphone-ticker.de\\\/#organization\",\"name\":\"aketo GmbH\",\"description\":\"Die aketo GmbH versorgt das deutschsprachige Internet mit den f\\u00fchrenden Nachrichtenangeboten zu Apple, dem iPhone, dem iPad und Apples Lifestyle-Produkten. Konzepte, Redaktion, Recherchen und Archiv.\",\"url\":\"https:\\\/\\\/www.iphone-ticker.de\\\/\",\"email\":\"ifun.de@gmail.com\",\"telephone\":\"+493057707123\",\"foundingDate\":\"2007-01-01\",\"logo\":{\"@type\":\"ImageObject\",\"url\":\"https:\\\/\\\/images.iphone-ticker.de\\\/wp-content\\\/uploads\\\/2026\\\/02\\\/apple-touch-icon.png\",\"@id\":\"https:\\\/\\\/www.iphone-ticker.de\\\/neue-zens-ladegeraete-auch-fuers-iphone-ultra-285224\\\/#organizationLogo\",\"width\":1024,\"height\":1024,\"caption\":\"Apple Touch Icon\"},\"image\":{\"@id\":\"https:\\\/\\\/www.iphone-ticker.de\\\/neue-zens-ladegeraete-auch-fuers-iphone-ultra-285224\\\/#organizationLogo\"},\"sameAs\":[\"https:\\\/\\\/facebook.com\\\/ifun.de\",\"https:\\\/\\\/x.com\\\/iphoneticker\"]},{\"@type\":\"Person\",\"@id\":\"https:\\\/\\\/www.iphone-ticker.de\\\/author\\\/chris\\\/#author\",\"url\":\"https:\\\/\\\/www.iphone-ticker.de\\\/author\\\/chris\\\/\",\"name\":\"chris\"},{\"@type\":\"WebPage\",\"@id\":\"https:\\\/\\\/www.iphone-ticker.de\\\/neue-zens-ladegeraete-auch-fuers-iphone-ultra-285224\\\/#webpage\",\"url\":\"https:\\\/\\\/www.iphone-ticker.de\\\/neue-zens-ladegeraete-auch-fuers-iphone-ultra-285224\\\/\",\"name\":\"Neue Zens-Ladeger\\u00e4te: Auch f\\u00fcrs iPhone Ultra? | iphone-ticker.de\",\"description\":\"Der niederl\\u00e4ndische Zubeh\\u00f6ranbieter Zens hat zwei neue kabellose Ladeger\\u00e4te im Programm. Der Duo Charger Pro 2 richtet sich an Nutzer unterschiedlicher Smartphones und kann zwei Ger\\u00e4te gleichzeitig mit Strom versorgen. Der Fold Charger Pro 3 ist dagegen f\\u00fcr Apple-Ger\\u00e4te ausgelegt und l\\u00e4dt neben dem iPhone auch eine Apple Watch und AirPods. Bei beiden Modellen setzt\",\"inLanguage\":\"de-DE\",\"isPartOf\":{\"@id\":\"https:\\\/\\\/www.iphone-ticker.de\\\/#website\"},\"breadcrumb\":{\"@id\":\"https:\\\/\\\/www.iphone-ticker.de\\\/neue-zens-ladegeraete-auch-fuers-iphone-ultra-285224\\\/#breadcrumblist\"},\"author\":{\"@id\":\"https:\\\/\\\/www.iphone-ticker.de\\\/author\\\/chris\\\/#author\"},\"creator\":{\"@id\":\"https:\\\/\\\/www.iphone-ticker.de\\\/author\\\/chris\\\/#author\"},\"image\":{\"@type\":\"ImageObject\",\"url\":\"https:\\\/\\\/images.iphone-ticker.de\\\/wp-content\\\/uploads\\\/2026\\\/09\\\/zens-charger-pro-3-feature.jpg\",\"@id\":\"https:\\\/\\\/www.iphone-ticker.de\\\/neue-zens-ladegeraete-auch-fuers-iphone-ultra-285224\\\/#mainImage\",\"width\":960,\"height\":378,\"caption\":\"Zens Charger Pro 3 Feature\"},\"primaryImageOfPage\":{\"@id\":\"https:\\\/\\\/www.iphone-ticker.de\\\/neue-zens-ladegeraete-auch-fuers-iphone-ultra-285224\\\/#mainImage\"},\"datePublished\":\"2026-09-01T18:55:03+02:00\",\"dateModified\":\"2026-09-01T18:55:03+02:00\"},{\"@type\":\"WebSite\",\"@id\":\"https:\\\/\\\/www.iphone-ticker.de\\\/#website\",\"url\":\"https:\\\/\\\/www.iphone-ticker.de\\\/\",\"name\":\"iphone-ticker.de\",\"description\":\"Alles zum iPhone. Seit 2007.\",\"inLanguage\":\"de-DE\",\"publisher\":{\"@id\":\"https:\\\/\\\/www.iphone-ticker.de\\\/#organization\"}}]}\n\t\t<\/script>\n\t\t<!-- All in One SEO Pro -->\r\n\t\t<title>Neue Zens-Ladeger\u00e4te: Auch f\u00fcrs iPhone Ultra? | iphone-ticker.de<\/title>\n\n","aioseo_head_json":{"title":"Neue Zens-Ladeger\u00e4te: Auch f\u00fcrs iPhone Ultra? | iphone-ticker.de","description":"Der niederl\u00e4ndische Zubeh\u00f6ranbieter Zens hat zwei neue kabellose Ladeger\u00e4te im Programm. Der Duo Charger Pro 2 richtet sich an Nutzer unterschiedlicher Smartphones und kann zwei Ger\u00e4te gleichzeitig mit Strom versorgen. Der Fold Charger Pro 3 ist dagegen f\u00fcr Apple-Ger\u00e4te ausgelegt und l\u00e4dt neben dem iPhone auch eine Apple Watch und AirPods. Bei beiden Modellen setzt","canonical_url":"https:\/\/www.iphone-ticker.de\/neue-zens-ladegeraete-auch-fuers-iphone-ultra-285224\/","robots":"max-image-preview:large","keywords":"","webmasterTools":{"google-site-verification":"bRuV4_wqNuoQLypC9HVKibZ0X7EtNyELtju97qgyflM","miscellaneous":""},"schema":{"@context":"https:\/\/schema.org","@graph":[{"@type":"BreadcrumbList","@id":"https:\/\/www.iphone-ticker.de\/neue-zens-ladegeraete-auch-fuers-iphone-ultra-285224\/#breadcrumblist","itemListElement":[{"@type":"ListItem","@id":"https:\/\/www.iphone-ticker.de#listItem","position":1,"name":"Home","item":"https:\/\/www.iphone-ticker.de","nextItem":{"@type":"ListItem","@id":"https:\/\/www.iphone-ticker.de\/category\/news\/#listItem","name":"News"}},{"@type":"ListItem","@id":"https:\/\/www.iphone-ticker.de\/category\/news\/#listItem","position":2,"name":"News","item":"https:\/\/www.iphone-ticker.de\/category\/news\/","nextItem":{"@type":"ListItem","@id":"https:\/\/www.iphone-ticker.de\/neue-zens-ladegeraete-auch-fuers-iphone-ultra-285224\/#listItem","name":"Neue Zens-Ladeger\u00e4te: Auch f\u00fcrs iPhone Ultra?"},"previousItem":{"@type":"ListItem","@id":"https:\/\/www.iphone-ticker.de#listItem","name":"Home"}},{"@type":"ListItem","@id":"https:\/\/www.iphone-ticker.de\/neue-zens-ladegeraete-auch-fuers-iphone-ultra-285224\/#listItem","position":3,"name":"Neue Zens-Ladeger\u00e4te: Auch f\u00fcrs iPhone Ultra?","previousItem":{"@type":"ListItem","@id":"https:\/\/www.iphone-ticker.de\/category\/news\/#listItem","name":"News"}}]},{"@type":"NewsArticle","@id":"https:\/\/www.iphone-ticker.de\/neue-zens-ladegeraete-auch-fuers-iphone-ultra-285224\/#newsarticle","name":"Neue Zens-Ladeger\u00e4te: Auch f\u00fcrs iPhone Ultra? | iphone-ticker.de","headline":"Neue Zens-Ladeger\u00e4te: Auch f\u00fcrs iPhone Ultra?","author":{"@id":"https:\/\/www.iphone-ticker.de\/author\/chris\/#author"},"publisher":{"@id":"https:\/\/www.iphone-ticker.de\/#organization"},"image":{"@type":"ImageObject","url":"https:\/\/images.iphone-ticker.de\/wp-content\/uploads\/2026\/09\/zens-charger-pro-3-feature.jpg","width":960,"height":378,"caption":"Zens Charger Pro 3 Feature"},"datePublished":"2026-09-01T18:55:03+02:00","dateModified":"2026-09-01T18:55:03+02:00","inLanguage":"de-DE","mainEntityOfPage":{"@id":"https:\/\/www.iphone-ticker.de\/neue-zens-ladegeraete-auch-fuers-iphone-ultra-285224\/#webpage"},"isPartOf":{"@id":"https:\/\/www.iphone-ticker.de\/neue-zens-ladegeraete-auch-fuers-iphone-ultra-285224\/#webpage"},"articleSection":"News, Ladeger\u00e4t, Zens, Zubeh\u00f6r","dateline":"Ver\u00f6ffentlicht am September 1, 2026."},{"@type":"Organization","@id":"https:\/\/www.iphone-ticker.de\/#organization","name":"aketo GmbH","description":"Die aketo GmbH versorgt das deutschsprachige Internet mit den f\u00fchrenden Nachrichtenangeboten zu Apple, dem iPhone, dem iPad und Apples Lifestyle-Produkten. Konzepte, Redaktion, Recherchen und Archiv.","url":"https:\/\/www.iphone-ticker.de\/","email":"ifun.de@gmail.com","telephone":"+493057707123","foundingDate":"2007-01-01","logo":{"@type":"ImageObject","url":"https:\/\/images.iphone-ticker.de\/wp-content\/uploads\/2026\/02\/apple-touch-icon.png","@id":"https:\/\/www.iphone-ticker.de\/neue-zens-ladegeraete-auch-fuers-iphone-ultra-285224\/#organizationLogo","width":1024,"height":1024,"caption":"Apple Touch Icon"},"image":{"@id":"https:\/\/www.iphone-ticker.de\/neue-zens-ladegeraete-auch-fuers-iphone-ultra-285224\/#organizationLogo"},"sameAs":["https:\/\/facebook.com\/ifun.de","https:\/\/x.com\/iphoneticker"]},{"@type":"Person","@id":"https:\/\/www.iphone-ticker.de\/author\/chris\/#author","url":"https:\/\/www.iphone-ticker.de\/author\/chris\/","name":"chris"},{"@type":"WebPage","@id":"https:\/\/www.iphone-ticker.de\/neue-zens-ladegeraete-auch-fuers-iphone-ultra-285224\/#webpage","url":"https:\/\/www.iphone-ticker.de\/neue-zens-ladegeraete-auch-fuers-iphone-ultra-285224\/","name":"Neue Zens-Ladeger\u00e4te: Auch f\u00fcrs iPhone Ultra? | iphone-ticker.de","description":"Der niederl\u00e4ndische Zubeh\u00f6ranbieter Zens hat zwei neue kabellose Ladeger\u00e4te im Programm. Der Duo Charger Pro 2 richtet sich an Nutzer unterschiedlicher Smartphones und kann zwei Ger\u00e4te gleichzeitig mit Strom versorgen. Der Fold Charger Pro 3 ist dagegen f\u00fcr Apple-Ger\u00e4te ausgelegt und l\u00e4dt neben dem iPhone auch eine Apple Watch und AirPods. Bei beiden Modellen setzt","inLanguage":"de-DE","isPartOf":{"@id":"https:\/\/www.iphone-ticker.de\/#website"},"breadcrumb":{"@id":"https:\/\/www.iphone-ticker.de\/neue-zens-ladegeraete-auch-fuers-iphone-ultra-285224\/#breadcrumblist"},"author":{"@id":"https:\/\/www.iphone-ticker.de\/author\/chris\/#author"},"creator":{"@id":"https:\/\/www.iphone-ticker.de\/author\/chris\/#author"},"image":{"@type":"ImageObject","url":"https:\/\/images.iphone-ticker.de\/wp-content\/uploads\/2026\/09\/zens-charger-pro-3-feature.jpg","@id":"https:\/\/www.iphone-ticker.de\/neue-zens-ladegeraete-auch-fuers-iphone-ultra-285224\/#mainImage","width":960,"height":378,"caption":"Zens Charger Pro 3 Feature"},"primaryImageOfPage":{"@id":"https:\/\/www.iphone-ticker.de\/neue-zens-ladegeraete-auch-fuers-iphone-ultra-285224\/#mainImage"},"datePublished":"2026-09-01T18:55:03+02:00","dateModified":"2026-09-01T18:55:03+02:00"},{"@type":"WebSite","@id":"https:\/\/www.iphone-ticker.de\/#website","url":"https:\/\/www.iphone-ticker.de\/","name":"iphone-ticker.de","description":"Alles zum iPhone. Seit 2007.","inLanguage":"de-DE","publisher":{"@id":"https:\/\/www.iphone-ticker.de\/#organization"}}]},"og:locale":"de_DE","og:site_name":"iphone-ticker.de | Alles zum iPhone. Seit 2007.","og:type":"article","og:title":"Neue Zens-Ladeger\u00e4te: Auch f\u00fcrs iPhone Ultra? | iphone-ticker.de","og:description":"Der niederl\u00e4ndische Zubeh\u00f6ranbieter Zens hat zwei neue kabellose Ladeger\u00e4te im Programm. Der Duo Charger Pro 2 richtet sich an Nutzer unterschiedlicher Smartphones und kann zwei Ger\u00e4te gleichzeitig mit Strom versorgen. Der Fold Charger Pro 3 ist dagegen f\u00fcr Apple-Ger\u00e4te ausgelegt und l\u00e4dt neben dem iPhone auch eine Apple Watch und AirPods. Bei beiden Modellen setzt","og:url":"https:\/\/www.iphone-ticker.de\/neue-zens-ladegeraete-auch-fuers-iphone-ultra-285224\/","article:published_time":"2026-09-01T16:55:03+00:00","article:modified_time":"2026-09-01T16:55:03+00:00","article:publisher":"https:\/\/facebook.com\/ifun.de","twitter:card":"summary_large_image","twitter:site":"@iphoneticker","twitter:title":"Neue Zens-Ladeger\u00e4te: Auch f\u00fcrs iPhone Ultra? | iphone-ticker.de","twitter:description":"Der niederl\u00e4ndische Zubeh\u00f6ranbieter Zens hat zwei neue kabellose Ladeger\u00e4te im Programm. Der Duo Charger Pro 2 richtet sich an Nutzer unterschiedlicher Smartphones und kann zwei Ger\u00e4te gleichzeitig mit Strom versorgen. Der Fold Charger Pro 3 ist dagegen f\u00fcr Apple-Ger\u00e4te ausgelegt und l\u00e4dt neben dem iPhone auch eine Apple Watch und AirPods. Bei beiden Modellen setzt","twitter:creator":"@iphoneticker"},"aioseo_meta_data":{"post_id":"285224","title":null,"description":null,"keywords":null,"keyphrases":{"focus":{"keyphrase":"","score":0,"analysis":{"keyphraseInTitle":{"score":0,"maxScore":9,"error":1}}},"additional":[]},"primary_term":null,"canonical_url":null,"og_title":null,"og_description":null,"og_object_type":"default","og_image_type":"default","og_image_url":null,"og_image_width":null,"og_image_height":null,"og_image_custom_url":null,"og_image_custom_fields":null,"og_video":"","og_custom_url":null,"og_article_section":null,"og_article_tags":null,"twitter_use_og":false,"twitter_card":"default","twitter_image_type":"default","twitter_image_url":null,"twitter_image_custom_url":null,"twitter_image_custom_fields":null,"twitter_title":null,"twitter_description":null,"schema":{"blockGraphs":[],"customGraphs":[],"default":{"data":{"Article":[],"Course":[],"Dataset":[],"FAQPage":[],"Movie":[],"Person":[],"Product":[],"ProductReview":[],"Car":[],"Recipe":[],"Service":[],"SoftwareApplication":[],"WebPage":[]},"graphName":"NewsArticle","isEnabled":true},"graphs":[]},"schema_type":"default","schema_type_options":null,"pillar_content":false,"robots_default":true,"robots_noindex":false,"robots_noarchive":false,"robots_nosnippet":false,"robots_nofollow":false,"robots_noimageindex":false,"robots_noodp":false,"robots_notranslate":false,"robots_max_snippet":"-1","robots_max_videopreview":"-1","robots_max_imagepreview":"large","priority":null,"frequency":"default","local_seo":null,"seo_analyzer_scan_date":null,"breadcrumb_settings":null,"limit_modified_date":false,"open_ai":null,"ai":{"faqs":[],"keyPoints":[],"schemas":[],"titles":[],"descriptions":[],"socialPosts":{"email":{"subject":"","preview":"","content":""},"linkedin":[],"twitter":[],"facebook":[],"instagram":[]}},"created":"2026-09-01 16:06:16","updated":"2026-09-01 16:55:20","focus_keyword":null,"additional_keywords":null,"truseo_locale":null},"aioseo_breadcrumb":"<div class=\"aioseo-breadcrumbs\"><span class=\"aioseo-breadcrumb\">\n\t<a href=\"https:\/\/www.iphone-ticker.de\" title=\"Home\">Home<\/a>\n<\/span><span class=\"aioseo-breadcrumb-separator\">\u00bb<\/span><span class=\"aioseo-breadcrumb\">\n\t<a href=\"https:\/\/www.iphone-ticker.de\/category\/news\/\" title=\"News\">News<\/a>\n<\/span><span class=\"aioseo-breadcrumb-separator\">\u00bb<\/span><span class=\"aioseo-breadcrumb\">\n\tNeue Zens-Ladeger\u00e4te: Auch f\u00fcrs iPhone Ultra?\n<\/span><\/div>","aioseo_breadcrumb_json":[{"label":"Home","link":"https:\/\/www.iphone-ticker.de"},{"label":"News","link":"https:\/\/www.iphone-ticker.de\/category\/news\/"},{"label":"Neue Zens-Ladeger\u00e4te: Auch f\u00fcrs iPhone Ultra?","link":"https:\/\/www.iphone-ticker.de\/neue-zens-ladegeraete-auch-fuers-iphone-ultra-285224\/"}],"subheadline":["\"F\u00fcr gro\u00dfe und faltbare Smartphones\""],"featured_image":["https:\/\/images.iphone-ticker.de\/wp-content\/uploads\/2026\/09\/zens-charger-pro-3-feature.jpg"],"rest_api_enabler":{"subheadline":"\"F\u00fcr gro\u00dfe und faltbare Smartphones\"","featured_image":"https:\/\/images.iphone-ticker.de\/wp-content\/uploads\/2026\/09\/zens-charger-pro-3-feature.jpg"},"_links":{"self":[{"href":"https:\/\/www.iphone-ticker.de\/apiv2\/wp\/v2\/posts\/285224","targetHints":{"allow":["GET"]}}],"collection":[{"href":"https:\/\/www.iphone-ticker.de\/apiv2\/wp\/v2\/posts"}],"about":[{"href":"https:\/\/www.iphone-ticker.de\/apiv2\/wp\/v2\/types\/post"}],"author":[{"embeddable":true,"href":"https:\/\/www.iphone-ticker.de\/apiv2\/wp\/v2\/users\/2"}],"replies":[{"embeddable":true,"href":"https:\/\/www.iphone-ticker.de\/apiv2\/wp\/v2\/comments?post=285224"}],"version-history":[{"count":5,"href":"https:\/\/www.iphone-ticker.de\/apiv2\/wp\/v2\/posts\/285224\/revisions"}],"predecessor-version":[{"id":285232,"href":"https:\/\/www.iphone-ticker.de\/apiv2\/wp\/v2\/posts\/285224\/revisions\/285232"}],"wp:featuredmedia":[{"embeddable":true,"href":"https:\/\/www.iphone-ticker.de\/apiv2\/wp\/v2\/media\/285227"}],"wp:attachment":[{"href":"https:\/\/www.iphone-ticker.de\/apiv2\/wp\/v2\/media?parent=285224"}],"wp:term":[{"taxonomy":"category","embeddable":true,"href":"https:\/\/www.iphone-ticker.de\/apiv2\/wp\/v2\/categories?post=285224"},{"taxonomy":"post_tag","embeddable":true,"href":"https:\/\/www.iphone-ticker.de\/apiv2\/wp\/v2\/tags?post=285224"}],"curies":[{"name":"wp","href":"https:\/\/api.w.org\/{rel}","templated":true}]}}