{"id":285148,"date":"2026-09-04T14:50:57","date_gmt":"2026-09-04T12:50:57","guid":{"rendered":"https:\/\/www.iphone-ticker.de\/?p=285148"},"modified":"2026-09-04T14:55:01","modified_gmt":"2026-09-04T12:55:01","slug":"mit-fluessigkuehlung-ugreen-lanciert-neue-magflow-familie-vor","status":"publish","type":"post","link":"https:\/\/www.iphone-ticker.de\/mit-fluessigkuehlung-ugreen-lanciert-neue-magflow-familie-vor-285148\/","title":{"rendered":"Mit Fl\u00fcssigk\u00fchlung: UGREEN bietet neue MagFlow-Familie an"},"content":{"rendered":"<p>UGREEN nutzt die IFA f\u00fcr <a rel=\"noindex, nofollow\" href=\"https:\/\/www.amazon.de\/s?k=B0GYZ8CRJH%7CB0G5Y38Z91%7CB0G62H931H%7CB0GYYY5CW9&#038;linkCode=ll2&#038;tag=musicweb02&#038;linkId=28dd38513bf05c14d4be57802b0b84ab&#038;ref_=as_li_ss_tl\">eine gr\u00f6\u00dfere Erweiterung<\/a> seiner MagFlow-Produktreihe. Im Mittelpunkt stehen drei neue Qi2-Ladeger\u00e4te mit bis zu 25 Watt, die unterschiedliche Formen der W\u00e4rmeabfuhr einsetzen. Teile der Serie waren bereits vorab zu sehen. Mit <a rel=\"noindex, nofollow\" href=\"https:\/\/www.amazon.de\/dp\/B0G5Y38Z91\">der UGREEN MagFlow Pro 25W Qi2 2-in-1<\/a> hatte der Hersteller zuletzt schon eine der aktiv gek\u00fchlten Neuheiten <a href=\"https:\/\/www.iphone-ticker.de\/50-prozent-in-26-minuten-ugreen-baut-pro-serie-weiter-aus-283970\/\">vorab auf Amazon.de gelistet<\/a>.<\/p>\n<p><a href=\"https:\/\/images.iphone-ticker.de\/wp-content\/uploads\/2026\/09\/ThermalGuard-Intelligent-Temperature-Control-Technology-scaled.png\"><img loading=\"lazy\" decoding=\"async\" class=\"aligncenter size-medium wp-image-285153\" src=\"https:\/\/images.iphone-ticker.de\/wp-content\/uploads\/2026\/09\/ThermalGuard-Intelligent-Temperature-Control-Technology-500x338.png\" alt=\"Thermalguard Intelligent Temperature Control Technology\" width=\"500\" height=\"338\" srcset=\"https:\/\/images.iphone-ticker.de\/wp-content\/uploads\/2026\/09\/ThermalGuard-Intelligent-Temperature-Control-Technology-500x338.png 500w, https:\/\/images.iphone-ticker.de\/wp-content\/uploads\/2026\/09\/ThermalGuard-Intelligent-Temperature-Control-Technology-700x473.png 700w, https:\/\/images.iphone-ticker.de\/wp-content\/uploads\/2026\/09\/ThermalGuard-Intelligent-Temperature-Control-Technology-1536x1039.png 1536w, https:\/\/images.iphone-ticker.de\/wp-content\/uploads\/2026\/09\/ThermalGuard-Intelligent-Temperature-Control-Technology-2048x1385.png 2048w\" sizes=\"auto, (max-width: 500px) 100vw, 500px\" \/><\/a><\/p>\n<h2>Fl\u00fcssigk\u00fchlung f\u00fcr die magnetische Powerbank<\/h2>\n<p>Das auff\u00e4lligste Modell ist die <a href=\"https:\/\/www.ifun.de\/amzn\/B0GYYY5CW9\">MagFlow Pro Magnetic Power Bank<\/a> mit 10.000 mAh. UGREEN kombiniert hier eine Mikropumpe mit Fl\u00fcssigkeitsk\u00fchlung, einer Kupferfolie zur W\u00e4rmeverteilung und r\u00e4umlich getrennten Ladebauteilen. Durch ein transparentes Fenster l\u00e4sst sich die Zirkulation der K\u00fchlfl\u00fcssigkeit beobachten. Zus\u00e4tzlich passt ThermalGuard die Ladeleistung automatisch an.<\/p>\n<p><a href=\"https:\/\/images.iphone-ticker.de\/wp-content\/uploads\/2026\/09\/MagFlow-Pro-Magnetic-Power-Bank-breit.jpg\"><img loading=\"lazy\" decoding=\"async\" class=\"aligncenter size-large wp-image-285154\" src=\"https:\/\/images.iphone-ticker.de\/wp-content\/uploads\/2026\/09\/MagFlow-Pro-Magnetic-Power-Bank-breit-700x382.jpg\" alt=\"Magflow Pro Magnetic Power Bank Breit\" width=\"700\" height=\"382\" srcset=\"https:\/\/images.iphone-ticker.de\/wp-content\/uploads\/2026\/09\/MagFlow-Pro-Magnetic-Power-Bank-breit-700x382.jpg 700w, https:\/\/images.iphone-ticker.de\/wp-content\/uploads\/2026\/09\/MagFlow-Pro-Magnetic-Power-Bank-breit-500x273.jpg 500w, https:\/\/images.iphone-ticker.de\/wp-content\/uploads\/2026\/09\/MagFlow-Pro-Magnetic-Power-Bank-breit-1536x838.jpg 1536w, https:\/\/images.iphone-ticker.de\/wp-content\/uploads\/2026\/09\/MagFlow-Pro-Magnetic-Power-Bank-breit.jpg 1980w\" sizes=\"auto, (max-width: 700px) 100vw, 700px\" \/><\/a><\/p>\n<p>Kabellos liefert die Powerbank bis zu 25 Watt, \u00fcber das integrierte Kabel sind maximal 45 Watt m\u00f6glich. Nach Herstellerangaben erreicht ein iPhone 17 Pro Max drahtlos 50 Prozent Ladestand in 40 Minuten. Ein Display informiert \u00fcber den laufenden Ladevorgang.<\/p>\n<h2>Ladest\u00e4nder und Faltmodell<\/h2>\n<p>Der neue <a href=\"https:\/\/www.ifun.de\/amzn\/B0G62H931H\">MagFlow Pro 3-in-1 Magnetic Wireless Charging Stand<\/a> versorgt iPhone, Apple Watch und AirPods gleichzeitig. Die iPhone-Fl\u00e4che arbeitet mit bis zu 25 Watt und wird \u00fcber ein TEC-Modul sowie einen L\u00fcfter gek\u00fchlt, dessen Lautst\u00e4rke UGREEN mit h\u00f6chstens 15 dB angibt. F\u00fcr die Apple Watch kommt ein MFW-zertifiziertes Lademodul zum Einsatz. Ein integriertes Display zeigt Leistung, Temperatur und K\u00fchlmodus.<\/p>\n<p>Daneben bietet UGREEN den Ladest\u00e4nder auch als 2-in-1-Variante <a href=\"https:\/\/www.ifun.de\/amzn\/B0G5Y38Z91\">ohne Apple-Watch-Ladefl\u00e4che f\u00fcr 71 Euro<\/a> an. Das iPhone wird auch hier magnetisch mit bis zu 25 Watt geladen, darunter sitzt eine zweite Ladefl\u00e4che f\u00fcr AirPods mit bis zu 2,5 Watt. F\u00fcr die Temperaturkontrolle setzt UGREEN ebenfalls auf eine aktive TEC-K\u00fchlung. Ein integriertes Display informiert w\u00e4hrend des Ladens \u00fcber die aktuelle Ger\u00e4tetemperatur.<\/p>\n<p><a href=\"https:\/\/images.iphone-ticker.de\/wp-content\/uploads\/2026\/09\/UGREEN-ein-faltbares-2-in-1-Modell.jpg\"><img loading=\"lazy\" decoding=\"async\" class=\"aligncenter size-large wp-image-285156\" src=\"https:\/\/images.iphone-ticker.de\/wp-content\/uploads\/2026\/09\/UGREEN-ein-faltbares-2-in-1-Modell-700x287.jpg\" alt=\"Ugreen Ein Faltbares 2 In 1 Modell\" width=\"700\" height=\"287\" srcset=\"https:\/\/images.iphone-ticker.de\/wp-content\/uploads\/2026\/09\/UGREEN-ein-faltbares-2-in-1-Modell-700x287.jpg 700w, https:\/\/images.iphone-ticker.de\/wp-content\/uploads\/2026\/09\/UGREEN-ein-faltbares-2-in-1-Modell-500x205.jpg 500w, https:\/\/images.iphone-ticker.de\/wp-content\/uploads\/2026\/09\/UGREEN-ein-faltbares-2-in-1-Modell.jpg 1464w\" sizes=\"auto, (max-width: 700px) 100vw, 700px\" \/><\/a><\/p>\n<p>Als kompaktere Variante bietet <a href=\"https:\/\/www.ifun.de\/amzn\/B0GYZ8CRJH\">UGREEN ein faltbares 2-in-1-Modell<\/a>. Zusammengeklappt misst es 60 \u00d7 72 \u00d7 27 Millimeter. Ge\u00f6ffnet l\u00e4dt es ein iPhone mit bis zu 25 Watt und AirPods mit bis zu 5 Watt. Auch hier regelt ThermalGuard die W\u00e4rmeentwicklung. Die neuen Ger\u00e4te sind laut UGREEN ab sofort in Europa erh\u00e4ltlich sein. Die Powerbank kostet 119,99 Euro, der 3-in-1-Ladest\u00e4nder 119,99 Euro und das faltbare 2-in-1-Ladeger\u00e4t 49,99 Euro.<\/p>\n<script>\r\n  function open_amazon(link) {\r\n    if (navigator.userAgent.indexOf(\"Firefox\") != -1) {\r\n      window.open(link, '_blank');\r\n    } else {\r\n      var tag = document.createElement('a');\r\n      tag.setAttribute('href', link);\r\n      tag.innerHTML = \"amzn\";\r\n      tag.click();\r\n    }\r\n  }\r\n<\/script>\r\n    <div id=\"article-single-amazon-preview\" onclick=\"return open_amazon('https:\/\/www.amazon.de\/dp\/B0GYZ8CRJH?tag=musicweb02&linkCode=ogi&th=1&psc=1');\">\n  <div id=\"article-single-amazon-preview-header\">\n    <span class=\"title\">Produkthinweis<\/span>\n      <\/div>\n  <div id=\"article-single-amazon-preview-content\">\n    <div id=\"article-single-amazon-preview-img\" style=\"background: url('https:\/\/m.media-amazon.com\/images\/I\/31Jw7q+g6wL.jpg') center center no-repeat; background-size: cover;\"><\/div>\n    <div id=\"article-single-amazon-preview-desc\">\n      <span class=\"bezeichnung\"><a href=\"https:\/\/www.amazon.de\/dp\/B0GYZ8CRJH?tag=musicweb02&linkCode=ogi&th=1&psc=1\" style=\"text-decoration: none; border-bottom: 0px; box-shadow: none;\">UGREEN MagFlow Qi2 25W 2 in 1 Faltbares Magnetisches Kabelloses Ladeger\u00e4t<\/a><\/span>\n      <span class=\"preis--aktuell\">49,99 EUR<\/span>\n      <span class=\"preis--alt\"><\/span>\n    <\/div>\n  <\/div>\n<\/div>\n<p><script>\r\n  function open_amazon(link) {\r\n    if (navigator.userAgent.indexOf(\"Firefox\") != -1) {\r\n      window.open(link, '_blank');\r\n    } else {\r\n      var tag = document.createElement('a');\r\n      tag.setAttribute('href', link);\r\n      tag.innerHTML = \"amzn\";\r\n      tag.click();\r\n    }\r\n  }\r\n<\/script>\r\n    <div id=\"article-single-amazon-preview\" onclick=\"return open_amazon('https:\/\/www.amazon.de\/dp\/B0G5Y38Z91?tag=musicweb02&linkCode=ogi&th=1&psc=1');\">\n  <div id=\"article-single-amazon-preview-header\">\n    <span class=\"title\">Produkthinweis<\/span>\n      <\/div>\n  <div id=\"article-single-amazon-preview-content\">\n    <div id=\"article-single-amazon-preview-img\" style=\"background: url('https:\/\/m.media-amazon.com\/images\/I\/41LHSysy-eL.jpg') center center no-repeat; background-size: cover;\"><\/div>\n    <div id=\"article-single-amazon-preview-desc\">\n      <span class=\"bezeichnung\"><a href=\"https:\/\/www.amazon.de\/dp\/B0G5Y38Z91?tag=musicweb02&linkCode=ogi&th=1&psc=1\" style=\"text-decoration: none; border-bottom: 0px; box-shadow: none;\">UGREEN MagFlow Pro 25W Qi2 2-in-1 magnetische Ladestation mit K\u00fchlung<\/a><\/span>\n      <span class=\"preis--aktuell\">71,20 EUR<\/span>\n      <span class=\"preis--alt\"><\/span>\n    <\/div>\n  <\/div>\n<\/div><br \/>\n<script>\r\n  function open_amazon(link) {\r\n    if (navigator.userAgent.indexOf(\"Firefox\") != -1) {\r\n      window.open(link, '_blank');\r\n    } else {\r\n      var tag = document.createElement('a');\r\n      tag.setAttribute('href', link);\r\n      tag.innerHTML = \"amzn\";\r\n      tag.click();\r\n    }\r\n  }\r\n<\/script>\r\n    <div id=\"article-single-amazon-preview\" onclick=\"return open_amazon('https:\/\/www.amazon.de\/dp\/B0G62H931H?tag=musicweb02&linkCode=ogi&th=1&psc=1');\">\n  <div id=\"article-single-amazon-preview-header\">\n    <span class=\"title\">Produkthinweis<\/span>\n      <\/div>\n  <div id=\"article-single-amazon-preview-content\">\n    <div id=\"article-single-amazon-preview-img\" style=\"background: url('https:\/\/m.media-amazon.com\/images\/I\/41cPoJymnHL.jpg') center center no-repeat; background-size: cover;\"><\/div>\n    <div id=\"article-single-amazon-preview-desc\">\n      <span class=\"bezeichnung\"><a href=\"https:\/\/www.amazon.de\/dp\/B0G62H931H?tag=musicweb02&linkCode=ogi&th=1&psc=1\" style=\"text-decoration: none; border-bottom: 0px; box-shadow: none;\">UGREEN MagFlow Pro 25W Qi2 3-in-1 magnetische Ladestation mit K\u00fchlung<\/a><\/span>\n      <span class=\"preis--aktuell\">119,99 EUR<\/span>\n      <span class=\"preis--alt\"><\/span>\n    <\/div>\n  <\/div>\n<\/div><\/p>\n<script>\r\n  function open_amazon(link) {\r\n    if (navigator.userAgent.indexOf(\"Firefox\") != -1) {\r\n      window.open(link, '_blank');\r\n    } else {\r\n      var tag = document.createElement('a');\r\n      tag.setAttribute('href', link);\r\n      tag.innerHTML = \"amzn\";\r\n      tag.click();\r\n    }\r\n  }\r\n<\/script>\r\n    <div id=\"article-single-amazon-preview\" onclick=\"return open_amazon('https:\/\/www.amazon.de\/dp\/B0GYYY5CW9?tag=musicweb02&linkCode=ogi&th=1&psc=1');\">\n  <div id=\"article-single-amazon-preview-header\">\n    <span class=\"title\">Produkthinweis<\/span>\n      <\/div>\n  <div id=\"article-single-amazon-preview-content\">\n    <div id=\"article-single-amazon-preview-img\" style=\"background: url('https:\/\/m.media-amazon.com\/images\/I\/31yH54wTkwL.jpg') center center no-repeat; background-size: cover;\"><\/div>\n    <div id=\"article-single-amazon-preview-desc\">\n      <span class=\"bezeichnung\"><a href=\"https:\/\/www.amazon.de\/dp\/B0GYYY5CW9?tag=musicweb02&linkCode=ogi&th=1&psc=1\" style=\"text-decoration: none; border-bottom: 0px; box-shadow: none;\">UGREEN MagFlow Pro 10000mAh Qi2 25W Powerbank Magsafe mit USB-C 45W<\/a><\/span>\n      <span class=\"preis--aktuell\">119,99 EUR<\/span>\n      <span class=\"preis--alt\"><\/span>\n    <\/div>\n  <\/div>\n<\/div>\n<p><img decoding=\"async\" src=\"https:\/\/vg04.met.vgwort.de\/na\/41cfcfb0d1f14f1a93f31a45e59dca9e\" width=\"1\" height=\"1\" no-lazy class=\"tracking\" loading=\"eager\"><\/p>\n","protected":false},"excerpt":{"rendered":"<a href=\"https:\/\/www.iphone-ticker.de\/mit-fluessigkuehlung-ugreen-lanciert-neue-magflow-familie-vor-285148\/\"><img width=\"150\" height=\"150\" src=\"https:\/\/images.iphone-ticker.de\/wp-content\/uploads\/2026\/09\/ugreen-magflow-feature-150x150.jpg\" class=\"alignright tfe wp-post-image\" alt=\"Ugreen Magflow Feature\" decoding=\"async\" loading=\"lazy\" \/><\/a><p>UGREEN nutzt die IFA f\u00fcr eine gr\u00f6\u00dfere Erweiterung seiner MagFlow-Produktreihe. Im Mittelpunkt stehen drei neue Qi2-Ladeger\u00e4te mit bis zu 25 Watt, die unterschiedliche Formen der W\u00e4rmeabfuhr einsetzen. Teile der Serie waren bereits vorab zu sehen. Mit der UGREEN MagFlow Pro 25W Qi2 2-in-1 hatte der Hersteller zuletzt schon eine der aktiv gek\u00fchlten Neuheiten vorab auf [&hellip;]<\/p>\n","protected":false},"author":1,"featured_media":285150,"comment_status":"open","ping_status":"closed","sticky":false,"template":"","format":"standard","meta":{"footnotes":""},"categories":[1],"tags":[122,344,6926,4958,6642,4191],"class_list":["post-285148","post","type-post","status-publish","format-standard","has-post-thumbnail","hentry","category-news","tag-ifa","tag-iphone","tag-magflow","tag-powerbank","tag-qi2","tag-ugreen"],"aioseo_notices":[],"aioseo_head":"\n\t\t<!-- All in One SEO Pro 5.0.1.1 - aioseo.com -->\n\t<meta name=\"description\" content=\"UGREEN erweitert MagFlow zur IFA um eine fl\u00fcssigkeitsgek\u00fchlte Powerbank, einen 3-in-1-Ladest\u00e4nder und ein faltbares Qi2-Ladeger\u00e4t.\" \/>\n\t<meta name=\"robots\" content=\"max-image-preview:large\" \/>\n\t<meta name=\"author\" content=\"Nicolas\"\/>\n\t<meta name=\"google-site-verification\" content=\"bRuV4_wqNuoQLypC9HVKibZ0X7EtNyELtju97qgyflM\" \/>\n\t<link rel=\"canonical\" href=\"https:\/\/www.iphone-ticker.de\/mit-fluessigkuehlung-ugreen-lanciert-neue-magflow-familie-vor-285148\/\" \/>\n\t<meta name=\"generator\" content=\"All in One SEO Pro (AIOSEO) 5.0.1.1\" \/>\n\t\t<meta property=\"og:locale\" content=\"de_DE\" \/>\n\t\t<meta property=\"og:site_name\" content=\"iphone-ticker.de | Alles zum iPhone. Seit 2007.\" \/>\n\t\t<meta property=\"og:type\" content=\"article\" \/>\n\t\t<meta property=\"og:title\" content=\"Mit Fl\u00fcssigk\u00fchlung: UGREEN bietet neue MagFlow-Familie an | iphone-ticker.de\" \/>\n\t\t<meta property=\"og:description\" content=\"UGREEN erweitert MagFlow zur IFA um eine fl\u00fcssigkeitsgek\u00fchlte Powerbank, einen 3-in-1-Ladest\u00e4nder und ein faltbares Qi2-Ladeger\u00e4t.\" \/>\n\t\t<meta property=\"og:url\" content=\"https:\/\/www.iphone-ticker.de\/mit-fluessigkuehlung-ugreen-lanciert-neue-magflow-familie-vor-285148\/\" \/>\n\t\t<meta property=\"article:published_time\" content=\"2026-09-04T12:50:57+00:00\" \/>\n\t\t<meta property=\"article:modified_time\" content=\"2026-09-04T12:55:01+00:00\" \/>\n\t\t<meta property=\"article:publisher\" content=\"https:\/\/facebook.com\/ifun.de\" \/>\n\t\t<meta name=\"twitter:card\" content=\"summary_large_image\" \/>\n\t\t<meta name=\"twitter:site\" content=\"@iphoneticker\" \/>\n\t\t<meta name=\"twitter:title\" content=\"Mit Fl\u00fcssigk\u00fchlung: UGREEN bietet neue MagFlow-Familie an | iphone-ticker.de\" \/>\n\t\t<meta name=\"twitter:description\" content=\"UGREEN erweitert MagFlow zur IFA um eine fl\u00fcssigkeitsgek\u00fchlte Powerbank, einen 3-in-1-Ladest\u00e4nder und ein faltbares Qi2-Ladeger\u00e4t.\" \/>\n\t\t<meta name=\"twitter:creator\" content=\"@iphoneticker\" \/>\n\t\t<script type=\"application\/ld+json\" class=\"aioseo-schema\">\n\t\t\t{\"@context\":\"https:\\\/\\\/schema.org\",\"@graph\":[{\"@type\":\"BreadcrumbList\",\"@id\":\"https:\\\/\\\/www.iphone-ticker.de\\\/mit-fluessigkuehlung-ugreen-lanciert-neue-magflow-familie-vor-285148\\\/#breadcrumblist\",\"itemListElement\":[{\"@type\":\"ListItem\",\"@id\":\"https:\\\/\\\/www.iphone-ticker.de#listItem\",\"position\":1,\"name\":\"Home\",\"item\":\"https:\\\/\\\/www.iphone-ticker.de\",\"nextItem\":{\"@type\":\"ListItem\",\"@id\":\"https:\\\/\\\/www.iphone-ticker.de\\\/category\\\/news\\\/#listItem\",\"name\":\"News\"}},{\"@type\":\"ListItem\",\"@id\":\"https:\\\/\\\/www.iphone-ticker.de\\\/category\\\/news\\\/#listItem\",\"position\":2,\"name\":\"News\",\"item\":\"https:\\\/\\\/www.iphone-ticker.de\\\/category\\\/news\\\/\",\"nextItem\":{\"@type\":\"ListItem\",\"@id\":\"https:\\\/\\\/www.iphone-ticker.de\\\/mit-fluessigkuehlung-ugreen-lanciert-neue-magflow-familie-vor-285148\\\/#listItem\",\"name\":\"Mit Fl\\u00fcssigk\\u00fchlung: UGREEN bietet neue MagFlow-Familie an\"},\"previousItem\":{\"@type\":\"ListItem\",\"@id\":\"https:\\\/\\\/www.iphone-ticker.de#listItem\",\"name\":\"Home\"}},{\"@type\":\"ListItem\",\"@id\":\"https:\\\/\\\/www.iphone-ticker.de\\\/mit-fluessigkuehlung-ugreen-lanciert-neue-magflow-familie-vor-285148\\\/#listItem\",\"position\":3,\"name\":\"Mit Fl\\u00fcssigk\\u00fchlung: UGREEN bietet neue MagFlow-Familie an\",\"previousItem\":{\"@type\":\"ListItem\",\"@id\":\"https:\\\/\\\/www.iphone-ticker.de\\\/category\\\/news\\\/#listItem\",\"name\":\"News\"}}]},{\"@type\":\"NewsArticle\",\"@id\":\"https:\\\/\\\/www.iphone-ticker.de\\\/mit-fluessigkuehlung-ugreen-lanciert-neue-magflow-familie-vor-285148\\\/#newsarticle\",\"name\":\"Mit Fl\\u00fcssigk\\u00fchlung: UGREEN bietet neue MagFlow-Familie an | iphone-ticker.de\",\"headline\":\"Mit Fl\\u00fcssigk\\u00fchlung: UGREEN bietet neue MagFlow-Familie an\",\"author\":{\"@id\":\"https:\\\/\\\/www.iphone-ticker.de\\\/author\\\/admin\\\/#author\"},\"publisher\":{\"@id\":\"https:\\\/\\\/www.iphone-ticker.de\\\/#organization\"},\"image\":{\"@type\":\"ImageObject\",\"url\":\"https:\\\/\\\/images.iphone-ticker.de\\\/wp-content\\\/uploads\\\/2026\\\/09\\\/ugreen-magflow-feature.jpg\",\"width\":960,\"height\":378,\"caption\":\"Ugreen Magflow Feature\"},\"datePublished\":\"2026-09-04T14:50:57+02:00\",\"dateModified\":\"2026-09-04T14:55:01+02:00\",\"inLanguage\":\"de-DE\",\"commentCount\":1,\"mainEntityOfPage\":{\"@id\":\"https:\\\/\\\/www.iphone-ticker.de\\\/mit-fluessigkuehlung-ugreen-lanciert-neue-magflow-familie-vor-285148\\\/#webpage\"},\"isPartOf\":{\"@id\":\"https:\\\/\\\/www.iphone-ticker.de\\\/mit-fluessigkuehlung-ugreen-lanciert-neue-magflow-familie-vor-285148\\\/#webpage\"},\"articleSection\":\"News, IFA, iPhone, MagFlow, Powerbank, Qi2, UGREEN\",\"dateline\":\"Ver\\u00f6ffentlicht am September 4, 2026.\"},{\"@type\":\"Organization\",\"@id\":\"https:\\\/\\\/www.iphone-ticker.de\\\/#organization\",\"name\":\"aketo GmbH\",\"description\":\"Die aketo GmbH versorgt das deutschsprachige Internet mit den f\\u00fchrenden Nachrichtenangeboten zu Apple, dem iPhone, dem iPad und Apples Lifestyle-Produkten. Konzepte, Redaktion, Recherchen und Archiv.\",\"url\":\"https:\\\/\\\/www.iphone-ticker.de\\\/\",\"email\":\"ifun.de@gmail.com\",\"telephone\":\"+493057707123\",\"foundingDate\":\"2007-01-01\",\"logo\":{\"@type\":\"ImageObject\",\"url\":\"https:\\\/\\\/images.iphone-ticker.de\\\/wp-content\\\/uploads\\\/2026\\\/02\\\/apple-touch-icon.png\",\"@id\":\"https:\\\/\\\/www.iphone-ticker.de\\\/mit-fluessigkuehlung-ugreen-lanciert-neue-magflow-familie-vor-285148\\\/#organizationLogo\",\"width\":1024,\"height\":1024,\"caption\":\"Apple Touch Icon\"},\"image\":{\"@id\":\"https:\\\/\\\/www.iphone-ticker.de\\\/mit-fluessigkuehlung-ugreen-lanciert-neue-magflow-familie-vor-285148\\\/#organizationLogo\"},\"sameAs\":[\"https:\\\/\\\/facebook.com\\\/ifun.de\",\"https:\\\/\\\/x.com\\\/iphoneticker\"]},{\"@type\":\"Person\",\"@id\":\"https:\\\/\\\/www.iphone-ticker.de\\\/author\\\/admin\\\/#author\",\"url\":\"https:\\\/\\\/www.iphone-ticker.de\\\/author\\\/admin\\\/\",\"name\":\"Nicolas\"},{\"@type\":\"WebPage\",\"@id\":\"https:\\\/\\\/www.iphone-ticker.de\\\/mit-fluessigkuehlung-ugreen-lanciert-neue-magflow-familie-vor-285148\\\/#webpage\",\"url\":\"https:\\\/\\\/www.iphone-ticker.de\\\/mit-fluessigkuehlung-ugreen-lanciert-neue-magflow-familie-vor-285148\\\/\",\"name\":\"Mit Fl\\u00fcssigk\\u00fchlung: UGREEN bietet neue MagFlow-Familie an | iphone-ticker.de\",\"description\":\"UGREEN erweitert MagFlow zur IFA um eine fl\\u00fcssigkeitsgek\\u00fchlte Powerbank, einen 3-in-1-Ladest\\u00e4nder und ein faltbares Qi2-Ladeger\\u00e4t.\",\"inLanguage\":\"de-DE\",\"isPartOf\":{\"@id\":\"https:\\\/\\\/www.iphone-ticker.de\\\/#website\"},\"breadcrumb\":{\"@id\":\"https:\\\/\\\/www.iphone-ticker.de\\\/mit-fluessigkuehlung-ugreen-lanciert-neue-magflow-familie-vor-285148\\\/#breadcrumblist\"},\"author\":{\"@id\":\"https:\\\/\\\/www.iphone-ticker.de\\\/author\\\/admin\\\/#author\"},\"creator\":{\"@id\":\"https:\\\/\\\/www.iphone-ticker.de\\\/author\\\/admin\\\/#author\"},\"image\":{\"@type\":\"ImageObject\",\"url\":\"https:\\\/\\\/images.iphone-ticker.de\\\/wp-content\\\/uploads\\\/2026\\\/09\\\/ugreen-magflow-feature.jpg\",\"@id\":\"https:\\\/\\\/www.iphone-ticker.de\\\/mit-fluessigkuehlung-ugreen-lanciert-neue-magflow-familie-vor-285148\\\/#mainImage\",\"width\":960,\"height\":378,\"caption\":\"Ugreen Magflow Feature\"},\"primaryImageOfPage\":{\"@id\":\"https:\\\/\\\/www.iphone-ticker.de\\\/mit-fluessigkuehlung-ugreen-lanciert-neue-magflow-familie-vor-285148\\\/#mainImage\"},\"datePublished\":\"2026-09-04T14:50:57+02:00\",\"dateModified\":\"2026-09-04T14:55:01+02:00\"},{\"@type\":\"WebSite\",\"@id\":\"https:\\\/\\\/www.iphone-ticker.de\\\/#website\",\"url\":\"https:\\\/\\\/www.iphone-ticker.de\\\/\",\"name\":\"iphone-ticker.de\",\"description\":\"Alles zum iPhone. Seit 2007.\",\"inLanguage\":\"de-DE\",\"publisher\":{\"@id\":\"https:\\\/\\\/www.iphone-ticker.de\\\/#organization\"}}]}\n\t\t<\/script>\n\t\t<!-- All in One SEO Pro -->\r\n\t\t<title>Mit Fl\u00fcssigk\u00fchlung: UGREEN bietet neue MagFlow-Familie an | iphone-ticker.de<\/title>\n\n","aioseo_head_json":{"title":"Mit Fl\u00fcssigk\u00fchlung: UGREEN bietet neue MagFlow-Familie an | iphone-ticker.de","description":"UGREEN erweitert MagFlow zur IFA um eine fl\u00fcssigkeitsgek\u00fchlte Powerbank, einen 3-in-1-Ladest\u00e4nder und ein faltbares Qi2-Ladeger\u00e4t.","canonical_url":"https:\/\/www.iphone-ticker.de\/mit-fluessigkuehlung-ugreen-lanciert-neue-magflow-familie-vor-285148\/","robots":"max-image-preview:large","keywords":"","webmasterTools":{"google-site-verification":"bRuV4_wqNuoQLypC9HVKibZ0X7EtNyELtju97qgyflM","miscellaneous":""},"schema":{"@context":"https:\/\/schema.org","@graph":[{"@type":"BreadcrumbList","@id":"https:\/\/www.iphone-ticker.de\/mit-fluessigkuehlung-ugreen-lanciert-neue-magflow-familie-vor-285148\/#breadcrumblist","itemListElement":[{"@type":"ListItem","@id":"https:\/\/www.iphone-ticker.de#listItem","position":1,"name":"Home","item":"https:\/\/www.iphone-ticker.de","nextItem":{"@type":"ListItem","@id":"https:\/\/www.iphone-ticker.de\/category\/news\/#listItem","name":"News"}},{"@type":"ListItem","@id":"https:\/\/www.iphone-ticker.de\/category\/news\/#listItem","position":2,"name":"News","item":"https:\/\/www.iphone-ticker.de\/category\/news\/","nextItem":{"@type":"ListItem","@id":"https:\/\/www.iphone-ticker.de\/mit-fluessigkuehlung-ugreen-lanciert-neue-magflow-familie-vor-285148\/#listItem","name":"Mit Fl\u00fcssigk\u00fchlung: UGREEN bietet neue MagFlow-Familie an"},"previousItem":{"@type":"ListItem","@id":"https:\/\/www.iphone-ticker.de#listItem","name":"Home"}},{"@type":"ListItem","@id":"https:\/\/www.iphone-ticker.de\/mit-fluessigkuehlung-ugreen-lanciert-neue-magflow-familie-vor-285148\/#listItem","position":3,"name":"Mit Fl\u00fcssigk\u00fchlung: UGREEN bietet neue MagFlow-Familie an","previousItem":{"@type":"ListItem","@id":"https:\/\/www.iphone-ticker.de\/category\/news\/#listItem","name":"News"}}]},{"@type":"NewsArticle","@id":"https:\/\/www.iphone-ticker.de\/mit-fluessigkuehlung-ugreen-lanciert-neue-magflow-familie-vor-285148\/#newsarticle","name":"Mit Fl\u00fcssigk\u00fchlung: UGREEN bietet neue MagFlow-Familie an | iphone-ticker.de","headline":"Mit Fl\u00fcssigk\u00fchlung: UGREEN bietet neue MagFlow-Familie an","author":{"@id":"https:\/\/www.iphone-ticker.de\/author\/admin\/#author"},"publisher":{"@id":"https:\/\/www.iphone-ticker.de\/#organization"},"image":{"@type":"ImageObject","url":"https:\/\/images.iphone-ticker.de\/wp-content\/uploads\/2026\/09\/ugreen-magflow-feature.jpg","width":960,"height":378,"caption":"Ugreen Magflow Feature"},"datePublished":"2026-09-04T14:50:57+02:00","dateModified":"2026-09-04T14:55:01+02:00","inLanguage":"de-DE","commentCount":1,"mainEntityOfPage":{"@id":"https:\/\/www.iphone-ticker.de\/mit-fluessigkuehlung-ugreen-lanciert-neue-magflow-familie-vor-285148\/#webpage"},"isPartOf":{"@id":"https:\/\/www.iphone-ticker.de\/mit-fluessigkuehlung-ugreen-lanciert-neue-magflow-familie-vor-285148\/#webpage"},"articleSection":"News, IFA, iPhone, MagFlow, Powerbank, Qi2, UGREEN","dateline":"Ver\u00f6ffentlicht am September 4, 2026."},{"@type":"Organization","@id":"https:\/\/www.iphone-ticker.de\/#organization","name":"aketo GmbH","description":"Die aketo GmbH versorgt das deutschsprachige Internet mit den f\u00fchrenden Nachrichtenangeboten zu Apple, dem iPhone, dem iPad und Apples Lifestyle-Produkten. Konzepte, Redaktion, Recherchen und Archiv.","url":"https:\/\/www.iphone-ticker.de\/","email":"ifun.de@gmail.com","telephone":"+493057707123","foundingDate":"2007-01-01","logo":{"@type":"ImageObject","url":"https:\/\/images.iphone-ticker.de\/wp-content\/uploads\/2026\/02\/apple-touch-icon.png","@id":"https:\/\/www.iphone-ticker.de\/mit-fluessigkuehlung-ugreen-lanciert-neue-magflow-familie-vor-285148\/#organizationLogo","width":1024,"height":1024,"caption":"Apple Touch Icon"},"image":{"@id":"https:\/\/www.iphone-ticker.de\/mit-fluessigkuehlung-ugreen-lanciert-neue-magflow-familie-vor-285148\/#organizationLogo"},"sameAs":["https:\/\/facebook.com\/ifun.de","https:\/\/x.com\/iphoneticker"]},{"@type":"Person","@id":"https:\/\/www.iphone-ticker.de\/author\/admin\/#author","url":"https:\/\/www.iphone-ticker.de\/author\/admin\/","name":"Nicolas"},{"@type":"WebPage","@id":"https:\/\/www.iphone-ticker.de\/mit-fluessigkuehlung-ugreen-lanciert-neue-magflow-familie-vor-285148\/#webpage","url":"https:\/\/www.iphone-ticker.de\/mit-fluessigkuehlung-ugreen-lanciert-neue-magflow-familie-vor-285148\/","name":"Mit Fl\u00fcssigk\u00fchlung: UGREEN bietet neue MagFlow-Familie an | iphone-ticker.de","description":"UGREEN erweitert MagFlow zur IFA um eine fl\u00fcssigkeitsgek\u00fchlte Powerbank, einen 3-in-1-Ladest\u00e4nder und ein faltbares Qi2-Ladeger\u00e4t.","inLanguage":"de-DE","isPartOf":{"@id":"https:\/\/www.iphone-ticker.de\/#website"},"breadcrumb":{"@id":"https:\/\/www.iphone-ticker.de\/mit-fluessigkuehlung-ugreen-lanciert-neue-magflow-familie-vor-285148\/#breadcrumblist"},"author":{"@id":"https:\/\/www.iphone-ticker.de\/author\/admin\/#author"},"creator":{"@id":"https:\/\/www.iphone-ticker.de\/author\/admin\/#author"},"image":{"@type":"ImageObject","url":"https:\/\/images.iphone-ticker.de\/wp-content\/uploads\/2026\/09\/ugreen-magflow-feature.jpg","@id":"https:\/\/www.iphone-ticker.de\/mit-fluessigkuehlung-ugreen-lanciert-neue-magflow-familie-vor-285148\/#mainImage","width":960,"height":378,"caption":"Ugreen Magflow Feature"},"primaryImageOfPage":{"@id":"https:\/\/www.iphone-ticker.de\/mit-fluessigkuehlung-ugreen-lanciert-neue-magflow-familie-vor-285148\/#mainImage"},"datePublished":"2026-09-04T14:50:57+02:00","dateModified":"2026-09-04T14:55:01+02:00"},{"@type":"WebSite","@id":"https:\/\/www.iphone-ticker.de\/#website","url":"https:\/\/www.iphone-ticker.de\/","name":"iphone-ticker.de","description":"Alles zum iPhone. Seit 2007.","inLanguage":"de-DE","publisher":{"@id":"https:\/\/www.iphone-ticker.de\/#organization"}}]},"og:locale":"de_DE","og:site_name":"iphone-ticker.de | Alles zum iPhone. Seit 2007.","og:type":"article","og:title":"Mit Fl\u00fcssigk\u00fchlung: UGREEN bietet neue MagFlow-Familie an | iphone-ticker.de","og:description":"UGREEN erweitert MagFlow zur IFA um eine fl\u00fcssigkeitsgek\u00fchlte Powerbank, einen 3-in-1-Ladest\u00e4nder und ein faltbares Qi2-Ladeger\u00e4t.","og:url":"https:\/\/www.iphone-ticker.de\/mit-fluessigkuehlung-ugreen-lanciert-neue-magflow-familie-vor-285148\/","article:published_time":"2026-09-04T12:50:57+00:00","article:modified_time":"2026-09-04T12:55:01+00:00","article:publisher":"https:\/\/facebook.com\/ifun.de","twitter:card":"summary_large_image","twitter:site":"@iphoneticker","twitter:title":"Mit Fl\u00fcssigk\u00fchlung: UGREEN bietet neue MagFlow-Familie an | iphone-ticker.de","twitter:description":"UGREEN erweitert MagFlow zur IFA um eine fl\u00fcssigkeitsgek\u00fchlte Powerbank, einen 3-in-1-Ladest\u00e4nder und ein faltbares Qi2-Ladeger\u00e4t.","twitter:creator":"@iphoneticker"},"aioseo_meta_data":{"post_id":"285148","title":null,"description":"UGREEN erweitert MagFlow zur IFA um eine fl\u00fcssigkeitsgek\u00fchlte Powerbank, einen 3-in-1-Ladest\u00e4nder und ein faltbares Qi2-Ladeger\u00e4t.","keywords":null,"keyphrases":{"focus":{"keyphrase":"","score":0,"analysis":{"keyphraseInTitle":{"score":0,"maxScore":9,"error":1}}},"additional":[]},"primary_term":null,"canonical_url":null,"og_title":null,"og_description":null,"og_object_type":"default","og_image_type":"default","og_image_url":null,"og_image_width":null,"og_image_height":null,"og_image_custom_url":null,"og_image_custom_fields":null,"og_video":"","og_custom_url":null,"og_article_section":null,"og_article_tags":null,"twitter_use_og":false,"twitter_card":"default","twitter_image_type":"default","twitter_image_url":null,"twitter_image_custom_url":null,"twitter_image_custom_fields":null,"twitter_title":null,"twitter_description":null,"schema":{"blockGraphs":[],"customGraphs":[],"default":{"data":{"Article":[],"Course":[],"Dataset":[],"FAQPage":[],"Movie":[],"Person":[],"Product":[],"ProductReview":[],"Car":[],"Recipe":[],"Service":[],"SoftwareApplication":[],"WebPage":[]},"graphName":"NewsArticle","isEnabled":true},"graphs":[]},"schema_type":"default","schema_type_options":null,"pillar_content":false,"robots_default":true,"robots_noindex":false,"robots_noarchive":false,"robots_nosnippet":false,"robots_nofollow":false,"robots_noimageindex":false,"robots_noodp":false,"robots_notranslate":false,"robots_max_snippet":"-1","robots_max_videopreview":"-1","robots_max_imagepreview":"large","priority":0,"frequency":"default","local_seo":null,"seo_analyzer_scan_date":"2026-09-04 12:57:25","breadcrumb_settings":null,"limit_modified_date":false,"open_ai":null,"ai":{"faqs":[],"keyPoints":[],"schemas":[],"titles":[],"descriptions":[],"socialPosts":{"email":{"subject":"","preview":"","content":""},"linkedin":[],"twitter":[],"facebook":[],"instagram":[]}},"created":"2026-09-01 07:25:20","updated":"2026-09-04 12:57:28","focus_keyword":null,"additional_keywords":null,"truseo_locale":null},"aioseo_breadcrumb":"<div class=\"aioseo-breadcrumbs\"><span class=\"aioseo-breadcrumb\">\n\t<a href=\"https:\/\/www.iphone-ticker.de\" title=\"Home\">Home<\/a>\n<\/span><span class=\"aioseo-breadcrumb-separator\">\u00bb<\/span><span class=\"aioseo-breadcrumb\">\n\t<a href=\"https:\/\/www.iphone-ticker.de\/category\/news\/\" title=\"News\">News<\/a>\n<\/span><span class=\"aioseo-breadcrumb-separator\">\u00bb<\/span><span class=\"aioseo-breadcrumb\">\n\tMit Fl\u00fcssigk\u00fchlung: UGREEN bietet neue MagFlow-Familie an\n<\/span><\/div>","aioseo_breadcrumb_json":[{"label":"Home","link":"https:\/\/www.iphone-ticker.de"},{"label":"News","link":"https:\/\/www.iphone-ticker.de\/category\/news\/"},{"label":"Mit Fl\u00fcssigk\u00fchlung: UGREEN bietet neue MagFlow-Familie an","link":"https:\/\/www.iphone-ticker.de\/mit-fluessigkuehlung-ugreen-lanciert-neue-magflow-familie-vor-285148\/"}],"subheadline":["Vier neue Qi2-Ladeger\u00e4te zur IFA"],"featured_image":["https:\/\/images.iphone-ticker.de\/wp-content\/uploads\/2026\/09\/ugreen-magflow-feature.jpg"],"rest_api_enabler":{"subheadline":"Vier neue Qi2-Ladeger\u00e4te zur IFA","featured_image":"https:\/\/images.iphone-ticker.de\/wp-content\/uploads\/2026\/09\/ugreen-magflow-feature.jpg"},"_links":{"self":[{"href":"https:\/\/www.iphone-ticker.de\/apiv2\/wp\/v2\/posts\/285148","targetHints":{"allow":["GET"]}}],"collection":[{"href":"https:\/\/www.iphone-ticker.de\/apiv2\/wp\/v2\/posts"}],"about":[{"href":"https:\/\/www.iphone-ticker.de\/apiv2\/wp\/v2\/types\/post"}],"author":[{"embeddable":true,"href":"https:\/\/www.iphone-ticker.de\/apiv2\/wp\/v2\/users\/1"}],"replies":[{"embeddable":true,"href":"https:\/\/www.iphone-ticker.de\/apiv2\/wp\/v2\/comments?post=285148"}],"version-history":[{"count":8,"href":"https:\/\/www.iphone-ticker.de\/apiv2\/wp\/v2\/posts\/285148\/revisions"}],"predecessor-version":[{"id":285538,"href":"https:\/\/www.iphone-ticker.de\/apiv2\/wp\/v2\/posts\/285148\/revisions\/285538"}],"wp:featuredmedia":[{"embeddable":true,"href":"https:\/\/www.iphone-ticker.de\/apiv2\/wp\/v2\/media\/285150"}],"wp:attachment":[{"href":"https:\/\/www.iphone-ticker.de\/apiv2\/wp\/v2\/media?parent=285148"}],"wp:term":[{"taxonomy":"category","embeddable":true,"href":"https:\/\/www.iphone-ticker.de\/apiv2\/wp\/v2\/categories?post=285148"},{"taxonomy":"post_tag","embeddable":true,"href":"https:\/\/www.iphone-ticker.de\/apiv2\/wp\/v2\/tags?post=285148"}],"curies":[{"name":"wp","href":"https:\/\/api.w.org\/{rel}","templated":true}]}}