{"id":2845,"date":"2008-05-21T08:57:15","date_gmt":"2008-05-21T06:57:15","guid":{"rendered":"http:\/\/www.iphone-ticker.de\/2008\/05\/21\/neue-geruchte-umts-iphone-am-mitte-juni-weltweit\/"},"modified":"2008-05-21T10:02:06","modified_gmt":"2008-05-21T08:02:06","slug":"neue-geruchte-umts-iphone-am-mitte-juni-weltweit","status":"publish","type":"post","link":"https:\/\/www.iphone-ticker.de\/neue-geruchte-umts-iphone-am-mitte-juni-weltweit-2845\/","title":{"rendered":"Neue Ger\u00fcchte: UMTS-iPhone, Mitte Juni weltweit"},"content":{"rendered":"<p><img decoding=\"async\" src=\"http:\/\/www.iphone-ticker.de\/wp-content\/uploads\/2008\/05\/3gmck.jpg\" alt=\"3gmck.jpg\" align=\"right\" \/>Das US-Blog <a href=\"http:\/\/gizmodo.com\/391960\/iphone-3g-launch-date-confirmed\" target=\"_blank\">Gizmodo<\/a> will sehr vertrauensw\u00fcrdige Informationen zu der f\u00fcr Juni erwarteten n\u00e4chsten iPhone-Generation haben. Das neue Modell soll, ausgestattet mit UMTS-Technologie, in den USA direkt nach der Pr\u00e4sentation am 9. Juni erh\u00e4ltlich sein.<br \/>\nAuch in Europa sollen die neuen Ger\u00e4te sehr schnell, voraussichtlich Mitte Juni in den Handel kommen.<\/p>\n<p>Wie wir anhand der vorliegenden Informationen aus unseren Nachbarstaaten sehen, wird das iPhone zuk\u00fcnftig in einzelnen L\u00e4ndern auch von mehreren Providern angeboten werden. In Deutschland gibt es bisher keine Ank\u00fcndigungen im Bezug auf zus\u00e4tzliche Provider, T-Mobile beansprucht den Exklusivvertrieb laut Aussagen des Konzernchefs auf f\u00fcr die kommende iPhone-Generation.<\/p>\n<p>Angeblich wird auch die Preisbindung beim iPhone aufgeweicht, dies bedeutet, dass die Provider zuk\u00fcnftig auch attraktive Vertragspakete mit stark subventionierten Ger\u00e4ten schn\u00fcren k\u00f6nnen.<\/p>\n<p>Aber dies sind zumindest bisher alles nur Ger\u00fcchte. Bis wir definitiv wissen wie es in Sachen iPhone weitergeht wird noch 19 Mal geschlafen.<\/p>\n","protected":false},"excerpt":{"rendered":"<a href=\"https:\/\/www.iphone-ticker.de\/neue-geruchte-umts-iphone-am-mitte-juni-weltweit-2845\/\"><img decoding=\"async\" width=\"150\" src=\"http:\/\/www.iphone-ticker.de\/wp-content\/uploads\/2008\/05\/3gmck.jpg\" class=\"alignright wp-post-image tfe\" alt=\"3gmck.jpg\" title=\"\" \/><\/a><p>Das US-Blog Gizmodo will sehr vertrauensw\u00fcrdige Informationen zu der f\u00fcr Juni erwarteten n\u00e4chsten iPhone-Generation haben. Das neue Modell soll, ausgestattet mit UMTS-Technologie, in den USA direkt nach der Pr\u00e4sentation am 9. Juni erh\u00e4ltlich sein. Auch in Europa sollen die neuen Ger\u00e4te sehr schnell, voraussichtlich Mitte Juni in den Handel kommen. Wie wir anhand der vorliegenden [&hellip;]<\/p>\n","protected":false},"author":2,"featured_media":0,"comment_status":"open","ping_status":"open","sticky":false,"template":"","format":"standard","meta":{"footnotes":""},"categories":[1],"tags":[3912,668,3910,37,105],"class_list":["post-2845","post","type-post","status-publish","format-standard","hentry","category-news","tag-apple","tag-iphone-3","tag-rumors","tag-t-mobile","tag-wwdc"],"aioseo_notices":[],"rest_api_enabler":[],"_links":{"self":[{"href":"https:\/\/www.iphone-ticker.de\/apiv2\/wp\/v2\/posts\/2845","targetHints":{"allow":["GET"]}}],"collection":[{"href":"https:\/\/www.iphone-ticker.de\/apiv2\/wp\/v2\/posts"}],"about":[{"href":"https:\/\/www.iphone-ticker.de\/apiv2\/wp\/v2\/types\/post"}],"author":[{"embeddable":true,"href":"https:\/\/www.iphone-ticker.de\/apiv2\/wp\/v2\/users\/2"}],"replies":[{"embeddable":true,"href":"https:\/\/www.iphone-ticker.de\/apiv2\/wp\/v2\/comments?post=2845"}],"version-history":[{"count":0,"href":"https:\/\/www.iphone-ticker.de\/apiv2\/wp\/v2\/posts\/2845\/revisions"}],"wp:attachment":[{"href":"https:\/\/www.iphone-ticker.de\/apiv2\/wp\/v2\/media?parent=2845"}],"wp:term":[{"taxonomy":"category","embeddable":true,"href":"https:\/\/www.iphone-ticker.de\/apiv2\/wp\/v2\/categories?post=2845"},{"taxonomy":"post_tag","embeddable":true,"href":"https:\/\/www.iphone-ticker.de\/apiv2\/wp\/v2\/tags?post=2845"}],"curies":[{"name":"wp","href":"https:\/\/api.w.org\/{rel}","templated":true}]}}