{"id":28324,"date":"2011-12-04T09:55:29","date_gmt":"2011-12-04T08:55:29","guid":{"rendered":"http:\/\/www.iphone-ticker.de\/?p=28324"},"modified":"2011-12-04T09:55:29","modified_gmt":"2011-12-04T08:55:29","slug":"fur-kurze-zeit-reduziert-mical-kalender-und-procamera","status":"publish","type":"post","link":"https:\/\/www.iphone-ticker.de\/fur-kurze-zeit-reduziert-mical-kalender-und-procamera-28324\/","title":{"rendered":"F\u00fcr kurze Zeit reduziert: miCal-Kalender und ProCamera"},"content":{"rendered":"<p>Die Kalenderalternative miCal kann durch diverser Zusatzfunktionen und Bedienhilfen gegen\u00fcber Apples Standardkalender punkten und erfreut sich vor allem in der iPhone-Version einer gro\u00dfen und durchaus zufriedenen Nutzerbasis. Im sogenannten &#8222;Dashboard&#8220; lassen alle aktuellen Termine erg\u00e4nzt durch die momentane Uhrzeit und Wetterinfos \u00fcbersichtlich darstellen, zudem sind weitere Kalenderansichten f\u00fcr Tag, Woche, Monat oder Jahr abrufbar. Eine Aufgabenverwaltung gibt&#8217;s optional per In-App-Kauf f\u00fcr 79 Cent dazu.<\/p>\n<p>miCal l\u00e4sst sich am heutigen Sonntag sowohl in der <a rel=\"noindex, nofollow\" href=\"http:\/\/www.ifun.de\/app\/392290576\">Version f\u00fcr iPhone und iPod touch<\/a> als auch in der <a rel=\"noindex, nofollow\" href=\"http:\/\/www.ifun.de\/app\/411621980\">iPad-Variate<\/a> zum Sonderpreis von 0,79 Euro laden.<\/p>\n<p><div class=\"responsive-video\"><iframe loading=\"lazy\" width=\"464\" height=\"266\" src=\"http:\/\/www.youtube-nocookie.com\/embed\/ZF-bWh3Hc18?rel=0\" frameborder=\"0\" allowfullscreen><\/iframe><\/div><br \/>\n(<a href=\"http:\/\/youtu.be\/ZF-bWh3Hc18\">Direktlink zum Video<\/a>)<\/p>\n<h3>ProCamera ebenfalls kurze Zeit f\u00fcr 79 Cent<\/h3>\n<p>Die von uns mehrfach ausf\u00fchrlich <a href=\"http:\/\/www.iphone-ticker.de\/funf-von-eintausend-procamera-springt-auf-version-3-0-5-promo-codes-fur-euch-16420\/\">vorgestellte<\/a> Kamera-Anwendung <a rel=\"noindex, nofollow\" href=\"http:\/\/www.ifun.de\/app\/300216827\">ProCamera<\/a> gibt es f\u00fcr kurze Zeit noch zum Sonderpreis von 79 Cent (regul\u00e4r 2,39 Euro). Die App bietet eine Vielzahl Kamera-Effekte sowie Funktionserweiterungen wie einen Selbstausl\u00f6ser oder die M\u00f6glichkeit, per &#8222;RapidFire&#8220; bis zu 12 Bilder pro Sekunde aufzunehmen. (Danke David)<\/p>\n","protected":false},"excerpt":{"rendered":"<p>Die Kalenderalternative miCal kann durch diverser Zusatzfunktionen und Bedienhilfen gegen\u00fcber Apples Standardkalender punkten und erfreut sich vor allem in der iPhone-Version einer gro\u00dfen und durchaus zufriedenen Nutzerbasis. Im sogenannten &#8222;Dashboard&#8220; lassen alle aktuellen Termine erg\u00e4nzt durch die momentane Uhrzeit und Wetterinfos \u00fcbersichtlich darstellen, zudem sind weitere Kalenderansichten f\u00fcr Tag, Woche, Monat oder Jahr abrufbar. Eine [&hellip;]<\/p>\n","protected":false},"author":2,"featured_media":0,"comment_status":"open","ping_status":"closed","sticky":false,"template":"","format":"standard","meta":{"footnotes":""},"categories":[39],"tags":[666,3914,134,139],"class_list":["post-28324","post","type-post","status-publish","format-standard","hentry","category-apps","tag-app-store","tag-apps","tag-kalender","tag-kamera"],"aioseo_notices":[],"rest_api_enabler":[],"_links":{"self":[{"href":"https:\/\/www.iphone-ticker.de\/apiv2\/wp\/v2\/posts\/28324","targetHints":{"allow":["GET"]}}],"collection":[{"href":"https:\/\/www.iphone-ticker.de\/apiv2\/wp\/v2\/posts"}],"about":[{"href":"https:\/\/www.iphone-ticker.de\/apiv2\/wp\/v2\/types\/post"}],"author":[{"embeddable":true,"href":"https:\/\/www.iphone-ticker.de\/apiv2\/wp\/v2\/users\/2"}],"replies":[{"embeddable":true,"href":"https:\/\/www.iphone-ticker.de\/apiv2\/wp\/v2\/comments?post=28324"}],"version-history":[{"count":1,"href":"https:\/\/www.iphone-ticker.de\/apiv2\/wp\/v2\/posts\/28324\/revisions"}],"predecessor-version":[{"id":28325,"href":"https:\/\/www.iphone-ticker.de\/apiv2\/wp\/v2\/posts\/28324\/revisions\/28325"}],"wp:attachment":[{"href":"https:\/\/www.iphone-ticker.de\/apiv2\/wp\/v2\/media?parent=28324"}],"wp:term":[{"taxonomy":"category","embeddable":true,"href":"https:\/\/www.iphone-ticker.de\/apiv2\/wp\/v2\/categories?post=28324"},{"taxonomy":"post_tag","embeddable":true,"href":"https:\/\/www.iphone-ticker.de\/apiv2\/wp\/v2\/tags?post=28324"}],"curies":[{"name":"wp","href":"https:\/\/api.w.org\/{rel}","templated":true}]}}