{"id":277177,"date":"2026-04-30T08:29:05","date_gmt":"2026-04-30T06:29:05","guid":{"rendered":"https:\/\/www.iphone-ticker.de\/?p=277177"},"modified":"2026-04-30T08:30:10","modified_gmt":"2026-04-30T06:30:10","slug":"qi-laden-mit-25-watt-nicht-mehr-nur-in-high-end-accessoires","status":"publish","type":"post","link":"https:\/\/www.iphone-ticker.de\/qi-laden-mit-25-watt-nicht-mehr-nur-in-high-end-accessoires-277177\/","title":{"rendered":"Qi-Laden mit 25 Watt: Nicht mehr nur in High-End-Accessoires"},"content":{"rendered":"<p>Der Zubeh\u00f6ranbieter Ugreen erweitert sein Angebot an Qi2-Ladeger\u00e4ten und bringt h\u00f6here Ladeleistungen in preislich niedrigere Produktklassen. Nachdem bislang vor allem auff\u00e4llig gestaltete Modelle <a rel=\"noindex, nofollow\" href=\"https:\/\/www.amazon.de\/s?k=ugreen+magflow+25+watt&amp;s=relevanceblender&amp;__mk_de_DE=%C3%85M%C3%85%C5%BD%C3%95%C3%91&amp;crid=2TXQ06A27K8RT&amp;qid=1777529517&amp;sprefix=ugreen+magflow+25+watt%2Caps%2C128&amp;ds=v1%3AXl5ARVRPtwXSIWTkMEMLzMZoL08cYch5X1I80xY7j4M&amp;linkCode=ll2&amp;tag=musicweb02&amp;linkId=f0b464a38e5dc8dcc8e1647b42f63232&amp;ref_=as_li_ss_tl\">wie die aus der MagFlow-Reihe<\/a> mit bis zu 25 Watt kabelloser Ladeleistung ausgestattet waren, erreicht diese Technik nun auch kompaktere und g\u00fcnstigere Varianten.<\/p>\n<p><a href=\"https:\/\/images.iphone-ticker.de\/wp-content\/uploads\/2026\/04\/ugrren-zapix-25-watt.png\"><img loading=\"lazy\" decoding=\"async\" class=\"aligncenter size-medium wp-image-277179\" src=\"https:\/\/images.iphone-ticker.de\/wp-content\/uploads\/2026\/04\/ugrren-zapix-25-watt-500x420.png\" alt=\"Ugrren Zapix 25 Watt\" width=\"500\" height=\"420\" srcset=\"https:\/\/images.iphone-ticker.de\/wp-content\/uploads\/2026\/04\/ugrren-zapix-25-watt-500x420.png 500w, https:\/\/images.iphone-ticker.de\/wp-content\/uploads\/2026\/04\/ugrren-zapix-25-watt-700x587.png 700w, https:\/\/images.iphone-ticker.de\/wp-content\/uploads\/2026\/04\/ugrren-zapix-25-watt.png 938w\" sizes=\"auto, (max-width: 500px) 100vw, 500px\" \/><\/a><\/p>\n<h2>Mehr Leistung im Einstiegssegment<\/h2>\n<p>Bereits im vergangenen Jahr hatte Ugreen mit ersten Qi2-Ladeger\u00e4ten experimentiert. Damals lag der Fokus auf unterschiedlichen Bauformen und Nutzungsszenarien, etwa f\u00fcr den Schreibtisch oder den Nachttisch. Die maximale Ladeleistung variierte dabei je nach Modell. W\u00e4hrend einfache Kombi-Ladestationen <a href=\"https:\/\/www.ifun.de\/amzn\/B0CWVDJFDB\">mit 15 Watt arbeiteten<\/a>, blieb die schnellere 25-Watt-Option <a href=\"https:\/\/www.ifun.de\/amzn\/B0F1YM1BPF\">teureren oder auff\u00e4lligeren Ger\u00e4ten<\/a> vorbehalten.<\/p>\n<p><a href=\"https:\/\/images.iphone-ticker.de\/wp-content\/uploads\/2026\/04\/ladeleistung-zapix.jpg\"><img loading=\"lazy\" decoding=\"async\" class=\"aligncenter size-large wp-image-277180\" src=\"https:\/\/images.iphone-ticker.de\/wp-content\/uploads\/2026\/04\/ladeleistung-zapix-700x592.jpg\" alt=\"Ladeleistung Zapix\" width=\"700\" height=\"592\" srcset=\"https:\/\/images.iphone-ticker.de\/wp-content\/uploads\/2026\/04\/ladeleistung-zapix-700x592.jpg 700w, https:\/\/images.iphone-ticker.de\/wp-content\/uploads\/2026\/04\/ladeleistung-zapix-500x423.jpg 500w, https:\/\/images.iphone-ticker.de\/wp-content\/uploads\/2026\/04\/ladeleistung-zapix.jpg 1125w\" sizes=\"auto, (max-width: 700px) 100vw, 700px\" \/><\/a><\/p>\n<p>Mit der <a href=\"https:\/\/www.ifun.de\/amzn\/B0FXMJ82HK\">neuen Version des Zapix-Ladeger\u00e4ts<\/a> \u00e4ndert sich diese Aufteilung. Das 2-in-1-Modell unterst\u00fctzt nun ebenfalls kabelloses Laden mit bis zu 25 Watt nach dem Qi2.2-Standard.<\/p>\n<p>Technisch basiert die h\u00f6here Leistung auf einer verbesserten Energie\u00fcbertragung zwischen Ladeger\u00e4t und iPhone. Voraussetzung ist weiterhin ein ausreichend starkes Netzteil, das mindestens 45 Watt liefern sollte. Nur dann l\u00e4sst sich die maximale Geschwindigkeit in der Praxis erreichen.<\/p>\n<script>\r\n  function open_amazon(link) {\r\n    if (navigator.userAgent.indexOf(\"Firefox\") != -1) {\r\n      window.open(link, '_blank');\r\n    } else {\r\n      var tag = document.createElement('a');\r\n      tag.setAttribute('href', link);\r\n      tag.innerHTML = \"amzn\";\r\n      tag.click();\r\n    }\r\n  }\r\n<\/script>\r\n    <div id=\"article-single-amazon-preview\" onclick=\"return open_amazon('https:\/\/www.amazon.de\/dp\/B0FXMJ82HK?tag=musicweb02&linkCode=ogi&th=1&psc=1');\">\n  <div id=\"article-single-amazon-preview-header\">\n    <span class=\"title\">Produkthinweis<\/span>\n      <\/div>\n  <div id=\"article-single-amazon-preview-content\">\n    <div id=\"article-single-amazon-preview-img\" style=\"background: url('https:\/\/m.media-amazon.com\/images\/I\/210eQRRFMSL.jpg') center center no-repeat; background-size: cover;\"><\/div>\n    <div id=\"article-single-amazon-preview-desc\">\n      <span class=\"bezeichnung\"><a href=\"https:\/\/www.amazon.de\/dp\/B0FXMJ82HK?tag=musicweb02&linkCode=ogi&th=1&psc=1\" style=\"text-decoration: none; border-bottom: 0px; box-shadow: none;\">UGREEN Zapix 2-in-1 Kabellose Ladestation, Qi2 25W zertifizierte Magnetisches Kabelloses Ladeger\u00e4t kompatibel mit...<\/a><\/span>\n      <span class=\"preis--aktuell\">32,99 EUR<\/span>\n      <span class=\"preis--alt\"><\/span>\n    <\/div>\n  <\/div>\n<\/div>\n<h2>\u00c4u\u00dferlich unver\u00e4ndert<\/h2>\n<p>Am grunds\u00e4tzlichen <a href=\"https:\/\/www.iphone-ticker.de\/fuer-iphone-und-airpods-neue-2-in-1-ladegeraete-von-ugreen-268553\/\">Konzept des Zapix-Modells<\/a> \u00e4ndert sich wenig. Das Ger\u00e4t kombiniert eine magnetische Ladefl\u00e4che f\u00fcr das iPhone mit einer zweiten Ablage f\u00fcr AirPods. Beide Ger\u00e4te k\u00f6nnen parallel geladen werden. Die feste Neigung von 48 Grad erlaubt es, das iPhone w\u00e4hrend des Ladens weiter zu nutzen, etwa f\u00fcr Videoanrufe oder als Anzeige auf dem Schreibtisch.<\/p>\n<p><a href=\"https:\/\/images.iphone-ticker.de\/wp-content\/uploads\/2026\/04\/aufstellvarianten-zapix.jpg\"><img loading=\"lazy\" decoding=\"async\" class=\"aligncenter size-large wp-image-277181\" src=\"https:\/\/images.iphone-ticker.de\/wp-content\/uploads\/2026\/04\/aufstellvarianten-zapix-700x299.jpg\" alt=\"Aufstellvarianten Zapix\" width=\"700\" height=\"299\" srcset=\"https:\/\/images.iphone-ticker.de\/wp-content\/uploads\/2026\/04\/aufstellvarianten-zapix-700x299.jpg 700w, https:\/\/images.iphone-ticker.de\/wp-content\/uploads\/2026\/04\/aufstellvarianten-zapix-500x213.jpg 500w, https:\/\/images.iphone-ticker.de\/wp-content\/uploads\/2026\/04\/aufstellvarianten-zapix.jpg 1209w\" sizes=\"auto, (max-width: 700px) 100vw, 700px\" \/><\/a><\/p>\n<p>Sicherheitsfunktionen wie Temperatur\u00fcberwachung, Fremdk\u00f6rpererkennung und Schutz vor \u00dcberstrom sind weiterhin integriert.<\/p>\n<p>Preislich positioniert Ugreen die neue Variante im Bereich um 40 Euro (<a href=\"https:\/\/www.ifun.de\/amzn\/B0FXMJ82HK\">33 Euro zur Markteinf\u00fchrung<\/a>) und h\u00e4lt damit Abstand zu den teureren 25-Watt-Modellen. Parallel bleibt das \u00e4ltere 15-Watt-Modell im Sortiment und wird aktuell deutlich g\u00fcnstiger angeboten. Weitgehend baugleich ist dies nun mit einem Preisnachlass von 37 Prozent <a href=\"https:\/\/www.ifun.de\/amzn\/B0FGX5JN2X\">f\u00fcr 18,99 Euro erh\u00e4ltlich<\/a>.<\/p>\n<script>\r\n  function open_amazon(link) {\r\n    if (navigator.userAgent.indexOf(\"Firefox\") != -1) {\r\n      window.open(link, '_blank');\r\n    } else {\r\n      var tag = document.createElement('a');\r\n      tag.setAttribute('href', link);\r\n      tag.innerHTML = \"amzn\";\r\n      tag.click();\r\n    }\r\n  }\r\n<\/script>\r\n    <div id=\"article-single-amazon-preview\" onclick=\"return open_amazon('https:\/\/www.amazon.de\/dp\/B0FGX5JN2X?tag=musicweb02&linkCode=ogi&th=1&psc=1');\">\n  <div id=\"article-single-amazon-preview-header\">\n    <span class=\"title\">Produkthinweis<\/span>\n      <\/div>\n  <div id=\"article-single-amazon-preview-content\">\n    <div id=\"article-single-amazon-preview-img\" style=\"background: url('https:\/\/m.media-amazon.com\/images\/I\/21DM-tTBdML.jpg') center center no-repeat; background-size: cover;\"><\/div>\n    <div id=\"article-single-amazon-preview-desc\">\n      <span class=\"bezeichnung\"><a href=\"https:\/\/www.amazon.de\/dp\/B0FGX5JN2X?tag=musicweb02&linkCode=ogi&th=1&psc=1\" style=\"text-decoration: none; border-bottom: 0px; box-shadow: none;\">UGREEN Zapix 2-in-1 Magnetisches Kabelloses Ladeger\u00e4t 15W, Qi2 zertifizierte iPhone Ladestation kompatibel mit MagSafe...<\/a><\/span>\n      <span class=\"preis--aktuell\">18,99 EUR<\/span>\n      <span class=\"preis--alt\">29,99 EUR<\/span>\n    <\/div>\n  <\/div>\n<\/div>\n<p><video poster=\"\" preload=\"auto\" controls=\"controls\" width=\"100%\" ><source src=\"https:\/\/images.iphone-ticker.de\/wp-content\/uploads\/2026\/04\/zapix-ugreen.mp4#t=0.01\" \/><\/video><\/p>\n<p><img loading=\"lazy\" decoding=\"async\" src=\"https:\/\/vg05.met.vgwort.de\/na\/4cdc0b7d1f03454295aa496946127f33\" width=\"1\" height=\"1\"  no-lazy class=\"tracking\"><\/p>\n","protected":false},"excerpt":{"rendered":"<a href=\"https:\/\/www.iphone-ticker.de\/qi-laden-mit-25-watt-nicht-mehr-nur-in-high-end-accessoires-277177\/\"><img width=\"150\" height=\"150\" src=\"https:\/\/images.iphone-ticker.de\/wp-content\/uploads\/2026\/04\/aufstellvarianten-zapix-150x150.jpg\" class=\"alignright tfe wp-post-image\" alt=\"Aufstellvarianten Zapix\" decoding=\"async\" loading=\"lazy\" \/><\/a><p>Der Zubeh\u00f6ranbieter Ugreen erweitert sein Angebot an Qi2-Ladeger\u00e4ten und bringt h\u00f6here Ladeleistungen in preislich niedrigere Produktklassen. Nachdem bislang vor allem auff\u00e4llig gestaltete Modelle wie die aus der MagFlow-Reihe mit bis zu 25 Watt kabelloser Ladeleistung ausgestattet waren, erreicht diese Technik nun auch kompaktere und g\u00fcnstigere Varianten. Mehr Leistung im Einstiegssegment Bereits im vergangenen Jahr hatte [&hellip;]<\/p>\n","protected":false},"author":1,"featured_media":277181,"comment_status":"open","ping_status":"closed","sticky":false,"template":"","format":"standard","meta":{"footnotes":""},"categories":[24],"tags":[7281,45,6642,4191,7454,5239],"class_list":["post-277177","post","type-post","status-publish","format-standard","has-post-thumbnail","hentry","category-zubehor","tag-25-watt","tag-ladegerat","tag-qi2","tag-ugreen","tag-zapix","tag-zubehoer"],"aioseo_notices":[],"featured_image":["https:\/\/images.iphone-ticker.de\/wp-content\/uploads\/2026\/04\/ugreen-25-watt-zapix-feature.jpg"],"subheadline":["Ugreen packt mehr Leistung im Einstiegssegment"],"rest_api_enabler":{"featured_image":"https:\/\/images.iphone-ticker.de\/wp-content\/uploads\/2026\/04\/ugreen-25-watt-zapix-feature.jpg","subheadline":"Ugreen packt mehr Leistung im Einstiegssegment"},"_links":{"self":[{"href":"https:\/\/www.iphone-ticker.de\/apiv2\/wp\/v2\/posts\/277177","targetHints":{"allow":["GET"]}}],"collection":[{"href":"https:\/\/www.iphone-ticker.de\/apiv2\/wp\/v2\/posts"}],"about":[{"href":"https:\/\/www.iphone-ticker.de\/apiv2\/wp\/v2\/types\/post"}],"author":[{"embeddable":true,"href":"https:\/\/www.iphone-ticker.de\/apiv2\/wp\/v2\/users\/1"}],"replies":[{"embeddable":true,"href":"https:\/\/www.iphone-ticker.de\/apiv2\/wp\/v2\/comments?post=277177"}],"version-history":[{"count":3,"href":"https:\/\/www.iphone-ticker.de\/apiv2\/wp\/v2\/posts\/277177\/revisions"}],"predecessor-version":[{"id":277187,"href":"https:\/\/www.iphone-ticker.de\/apiv2\/wp\/v2\/posts\/277177\/revisions\/277187"}],"wp:featuredmedia":[{"embeddable":true,"href":"https:\/\/www.iphone-ticker.de\/apiv2\/wp\/v2\/media\/277181"}],"wp:attachment":[{"href":"https:\/\/www.iphone-ticker.de\/apiv2\/wp\/v2\/media?parent=277177"}],"wp:term":[{"taxonomy":"category","embeddable":true,"href":"https:\/\/www.iphone-ticker.de\/apiv2\/wp\/v2\/categories?post=277177"},{"taxonomy":"post_tag","embeddable":true,"href":"https:\/\/www.iphone-ticker.de\/apiv2\/wp\/v2\/tags?post=277177"}],"curies":[{"name":"wp","href":"https:\/\/api.w.org\/{rel}","templated":true}]}}