{"id":277111,"date":"2026-04-29T11:57:43","date_gmt":"2026-04-29T09:57:43","guid":{"rendered":"https:\/\/www.iphone-ticker.de\/?p=277111"},"modified":"2026-04-29T11:58:04","modified_gmt":"2026-04-29T09:58:04","slug":"neuer-bewegungsmelder-von-bosch-integriert-notlicht","status":"publish","type":"post","link":"https:\/\/www.iphone-ticker.de\/neuer-bewegungsmelder-von-bosch-integriert-notlicht-277111\/","title":{"rendered":"Neuer Bewegungsmelder von Bosch integriert Notlicht"},"content":{"rendered":"<p>Bosch hat sein Smarthome-Portfolio um den <a href=\"https:\/\/www.bosch-smarthome.com\/de\/de\/produkte\/sicherheit\/bewegungsmelder-2\/\">Bewegungsmelder II [+M]<\/a> erweitert. Bei dem Ger\u00e4t handelt es sich um einen klassischen passiven Infrarot-Bewegungsmelder, der jedoch \u00fcber eine integrierte Leuchte verf\u00fcgt und somit auch als Orientierungslicht dienen kann. \u00dcber das \u00d6kosystem von Bosch hinaus l\u00e4sst sich der Sensor \u00fcber Matter auch in Smarthome-Systeme wie Apple Home integrieren.<\/p>\n<p>Der Bewegungsmelder II [+M] kann laut Hersteller Bewegungen in einem Erfassungsbereich von bis zu 13 Metern zuverl\u00e4ssig erkennen. Die Reichweite h\u00e4ngt direkt vom Ort der Anbringung ab. F\u00fcr eine optimale Funktion empfiehlt Bosch die Montage in etwa zwei Metern H\u00f6he.<\/p>\n<p><a href=\"https:\/\/images.iphone-ticker.de\/wp-content\/uploads\/2026\/04\/bosch-bewegungsmelder-ii.jpg\"><img loading=\"lazy\" decoding=\"async\" src=\"https:\/\/images.iphone-ticker.de\/wp-content\/uploads\/2026\/04\/bosch-bewegungsmelder-ii-700x492.jpg\" alt=\"Bosch Bewegungsmelder Ii\" width=\"700\" height=\"492\" class=\"alignnone size-large wp-image-277114\" srcset=\"https:\/\/images.iphone-ticker.de\/wp-content\/uploads\/2026\/04\/bosch-bewegungsmelder-ii-700x492.jpg 700w, https:\/\/images.iphone-ticker.de\/wp-content\/uploads\/2026\/04\/bosch-bewegungsmelder-ii-500x351.jpg 500w, https:\/\/images.iphone-ticker.de\/wp-content\/uploads\/2026\/04\/bosch-bewegungsmelder-ii.jpg 1468w\" sizes=\"auto, (max-width: 700px) 100vw, 700px\" \/><\/a><\/p>\n<h2>Automationen f\u00fcr Komfort und Sicherheit<\/h2>\n<p>In Automationen eingebunden kann das Ger\u00e4t darauf basierend beispielsweise Alarme ausl\u00f6sen oder Funktionen wie etwa die Steuerung von Beleuchtungsfunktionen \u00fcbernehmen. Um Fehlalarme zu reduzieren, setzt das Ger\u00e4t nach Angaben des Herstellers auf einen integrierten Filter, der Bewegungen kleinerer Tiere erkennen und entsprechend ber\u00fccksichtigen soll.<\/p>\n<p>Ein integrierter Ersch\u00fctterungssensor erm\u00f6glicht es laut Bosch zudem, Manipulationen am Bewegungsmelder zu erkennen. Diese k\u00f6nnen ebenfalls Automationen in Gang setzen oder per Push-Mitteilung gemeldet werden. Dar\u00fcber hinaus kann das Ger\u00e4t auch die aktuelle Helligkeit und Temperatur erfassen. So lassen sich auch Kombinationen mehrerer Zust\u00e4nde als Ausl\u00f6ser f\u00fcr Aktionen definieren, etwa nach dem Muster \u201eRollladen herunterfahren bei einer Temperatur \u00fcber 24 Grad Celsius und hoher Helligkeit\u201c.<\/p>\n<p><a href=\"https:\/\/images.iphone-ticker.de\/wp-content\/uploads\/2026\/04\/bosch-bewegungsmelder-ii-2.jpg\"><img loading=\"lazy\" decoding=\"async\" src=\"https:\/\/images.iphone-ticker.de\/wp-content\/uploads\/2026\/04\/bosch-bewegungsmelder-ii-2-700x465.jpg\" alt=\"Bosch Bewegungsmelder Ii 2\" width=\"700\" height=\"465\" class=\"alignnone size-large wp-image-277113\" srcset=\"https:\/\/images.iphone-ticker.de\/wp-content\/uploads\/2026\/04\/bosch-bewegungsmelder-ii-2-700x465.jpg 700w, https:\/\/images.iphone-ticker.de\/wp-content\/uploads\/2026\/04\/bosch-bewegungsmelder-ii-2-500x332.jpg 500w, https:\/\/images.iphone-ticker.de\/wp-content\/uploads\/2026\/04\/bosch-bewegungsmelder-ii-2.jpg 1400w\" sizes=\"auto, (max-width: 700px) 100vw, 700px\" \/><\/a><\/p>\n<h2>Orientierungslicht mit anpassbaren Einstellungen<\/h2>\n<p>Das integrierte Orientierungslicht l\u00e4sst sich bei Bewegung und geringer Umgebungshelligkeit automatisch einschalten. Helligkeit und Empfindlichkeit lassen sich dabei individuell anpassen. So kann das Licht nicht nur als Not- oder Nachbeleuchtung, sondern auch als Hinweis dienen, dass ein Alarmsystem aktiv ist.<\/p>\n<p>Der neue Bewegungsmelder von Bosch ist sowohl f\u00fcr den Einsatz in Geb\u00e4uden als auch im Au\u00dfenbereich vorgesehen und nach IP55 gegen Staub und Spritzwasser gesch\u00fctzt. Die Montage k\u00f6nne wahlweise mit Schrauben oder Klebematerial erfolgen.<img decoding=\"async\" src=\"https:\/\/vg07.met.vgwort.de\/na\/0205aad26a2143819ff93284f7dc6f08\" width=\"1\" height=\"1\" no-lazy class=\"tracking\" loading=\"eager\"><\/p>\n","protected":false},"excerpt":{"rendered":"<a href=\"https:\/\/www.iphone-ticker.de\/neuer-bewegungsmelder-von-bosch-integriert-notlicht-277111\/\"><img width=\"150\" height=\"150\" src=\"https:\/\/images.iphone-ticker.de\/wp-content\/uploads\/2026\/04\/bosch-bewegungsmelder-ii-feature-150x150.jpg\" class=\"alignright tfe wp-post-image\" alt=\"Bosch Bewegungsmelder Ii Feature\" decoding=\"async\" loading=\"lazy\" \/><\/a><p>Bosch hat sein Smarthome-Portfolio um den Bewegungsmelder II [+M] erweitert. Bei dem Ger\u00e4t handelt es sich um einen klassischen passiven Infrarot-Bewegungsmelder, der jedoch \u00fcber eine integrierte Leuchte verf\u00fcgt und somit auch als Orientierungslicht dienen kann. \u00dcber das \u00d6kosystem von Bosch hinaus l\u00e4sst sich der Sensor \u00fcber Matter auch in Smarthome-Systeme wie Apple Home integrieren. Der [&hellip;]<\/p>\n","protected":false},"author":2,"featured_media":277115,"comment_status":"open","ping_status":"closed","sticky":false,"template":"","format":"standard","meta":{"footnotes":""},"categories":[1],"tags":[757,1838],"class_list":["post-277111","post","type-post","status-publish","format-standard","has-post-thumbnail","hentry","category-news","tag-bosch","tag-smarthome"],"aioseo_notices":[],"aioseo_head":"\n\t\t<!-- All in One SEO Pro 5.0.1.1 - aioseo.com -->\n\t<meta name=\"description\" content=\"Bosch erweitert sein Smart-Home-System um einen neuen Bewegungsmelder mit integriertem Licht, Matter-Unterst\u00fctzung und Sensoren f\u00fcr Helligkeit und Temperatur.\" \/>\n\t<meta name=\"robots\" content=\"max-image-preview:large\" \/>\n\t<meta name=\"author\" content=\"chris\"\/>\n\t<meta name=\"google-site-verification\" content=\"bRuV4_wqNuoQLypC9HVKibZ0X7EtNyELtju97qgyflM\" \/>\n\t<link rel=\"canonical\" href=\"https:\/\/www.iphone-ticker.de\/neuer-bewegungsmelder-von-bosch-integriert-notlicht-277111\/\" \/>\n\t<meta name=\"generator\" content=\"All in One SEO Pro (AIOSEO) 5.0.1.1\" \/>\n\t\t<meta property=\"og:locale\" content=\"de_DE\" \/>\n\t\t<meta property=\"og:site_name\" content=\"iphone-ticker.de | Alles zum iPhone. Seit 2007.\" \/>\n\t\t<meta property=\"og:type\" content=\"article\" \/>\n\t\t<meta property=\"og:title\" content=\"Bosch Bewegungsmelder integriert Notlicht | iphone-ticker.de\" \/>\n\t\t<meta property=\"og:description\" content=\"Bosch erweitert sein Smart-Home-System um einen neuen Bewegungsmelder mit integriertem Licht, Matter-Unterst\u00fctzung und Sensoren f\u00fcr Helligkeit und Temperatur.\" \/>\n\t\t<meta property=\"og:url\" content=\"https:\/\/www.iphone-ticker.de\/neuer-bewegungsmelder-von-bosch-integriert-notlicht-277111\/\" \/>\n\t\t<meta property=\"article:published_time\" content=\"2026-04-29T09:57:43+00:00\" \/>\n\t\t<meta property=\"article:modified_time\" content=\"2026-04-29T09:58:04+00:00\" \/>\n\t\t<meta property=\"article:publisher\" content=\"https:\/\/facebook.com\/ifun.de\" \/>\n\t\t<meta name=\"twitter:card\" content=\"summary_large_image\" \/>\n\t\t<meta name=\"twitter:site\" content=\"@iphoneticker\" \/>\n\t\t<meta name=\"twitter:title\" content=\"Bosch Bewegungsmelder integriert Notlicht | iphone-ticker.de\" \/>\n\t\t<meta name=\"twitter:description\" content=\"Bosch erweitert sein Smart-Home-System um einen neuen Bewegungsmelder mit integriertem Licht, Matter-Unterst\u00fctzung und Sensoren f\u00fcr Helligkeit und Temperatur.\" \/>\n\t\t<meta name=\"twitter:creator\" content=\"@iphoneticker\" \/>\n\t\t<script type=\"application\/ld+json\" class=\"aioseo-schema\">\n\t\t\t{\"@context\":\"https:\\\/\\\/schema.org\",\"@graph\":[{\"@type\":\"BreadcrumbList\",\"@id\":\"https:\\\/\\\/www.iphone-ticker.de\\\/neuer-bewegungsmelder-von-bosch-integriert-notlicht-277111\\\/#breadcrumblist\",\"itemListElement\":[{\"@type\":\"ListItem\",\"@id\":\"https:\\\/\\\/www.iphone-ticker.de#listItem\",\"position\":1,\"name\":\"Home\",\"item\":\"https:\\\/\\\/www.iphone-ticker.de\",\"nextItem\":{\"@type\":\"ListItem\",\"@id\":\"https:\\\/\\\/www.iphone-ticker.de\\\/category\\\/news\\\/#listItem\",\"name\":\"News\"}},{\"@type\":\"ListItem\",\"@id\":\"https:\\\/\\\/www.iphone-ticker.de\\\/category\\\/news\\\/#listItem\",\"position\":2,\"name\":\"News\",\"item\":\"https:\\\/\\\/www.iphone-ticker.de\\\/category\\\/news\\\/\",\"nextItem\":{\"@type\":\"ListItem\",\"@id\":\"https:\\\/\\\/www.iphone-ticker.de\\\/neuer-bewegungsmelder-von-bosch-integriert-notlicht-277111\\\/#listItem\",\"name\":\"Neuer Bewegungsmelder von Bosch integriert Notlicht\"},\"previousItem\":{\"@type\":\"ListItem\",\"@id\":\"https:\\\/\\\/www.iphone-ticker.de#listItem\",\"name\":\"Home\"}},{\"@type\":\"ListItem\",\"@id\":\"https:\\\/\\\/www.iphone-ticker.de\\\/neuer-bewegungsmelder-von-bosch-integriert-notlicht-277111\\\/#listItem\",\"position\":3,\"name\":\"Neuer Bewegungsmelder von Bosch integriert Notlicht\",\"previousItem\":{\"@type\":\"ListItem\",\"@id\":\"https:\\\/\\\/www.iphone-ticker.de\\\/category\\\/news\\\/#listItem\",\"name\":\"News\"}}]},{\"@type\":\"NewsArticle\",\"@id\":\"https:\\\/\\\/www.iphone-ticker.de\\\/neuer-bewegungsmelder-von-bosch-integriert-notlicht-277111\\\/#newsarticle\",\"name\":\"Bosch Bewegungsmelder integriert Notlicht | iphone-ticker.de\",\"headline\":\"Neuer Bewegungsmelder von Bosch integriert Notlicht\",\"author\":{\"@id\":\"https:\\\/\\\/www.iphone-ticker.de\\\/author\\\/chris\\\/#author\"},\"publisher\":{\"@id\":\"https:\\\/\\\/www.iphone-ticker.de\\\/#organization\"},\"image\":{\"@type\":\"ImageObject\",\"url\":\"https:\\\/\\\/images.iphone-ticker.de\\\/wp-content\\\/uploads\\\/2026\\\/04\\\/bosch-bewegungsmelder-ii-feature.jpg\",\"width\":960,\"height\":378,\"caption\":\"Bosch Bewegungsmelder Ii Feature\"},\"datePublished\":\"2026-04-29T11:57:43+02:00\",\"dateModified\":\"2026-04-29T11:58:04+02:00\",\"inLanguage\":\"de-DE\",\"commentCount\":9,\"mainEntityOfPage\":{\"@id\":\"https:\\\/\\\/www.iphone-ticker.de\\\/neuer-bewegungsmelder-von-bosch-integriert-notlicht-277111\\\/#webpage\"},\"isPartOf\":{\"@id\":\"https:\\\/\\\/www.iphone-ticker.de\\\/neuer-bewegungsmelder-von-bosch-integriert-notlicht-277111\\\/#webpage\"},\"articleSection\":\"News, Bosch, Smarthome\",\"dateline\":\"Ver\\u00f6ffentlicht am April 29, 2026.\"},{\"@type\":\"Organization\",\"@id\":\"https:\\\/\\\/www.iphone-ticker.de\\\/#organization\",\"name\":\"aketo GmbH\",\"description\":\"Die aketo GmbH versorgt das deutschsprachige Internet mit den f\\u00fchrenden Nachrichtenangeboten zu Apple, dem iPhone, dem iPad und Apples Lifestyle-Produkten. Konzepte, Redaktion, Recherchen und Archiv.\",\"url\":\"https:\\\/\\\/www.iphone-ticker.de\\\/\",\"email\":\"ifun.de@gmail.com\",\"telephone\":\"+493057707123\",\"foundingDate\":\"2007-01-01\",\"logo\":{\"@type\":\"ImageObject\",\"url\":\"https:\\\/\\\/images.iphone-ticker.de\\\/wp-content\\\/uploads\\\/2026\\\/02\\\/apple-touch-icon.png\",\"@id\":\"https:\\\/\\\/www.iphone-ticker.de\\\/neuer-bewegungsmelder-von-bosch-integriert-notlicht-277111\\\/#organizationLogo\",\"width\":1024,\"height\":1024,\"caption\":\"Apple Touch Icon\"},\"image\":{\"@id\":\"https:\\\/\\\/www.iphone-ticker.de\\\/neuer-bewegungsmelder-von-bosch-integriert-notlicht-277111\\\/#organizationLogo\"},\"sameAs\":[\"https:\\\/\\\/facebook.com\\\/ifun.de\",\"https:\\\/\\\/x.com\\\/iphoneticker\"]},{\"@type\":\"Person\",\"@id\":\"https:\\\/\\\/www.iphone-ticker.de\\\/author\\\/chris\\\/#author\",\"url\":\"https:\\\/\\\/www.iphone-ticker.de\\\/author\\\/chris\\\/\",\"name\":\"chris\"},{\"@type\":\"WebPage\",\"@id\":\"https:\\\/\\\/www.iphone-ticker.de\\\/neuer-bewegungsmelder-von-bosch-integriert-notlicht-277111\\\/#webpage\",\"url\":\"https:\\\/\\\/www.iphone-ticker.de\\\/neuer-bewegungsmelder-von-bosch-integriert-notlicht-277111\\\/\",\"name\":\"Bosch Bewegungsmelder integriert Notlicht | iphone-ticker.de\",\"description\":\"Bosch erweitert sein Smart-Home-System um einen neuen Bewegungsmelder mit integriertem Licht, Matter-Unterst\\u00fctzung und Sensoren f\\u00fcr Helligkeit und Temperatur.\",\"inLanguage\":\"de-DE\",\"isPartOf\":{\"@id\":\"https:\\\/\\\/www.iphone-ticker.de\\\/#website\"},\"breadcrumb\":{\"@id\":\"https:\\\/\\\/www.iphone-ticker.de\\\/neuer-bewegungsmelder-von-bosch-integriert-notlicht-277111\\\/#breadcrumblist\"},\"author\":{\"@id\":\"https:\\\/\\\/www.iphone-ticker.de\\\/author\\\/chris\\\/#author\"},\"creator\":{\"@id\":\"https:\\\/\\\/www.iphone-ticker.de\\\/author\\\/chris\\\/#author\"},\"image\":{\"@type\":\"ImageObject\",\"url\":\"https:\\\/\\\/images.iphone-ticker.de\\\/wp-content\\\/uploads\\\/2026\\\/04\\\/bosch-bewegungsmelder-ii-feature.jpg\",\"@id\":\"https:\\\/\\\/www.iphone-ticker.de\\\/neuer-bewegungsmelder-von-bosch-integriert-notlicht-277111\\\/#mainImage\",\"width\":960,\"height\":378,\"caption\":\"Bosch Bewegungsmelder Ii Feature\"},\"primaryImageOfPage\":{\"@id\":\"https:\\\/\\\/www.iphone-ticker.de\\\/neuer-bewegungsmelder-von-bosch-integriert-notlicht-277111\\\/#mainImage\"},\"datePublished\":\"2026-04-29T11:57:43+02:00\",\"dateModified\":\"2026-04-29T11:58:04+02:00\"},{\"@type\":\"WebSite\",\"@id\":\"https:\\\/\\\/www.iphone-ticker.de\\\/#website\",\"url\":\"https:\\\/\\\/www.iphone-ticker.de\\\/\",\"name\":\"iphone-ticker.de\",\"description\":\"Alles zum iPhone. Seit 2007.\",\"inLanguage\":\"de-DE\",\"publisher\":{\"@id\":\"https:\\\/\\\/www.iphone-ticker.de\\\/#organization\"}}]}\n\t\t<\/script>\n\t\t<!-- All in One SEO Pro -->\r\n\t\t<title>Bosch Bewegungsmelder integriert Notlicht | iphone-ticker.de<\/title>\n\n","aioseo_head_json":{"title":"Bosch Bewegungsmelder integriert Notlicht | iphone-ticker.de","description":"Bosch erweitert sein Smart-Home-System um einen neuen Bewegungsmelder mit integriertem Licht, Matter-Unterst\u00fctzung und Sensoren f\u00fcr Helligkeit und Temperatur.","canonical_url":"https:\/\/www.iphone-ticker.de\/neuer-bewegungsmelder-von-bosch-integriert-notlicht-277111\/","robots":"max-image-preview:large","keywords":"","webmasterTools":{"google-site-verification":"bRuV4_wqNuoQLypC9HVKibZ0X7EtNyELtju97qgyflM","miscellaneous":""},"schema":{"@context":"https:\/\/schema.org","@graph":[{"@type":"BreadcrumbList","@id":"https:\/\/www.iphone-ticker.de\/neuer-bewegungsmelder-von-bosch-integriert-notlicht-277111\/#breadcrumblist","itemListElement":[{"@type":"ListItem","@id":"https:\/\/www.iphone-ticker.de#listItem","position":1,"name":"Home","item":"https:\/\/www.iphone-ticker.de","nextItem":{"@type":"ListItem","@id":"https:\/\/www.iphone-ticker.de\/category\/news\/#listItem","name":"News"}},{"@type":"ListItem","@id":"https:\/\/www.iphone-ticker.de\/category\/news\/#listItem","position":2,"name":"News","item":"https:\/\/www.iphone-ticker.de\/category\/news\/","nextItem":{"@type":"ListItem","@id":"https:\/\/www.iphone-ticker.de\/neuer-bewegungsmelder-von-bosch-integriert-notlicht-277111\/#listItem","name":"Neuer Bewegungsmelder von Bosch integriert Notlicht"},"previousItem":{"@type":"ListItem","@id":"https:\/\/www.iphone-ticker.de#listItem","name":"Home"}},{"@type":"ListItem","@id":"https:\/\/www.iphone-ticker.de\/neuer-bewegungsmelder-von-bosch-integriert-notlicht-277111\/#listItem","position":3,"name":"Neuer Bewegungsmelder von Bosch integriert Notlicht","previousItem":{"@type":"ListItem","@id":"https:\/\/www.iphone-ticker.de\/category\/news\/#listItem","name":"News"}}]},{"@type":"NewsArticle","@id":"https:\/\/www.iphone-ticker.de\/neuer-bewegungsmelder-von-bosch-integriert-notlicht-277111\/#newsarticle","name":"Bosch Bewegungsmelder integriert Notlicht | iphone-ticker.de","headline":"Neuer Bewegungsmelder von Bosch integriert Notlicht","author":{"@id":"https:\/\/www.iphone-ticker.de\/author\/chris\/#author"},"publisher":{"@id":"https:\/\/www.iphone-ticker.de\/#organization"},"image":{"@type":"ImageObject","url":"https:\/\/images.iphone-ticker.de\/wp-content\/uploads\/2026\/04\/bosch-bewegungsmelder-ii-feature.jpg","width":960,"height":378,"caption":"Bosch Bewegungsmelder Ii Feature"},"datePublished":"2026-04-29T11:57:43+02:00","dateModified":"2026-04-29T11:58:04+02:00","inLanguage":"de-DE","commentCount":9,"mainEntityOfPage":{"@id":"https:\/\/www.iphone-ticker.de\/neuer-bewegungsmelder-von-bosch-integriert-notlicht-277111\/#webpage"},"isPartOf":{"@id":"https:\/\/www.iphone-ticker.de\/neuer-bewegungsmelder-von-bosch-integriert-notlicht-277111\/#webpage"},"articleSection":"News, Bosch, Smarthome","dateline":"Ver\u00f6ffentlicht am April 29, 2026."},{"@type":"Organization","@id":"https:\/\/www.iphone-ticker.de\/#organization","name":"aketo GmbH","description":"Die aketo GmbH versorgt das deutschsprachige Internet mit den f\u00fchrenden Nachrichtenangeboten zu Apple, dem iPhone, dem iPad und Apples Lifestyle-Produkten. Konzepte, Redaktion, Recherchen und Archiv.","url":"https:\/\/www.iphone-ticker.de\/","email":"ifun.de@gmail.com","telephone":"+493057707123","foundingDate":"2007-01-01","logo":{"@type":"ImageObject","url":"https:\/\/images.iphone-ticker.de\/wp-content\/uploads\/2026\/02\/apple-touch-icon.png","@id":"https:\/\/www.iphone-ticker.de\/neuer-bewegungsmelder-von-bosch-integriert-notlicht-277111\/#organizationLogo","width":1024,"height":1024,"caption":"Apple Touch Icon"},"image":{"@id":"https:\/\/www.iphone-ticker.de\/neuer-bewegungsmelder-von-bosch-integriert-notlicht-277111\/#organizationLogo"},"sameAs":["https:\/\/facebook.com\/ifun.de","https:\/\/x.com\/iphoneticker"]},{"@type":"Person","@id":"https:\/\/www.iphone-ticker.de\/author\/chris\/#author","url":"https:\/\/www.iphone-ticker.de\/author\/chris\/","name":"chris"},{"@type":"WebPage","@id":"https:\/\/www.iphone-ticker.de\/neuer-bewegungsmelder-von-bosch-integriert-notlicht-277111\/#webpage","url":"https:\/\/www.iphone-ticker.de\/neuer-bewegungsmelder-von-bosch-integriert-notlicht-277111\/","name":"Bosch Bewegungsmelder integriert Notlicht | iphone-ticker.de","description":"Bosch erweitert sein Smart-Home-System um einen neuen Bewegungsmelder mit integriertem Licht, Matter-Unterst\u00fctzung und Sensoren f\u00fcr Helligkeit und Temperatur.","inLanguage":"de-DE","isPartOf":{"@id":"https:\/\/www.iphone-ticker.de\/#website"},"breadcrumb":{"@id":"https:\/\/www.iphone-ticker.de\/neuer-bewegungsmelder-von-bosch-integriert-notlicht-277111\/#breadcrumblist"},"author":{"@id":"https:\/\/www.iphone-ticker.de\/author\/chris\/#author"},"creator":{"@id":"https:\/\/www.iphone-ticker.de\/author\/chris\/#author"},"image":{"@type":"ImageObject","url":"https:\/\/images.iphone-ticker.de\/wp-content\/uploads\/2026\/04\/bosch-bewegungsmelder-ii-feature.jpg","@id":"https:\/\/www.iphone-ticker.de\/neuer-bewegungsmelder-von-bosch-integriert-notlicht-277111\/#mainImage","width":960,"height":378,"caption":"Bosch Bewegungsmelder Ii Feature"},"primaryImageOfPage":{"@id":"https:\/\/www.iphone-ticker.de\/neuer-bewegungsmelder-von-bosch-integriert-notlicht-277111\/#mainImage"},"datePublished":"2026-04-29T11:57:43+02:00","dateModified":"2026-04-29T11:58:04+02:00"},{"@type":"WebSite","@id":"https:\/\/www.iphone-ticker.de\/#website","url":"https:\/\/www.iphone-ticker.de\/","name":"iphone-ticker.de","description":"Alles zum iPhone. Seit 2007.","inLanguage":"de-DE","publisher":{"@id":"https:\/\/www.iphone-ticker.de\/#organization"}}]},"og:locale":"de_DE","og:site_name":"iphone-ticker.de | Alles zum iPhone. Seit 2007.","og:type":"article","og:title":"Bosch Bewegungsmelder integriert Notlicht | iphone-ticker.de","og:description":"Bosch erweitert sein Smart-Home-System um einen neuen Bewegungsmelder mit integriertem Licht, Matter-Unterst\u00fctzung und Sensoren f\u00fcr Helligkeit und Temperatur.","og:url":"https:\/\/www.iphone-ticker.de\/neuer-bewegungsmelder-von-bosch-integriert-notlicht-277111\/","article:published_time":"2026-04-29T09:57:43+00:00","article:modified_time":"2026-04-29T09:58:04+00:00","article:publisher":"https:\/\/facebook.com\/ifun.de","twitter:card":"summary_large_image","twitter:site":"@iphoneticker","twitter:title":"Bosch Bewegungsmelder integriert Notlicht | iphone-ticker.de","twitter:description":"Bosch erweitert sein Smart-Home-System um einen neuen Bewegungsmelder mit integriertem Licht, Matter-Unterst\u00fctzung und Sensoren f\u00fcr Helligkeit und Temperatur.","twitter:creator":"@iphoneticker"},"aioseo_meta_data":{"post_id":"277111","title":"Bosch Bewegungsmelder integriert Notlicht | #site_title","description":"Bosch erweitert sein Smart-Home-System um einen neuen Bewegungsmelder mit integriertem Licht, Matter-Unterst\u00fctzung und Sensoren f\u00fcr Helligkeit und Temperatur.","keywords":null,"keyphrases":{"focus":{"keyphrase":"","score":0,"analysis":{"keyphraseInTitle":{"score":0,"maxScore":9,"error":1}}},"additional":[]},"primary_term":null,"canonical_url":null,"og_title":null,"og_description":null,"og_object_type":"default","og_image_type":"default","og_image_url":null,"og_image_width":null,"og_image_height":null,"og_image_custom_url":null,"og_image_custom_fields":null,"og_video":"","og_custom_url":null,"og_article_section":null,"og_article_tags":null,"twitter_use_og":false,"twitter_card":"default","twitter_image_type":"default","twitter_image_url":null,"twitter_image_custom_url":null,"twitter_image_custom_fields":null,"twitter_title":null,"twitter_description":null,"schema":{"blockGraphs":[],"customGraphs":[],"default":{"data":{"Article":[],"Course":[],"Dataset":[],"FAQPage":[],"Movie":[],"Person":[],"Product":[],"ProductReview":[],"Car":[],"Recipe":[],"Service":[],"SoftwareApplication":[],"WebPage":[]},"graphName":"NewsArticle","isEnabled":true},"graphs":[]},"schema_type":"default","schema_type_options":null,"pillar_content":false,"robots_default":true,"robots_noindex":false,"robots_noarchive":false,"robots_nosnippet":false,"robots_nofollow":false,"robots_noimageindex":false,"robots_noodp":false,"robots_notranslate":false,"robots_max_snippet":"-1","robots_max_videopreview":"-1","robots_max_imagepreview":"large","priority":null,"frequency":"default","local_seo":null,"seo_analyzer_scan_date":null,"breadcrumb_settings":null,"limit_modified_date":false,"open_ai":null,"ai":{"faqs":[],"keyPoints":[],"schemas":[],"titles":[],"descriptions":[],"socialPosts":{"email":[],"linkedin":[],"twitter":[],"facebook":[],"instagram":[]}},"created":"2026-04-29 09:51:15","updated":"2026-04-30 10:42:33","focus_keyword":null,"additional_keywords":null,"truseo_locale":null},"aioseo_breadcrumb":"<div class=\"aioseo-breadcrumbs\"><span class=\"aioseo-breadcrumb\">\n\t<a href=\"https:\/\/www.iphone-ticker.de\" title=\"Home\">Home<\/a>\n<\/span><span class=\"aioseo-breadcrumb-separator\">\u00bb<\/span><span class=\"aioseo-breadcrumb\">\n\t<a href=\"https:\/\/www.iphone-ticker.de\/category\/news\/\" title=\"News\">News<\/a>\n<\/span><span class=\"aioseo-breadcrumb-separator\">\u00bb<\/span><span class=\"aioseo-breadcrumb\">\n\tNeuer Bewegungsmelder von Bosch integriert Notlicht\n<\/span><\/div>","aioseo_breadcrumb_json":[{"label":"Home","link":"https:\/\/www.iphone-ticker.de"},{"label":"News","link":"https:\/\/www.iphone-ticker.de\/category\/news\/"},{"label":"Neuer Bewegungsmelder von Bosch integriert Notlicht","link":"https:\/\/www.iphone-ticker.de\/neuer-bewegungsmelder-von-bosch-integriert-notlicht-277111\/"}],"subheadline":["\u00dcber Matter mit Apple Home kompatibel"],"featured_image":["https:\/\/images.iphone-ticker.de\/wp-content\/uploads\/2026\/04\/bosch-bewegungsmelder-ii-feature.jpg"],"rest_api_enabler":{"subheadline":"\u00dcber Matter mit Apple Home kompatibel","featured_image":"https:\/\/images.iphone-ticker.de\/wp-content\/uploads\/2026\/04\/bosch-bewegungsmelder-ii-feature.jpg"},"_links":{"self":[{"href":"https:\/\/www.iphone-ticker.de\/apiv2\/wp\/v2\/posts\/277111","targetHints":{"allow":["GET"]}}],"collection":[{"href":"https:\/\/www.iphone-ticker.de\/apiv2\/wp\/v2\/posts"}],"about":[{"href":"https:\/\/www.iphone-ticker.de\/apiv2\/wp\/v2\/types\/post"}],"author":[{"embeddable":true,"href":"https:\/\/www.iphone-ticker.de\/apiv2\/wp\/v2\/users\/2"}],"replies":[{"embeddable":true,"href":"https:\/\/www.iphone-ticker.de\/apiv2\/wp\/v2\/comments?post=277111"}],"version-history":[{"count":3,"href":"https:\/\/www.iphone-ticker.de\/apiv2\/wp\/v2\/posts\/277111\/revisions"}],"predecessor-version":[{"id":277119,"href":"https:\/\/www.iphone-ticker.de\/apiv2\/wp\/v2\/posts\/277111\/revisions\/277119"}],"wp:featuredmedia":[{"embeddable":true,"href":"https:\/\/www.iphone-ticker.de\/apiv2\/wp\/v2\/media\/277115"}],"wp:attachment":[{"href":"https:\/\/www.iphone-ticker.de\/apiv2\/wp\/v2\/media?parent=277111"}],"wp:term":[{"taxonomy":"category","embeddable":true,"href":"https:\/\/www.iphone-ticker.de\/apiv2\/wp\/v2\/categories?post=277111"},{"taxonomy":"post_tag","embeddable":true,"href":"https:\/\/www.iphone-ticker.de\/apiv2\/wp\/v2\/tags?post=277111"}],"curies":[{"name":"wp","href":"https:\/\/api.w.org\/{rel}","templated":true}]}}