{"id":276992,"date":"2026-04-27T16:57:28","date_gmt":"2026-04-27T14:57:28","guid":{"rendered":"https:\/\/www.iphone-ticker.de\/?p=276992"},"modified":"2026-04-27T16:57:28","modified_gmt":"2026-04-27T14:57:28","slug":"norwegen-plant-altersgrenze-fuer-soziale-netzwerke-ab-16-jahren","status":"publish","type":"post","link":"https:\/\/www.iphone-ticker.de\/norwegen-plant-altersgrenze-fuer-soziale-netzwerke-ab-16-jahren-276992\/","title":{"rendered":"Norwegen plant Altersgrenze f\u00fcr soziale Netzwerke ab 16 Jahren"},"content":{"rendered":"<p>Die Debatte \u00fcber Altersbeschr\u00e4nkungen f\u00fcr soziale Netzwerke nimmt in Europa weiter Fahrt auf. W\u00e4hrend in Deutschland rechtliche H\u00fcrden eine <a href=\"https:\/\/www.iphone-ticker.de\/social-media-verbot-fuer-kinder-in-deutschland-wohl-nur-schwer-umzusetzen-275424\/\">schnelle Umsetzung erschweren<\/a>, treibt Norwegen konkrete Pl\u00e4ne voran.<\/p>\n<p><a href=\"https:\/\/images.iphone-ticker.de\/wp-content\/uploads\/2026\/03\/social-media-kinder.jpg\"><img loading=\"lazy\" decoding=\"async\" class=\"aligncenter size-medium wp-image-275425\" src=\"https:\/\/images.iphone-ticker.de\/wp-content\/uploads\/2026\/03\/social-media-kinder-500x500.jpg\" alt=\"Social Media Kinder\" width=\"500\" height=\"500\" srcset=\"https:\/\/images.iphone-ticker.de\/wp-content\/uploads\/2026\/03\/social-media-kinder-500x500.jpg 500w, https:\/\/images.iphone-ticker.de\/wp-content\/uploads\/2026\/03\/social-media-kinder-700x700.jpg 700w, https:\/\/images.iphone-ticker.de\/wp-content\/uploads\/2026\/03\/social-media-kinder-150x150.jpg 150w, https:\/\/images.iphone-ticker.de\/wp-content\/uploads\/2026\/03\/social-media-kinder.jpg 784w\" sizes=\"auto, (max-width: 500px) 100vw, 500px\" \/><\/a><\/p>\n<p>Die Regierung in Oslo will noch in diesem Jahr <a href=\"https:\/\/www.regjeringen.no\/no\/aktuelt\/loven-kommer-etter-planen-i-ar-slik-blir-aldersgrensen-for-sosiale-medier\/id3157276\/\">einen Gesetzentwurf ins Parlament einbringen<\/a>, der eine verbindliche Altersgrenze vorsieht.<\/p>\n<p>Nach den aktuellen \u00dcberlegungen sollen soziale Netzwerke k\u00fcnftig erst ab dem Jahr genutzt werden d\u00fcrfen, in dem Jugendliche 16 Jahre alt werden. Entscheidend ist dabei nicht das genaue Geburtsdatum, sondern der Jahrgang. Damit w\u00fcrden ganze Schulklassen gleichzeitig Zugang erhalten. Ziel ist es, gleiche Voraussetzungen innerhalb einer Altersgruppe zu schaffen und soziale Unterschiede zu vermeiden.<\/p>\n<h2>Plattformen sollen Alterspr\u00fcfung \u00fcbernehmen<\/h2>\n<p>Ein zentraler Bestandteil des Vorhabens ist die technische Umsetzung. Anders als bei bisherigen Ans\u00e4tzen sollen nicht die Nutzer selbst f\u00fcr die Einhaltung verantwortlich sein. Stattdessen werden die Anbieter der Plattformen verpflichtet, das Alter beim Login zu \u00fcberpr\u00fcfen. Die Unternehmen m\u00fcssen entsprechende Verfahren entwickeln und sicherstellen, dass Minderj\u00e4hrige keinen Zugang erhalten.<\/p>\n<p>Diese Ausrichtung entspricht auch den Vorgaben des europ\u00e4ischen Digital Services Act, der Plattformbetreiber st\u00e4rker in die Pflicht nimmt. Der DSA sieht unter anderem vor, dass gro\u00dfe Dienste Risiken f\u00fcr Minderj\u00e4hrige reduzieren und geeignete Schutzma\u00dfnahmen umsetzen. Norwegen will seine nationale Regelung daran anlehnen und die Durchsetzung technisch bei den Anbietern verankern.<\/p>\n<h2>Europ\u00e4ische Entwicklung nimmt Fahrt auf<\/h2>\n<p>Der Vorsto\u00df aus Norwegen steht nicht isoliert. Auch andere L\u00e4nder <a href=\"https:\/\/www.iphone-ticker.de\/frankreich-drueckt-aufs-gas-social-media-verbot-fuer-alle-unter-15-jahren-271778\/\">arbeiten an vergleichbaren Regelungen<\/a>. Frankreich, Spanien und D\u00e4nemark pr\u00fcfen Altersgrenzen oder haben entsprechende Ma\u00dfnahmen angek\u00fcndigt. Die norwegische Regierung sieht sich damit Teil einer breiteren europ\u00e4ischen Entwicklung hin zu strengeren Vorgaben f\u00fcr digitale Dienste.<\/p>\n<p><a href=\"https:\/\/images.iphone-ticker.de\/wp-content\/uploads\/2026\/02\/social-media.jpg\"><img loading=\"lazy\" decoding=\"async\" class=\"aligncenter size-large wp-image-273069\" src=\"https:\/\/images.iphone-ticker.de\/wp-content\/uploads\/2026\/02\/social-media-700x369.jpg\" alt=\"Social Media\" width=\"700\" height=\"369\" srcset=\"https:\/\/images.iphone-ticker.de\/wp-content\/uploads\/2026\/02\/social-media-700x369.jpg 700w, https:\/\/images.iphone-ticker.de\/wp-content\/uploads\/2026\/02\/social-media-500x264.jpg 500w, https:\/\/images.iphone-ticker.de\/wp-content\/uploads\/2026\/02\/social-media-1536x810.jpg 1536w, https:\/\/images.iphone-ticker.de\/wp-content\/uploads\/2026\/02\/social-media-2048x1080.jpg 2048w\" sizes=\"auto, (max-width: 700px) 100vw, 700px\" \/><\/a><\/p>\n<p>In Deutschland hatte zuletzt ein <a href=\"https:\/\/www.iphone-ticker.de\/social-media-verbot-fuer-kinder-in-deutschland-wohl-nur-schwer-umzusetzen-275424\/\">Gutachten des Bundestages gezeigt<\/a>, dass nationale Alleing\u00e4nge schwierig umzusetzen sind. Europ\u00e4ische Regeln wie der DSA sowie das Herkunftslandprinzip begrenzen den Handlungsspielraum erheblich.<\/p>\n<p>Norwegen plant ein gestuftes Vorgehen. Zun\u00e4chst soll der Gesetzentwurf in ein Konsultationsverfahren gehen, bevor er dem Parlament vorgelegt wird. Die praktische Umsetzung ist an die Einbindung europ\u00e4ischer Vorgaben gekn\u00fcpft. Sobald diese greifen, sollen die Plattformbetreiber die Alterspr\u00fcfung verbindlich umsetzen.<\/p>\n<p><strong>Zum Thema: <\/strong><\/p>\n<ul>\n<li><a title=\"Auch Spanien und Griechenland erw\u00e4gen Social-Media-Verbote\" href=\"https:\/\/www.iphone-ticker.de\/auch-spanien-und-griechenland-erwaegen-social-media-verbote-272425\/\">Spanien und Griechenland erw\u00e4gen Social-Media-Verbote<\/a><\/li>\n<li><a title=\"Auch Finnland pr\u00fcft Social-Media-Verbot f\u00fcr unter 15-J\u00e4hrige\" href=\"https:\/\/www.iphone-ticker.de\/auch-finnland-prueft-social-media-verbot-fuer-unter-15-jaehrige-272234\/\">Finnland pr\u00fcft Social-Media-Verbot f\u00fcr unter 15-J\u00e4hrige<\/a><\/li>\n<li><a title=\"Frankreich dr\u00fcckt aufs Gas: Social Media Verbot f\u00fcr alle unter 15 Jahren\" href=\"https:\/\/www.iphone-ticker.de\/frankreich-drueckt-aufs-gas-social-media-verbot-fuer-alle-unter-15-jahren-271778\/\">Frankreich dr\u00fcckt aufs Gas: Social Media Verbot f\u00fcr alle unter 15 Jahren<\/a><\/li>\n<li><a title=\"Social-Media-Verbote f\u00fcr Kinder: Auch Gro\u00dfbritannien pr\u00fcft Eingriff\" href=\"https:\/\/www.iphone-ticker.de\/social-media-verbote-fuer-kinder-auch-grossbritannien-prueft-eingriff-271195\/\">Social-Media-Verbote f\u00fcr Kinder: Gro\u00dfbritannien pr\u00fcft Eingriff<\/a><\/li>\n<\/ul>\n<p><img loading=\"lazy\" decoding=\"async\" src=\"https:\/\/vg05.met.vgwort.de\/na\/cfeed0d378e24ac0a7f370b1dc389160\" width=\"1\" height=\"1\"  no-lazy class=\"tracking\"><\/p>\n","protected":false},"excerpt":{"rendered":"<a href=\"https:\/\/www.iphone-ticker.de\/norwegen-plant-altersgrenze-fuer-soziale-netzwerke-ab-16-jahren-276992\/\"><img width=\"150\" height=\"150\" src=\"https:\/\/images.iphone-ticker.de\/wp-content\/uploads\/2026\/04\/norwegen-feature-150x150.jpg\" class=\"alignright tfe wp-post-image\" alt=\"Norwegen Feature\" decoding=\"async\" loading=\"lazy\" \/><\/a><p>Die Debatte \u00fcber Altersbeschr\u00e4nkungen f\u00fcr soziale Netzwerke nimmt in Europa weiter Fahrt auf. W\u00e4hrend in Deutschland rechtliche H\u00fcrden eine schnelle Umsetzung erschweren, treibt Norwegen konkrete Pl\u00e4ne voran. Die Regierung in Oslo will noch in diesem Jahr einen Gesetzentwurf ins Parlament einbringen, der eine verbindliche Altersgrenze vorsieht. Nach den aktuellen \u00dcberlegungen sollen soziale Netzwerke k\u00fcnftig erst [&hellip;]<\/p>\n","protected":false},"author":1,"featured_media":276993,"comment_status":"open","ping_status":"closed","sticky":false,"template":"","format":"standard","meta":{"footnotes":""},"categories":[39],"tags":[3914,32,3971,147,1558],"class_list":["post-276992","post","type-post","status-publish","format-standard","has-post-thumbnail","hentry","category-apps","tag-apps","tag-kritik","tag-norwegen","tag-recht","tag-social-media"],"aioseo_notices":[],"subheadline":["Nicht Geburtstag, sondern Jahrgang entscheidet"],"featured_image":["https:\/\/images.iphone-ticker.de\/wp-content\/uploads\/2026\/04\/norwegen-feature.jpg"],"rest_api_enabler":{"subheadline":"Nicht Geburtstag, sondern Jahrgang entscheidet","featured_image":"https:\/\/images.iphone-ticker.de\/wp-content\/uploads\/2026\/04\/norwegen-feature.jpg"},"_links":{"self":[{"href":"https:\/\/www.iphone-ticker.de\/apiv2\/wp\/v2\/posts\/276992","targetHints":{"allow":["GET"]}}],"collection":[{"href":"https:\/\/www.iphone-ticker.de\/apiv2\/wp\/v2\/posts"}],"about":[{"href":"https:\/\/www.iphone-ticker.de\/apiv2\/wp\/v2\/types\/post"}],"author":[{"embeddable":true,"href":"https:\/\/www.iphone-ticker.de\/apiv2\/wp\/v2\/users\/1"}],"replies":[{"embeddable":true,"href":"https:\/\/www.iphone-ticker.de\/apiv2\/wp\/v2\/comments?post=276992"}],"version-history":[{"count":1,"href":"https:\/\/www.iphone-ticker.de\/apiv2\/wp\/v2\/posts\/276992\/revisions"}],"predecessor-version":[{"id":276995,"href":"https:\/\/www.iphone-ticker.de\/apiv2\/wp\/v2\/posts\/276992\/revisions\/276995"}],"wp:featuredmedia":[{"embeddable":true,"href":"https:\/\/www.iphone-ticker.de\/apiv2\/wp\/v2\/media\/276993"}],"wp:attachment":[{"href":"https:\/\/www.iphone-ticker.de\/apiv2\/wp\/v2\/media?parent=276992"}],"wp:term":[{"taxonomy":"category","embeddable":true,"href":"https:\/\/www.iphone-ticker.de\/apiv2\/wp\/v2\/categories?post=276992"},{"taxonomy":"post_tag","embeddable":true,"href":"https:\/\/www.iphone-ticker.de\/apiv2\/wp\/v2\/tags?post=276992"}],"curies":[{"name":"wp","href":"https:\/\/api.w.org\/{rel}","templated":true}]}}