{"id":276971,"date":"2026-04-27T14:36:24","date_gmt":"2026-04-27T12:36:24","guid":{"rendered":"https:\/\/www.iphone-ticker.de\/?p=276971"},"modified":"2026-04-27T14:46:18","modified_gmt":"2026-04-27T12:46:18","slug":"faltmodell-und-produktoffensive-apple-richtet-iphone-zukunft-neu-aus","status":"publish","type":"post","link":"https:\/\/www.iphone-ticker.de\/faltmodell-und-produktoffensive-apple-richtet-iphone-zukunft-neu-aus-276971\/","title":{"rendered":"Faltmodell und Produktoffensive: Apple richtet iPhone-Zukunft neu aus"},"content":{"rendered":"<p>Mit dem geplanten F\u00fchrungswechsel <a href=\"https:\/\/www.ifun.de\/ternus-als-neue-apple-chef-klarere-entscheidungen-und-mehr-risiko-278339\/\">von Tim Cook zu John Ternus<\/a> im September verkn\u00fcpft Apple den Einstieg in eine neue Ger\u00e4tekategorie. Wie bereits berichtet, soll im Herbst ein iPhone mit faltbarem Display vorgestellt werden. Der Zeitpunkt ist bewusst gew\u00e4hlt, da der neue Unternehmenschef das Ger\u00e4t selbst pr\u00e4sentieren und damit den Start seiner Amtszeit pr\u00e4gen soll.<\/p>\n<p><a href=\"https:\/\/images.iphone-ticker.de\/wp-content\/uploads\/2025\/12\/iphone-foldabable-mockup-1.jpg\"><img loading=\"lazy\" decoding=\"async\" class=\"aligncenter size-medium wp-image-270048\" src=\"https:\/\/images.iphone-ticker.de\/wp-content\/uploads\/2025\/12\/iphone-foldabable-mockup-1-500x260.jpg\" alt=\"Iphone Foldabable Mockup 1\" width=\"500\" height=\"260\" srcset=\"https:\/\/images.iphone-ticker.de\/wp-content\/uploads\/2025\/12\/iphone-foldabable-mockup-1-500x260.jpg 500w, https:\/\/images.iphone-ticker.de\/wp-content\/uploads\/2025\/12\/iphone-foldabable-mockup-1-700x363.jpg 700w, https:\/\/images.iphone-ticker.de\/wp-content\/uploads\/2025\/12\/iphone-foldabable-mockup-1.jpg 1000w\" sizes=\"auto, (max-width: 500px) 100vw, 500px\" \/><\/a><\/p>\n<h2>Faltbares iPhone Ultra im September<\/h2>\n<p>Das faltbare iPhone gilt intern als <a href=\"https:\/\/www.iphone-ticker.de\/iphone-ultra-im-groessenvergleich-displayformat-eines-kleinen-tablets-276829\/\">aufwendig entwickelte Hardware<\/a>. Im Mittelpunkt stehen eine stabile Bauweise, hohe Rechenleistung und ein Display, dessen Knick m\u00f6glichst unauff\u00e4llig bleibt. Im aufgeklappten Zustand orientiert sich das Format an kompakten Tablets, was zus\u00e4tzliche Einsatzm\u00f6glichkeiten er\u00f6ffnet. Gleichzeitig d\u00fcrfte das Ger\u00e4t deutlich teurer sein als bisherige iPhone-Modelle, auch weil die Produktion technisch anspruchsvoller ist.<\/p>\n<p>Ternus verantwortete bislang die Hardware-Entwicklung bei Apple und war eng in die Entstehung des Ger\u00e4ts eingebunden. Damit \u00fcbernimmt erstmals ein Ingenieur die Rolle des Unternehmenschefs, der ein zentrales Produkt aus eigener Entwicklungserfahrung heraus vorstellt. Das soll sich auch in der weiteren Ausrichtung des iPhones widerspiegeln.<\/p>\n<p><video autoplay loop playsinline muted poster=\"\" preload=\"auto\" controls=\"controls\" width=\"100%\" ><source src=\"https:\/\/images.iphone-ticker.de\/wp-content\/uploads\/2026\/04\/iphone-ultra-video.mp4\" \/><\/video><\/p>\n<h2>Breitere Produktstrategie als unter Cook<\/h2>\n<p>Der F\u00fchrungswechsel f\u00e4llt zudem in eine Phase, in der Apple sein Sortiment offenbar deutlich erweitern will. Neben dem faltbaren iPhone arbeitet das Unternehmen an einer Reihe neuer Ger\u00e4tekategorien, die in den kommenden Jahren eingef\u00fchrt werden sollen. Intern ist <a href=\"https:\/\/www.bloomberg.com\/news\/newsletters\/2026-04-26\/new-apple-ceo-john-ternus-first-major-product-is-the-foldable-iphone-road-map-mofu521p\">von rund zehn neuen Produktbereichen<\/a> die Rede.<\/p>\n<p>Zum Vergleich lohnt ein Blick auf die Amtszeit von Cook. In den vergangenen Jahren kamen mit der Apple Watch, den AirPods und zuletzt der Vision Pro drei gr\u00f6\u00dfere neue Kategorien hinzu. Unter Ternus k\u00f6nnte sich diese Zahl deutlich erh\u00f6hen. Neben neuen Hardwarekonzepten spielen dabei auch vernetzte Ger\u00e4te f\u00fcr den Haushalt sowie kleinere Wearables eine Rolle.<\/p>\n<p><a href=\"https:\/\/images.iphone-ticker.de\/wp-content\/uploads\/2026\/04\/iphone-ultra-dummy-scaled.jpg\"><img loading=\"lazy\" decoding=\"async\" class=\"aligncenter size-large wp-image-276830\" src=\"https:\/\/images.iphone-ticker.de\/wp-content\/uploads\/2026\/04\/iphone-ultra-dummy-700x525.jpg\" alt=\"Iphone Ultra Dummy\" width=\"700\" height=\"525\" srcset=\"https:\/\/images.iphone-ticker.de\/wp-content\/uploads\/2026\/04\/iphone-ultra-dummy-700x525.jpg 700w, https:\/\/images.iphone-ticker.de\/wp-content\/uploads\/2026\/04\/iphone-ultra-dummy-500x375.jpg 500w, https:\/\/images.iphone-ticker.de\/wp-content\/uploads\/2026\/04\/iphone-ultra-dummy-1536x1152.jpg 1536w, https:\/\/images.iphone-ticker.de\/wp-content\/uploads\/2026\/04\/iphone-ultra-dummy-2048x1536.jpg 2048w\" sizes=\"auto, (max-width: 700px) 100vw, 700px\" \/><\/a><\/p>\n<p>F\u00fcr den neuen CEO entsteht damit ein enger Zusammenhang zwischen Produktstart und wirtschaftlicher Entwicklung. Direkt nach seinem Amtsantritt folgt das Weihnachtsquartal, das traditionell den wichtigsten Umsatzzeitraum darstellt. Das faltbare iPhone d\u00fcrfte dabei eine zentrale Rolle spielen und zugleich als Ausgangspunkt f\u00fcr eine breiter angelegte Produktstrategie dienen.<\/p>\n<p><img loading=\"lazy\" decoding=\"async\" src=\"https:\/\/vg05.met.vgwort.de\/na\/63d509026e874730962f17099ef6fd55\" width=\"1\" height=\"1\"  no-lazy class=\"tracking\"><\/p>\n","protected":false},"excerpt":{"rendered":"<a href=\"https:\/\/www.iphone-ticker.de\/faltmodell-und-produktoffensive-apple-richtet-iphone-zukunft-neu-aus-276971\/\"><img width=\"150\" height=\"150\" src=\"https:\/\/images.iphone-ticker.de\/wp-content\/uploads\/2026\/04\/iPhone-ultra-feature-150x150.png\" class=\"alignright tfe wp-post-image\" alt=\"IPhone Ultra Feature\" decoding=\"async\" loading=\"lazy\" \/><\/a><p>Mit dem geplanten F\u00fchrungswechsel von Tim Cook zu John Ternus im September verkn\u00fcpft Apple den Einstieg in eine neue Ger\u00e4tekategorie. Wie bereits berichtet, soll im Herbst ein iPhone mit faltbarem Display vorgestellt werden. Der Zeitpunkt ist bewusst gew\u00e4hlt, da der neue Unternehmenschef das Ger\u00e4t selbst pr\u00e4sentieren und damit den Start seiner Amtszeit pr\u00e4gen soll. Faltbares [&hellip;]<\/p>\n","protected":false},"author":1,"featured_media":276973,"comment_status":"open","ping_status":"closed","sticky":false,"template":"","format":"standard","meta":{"footnotes":""},"categories":[749],"tags":[2064,7332,6340,3910],"class_list":["post-276971","post","type-post","status-publish","format-standard","has-post-thumbnail","hentry","category-iphone-2","tag-geruechte","tag-iphone-fold","tag-iphone-ultra","tag-rumors"],"aioseo_notices":[],"subheadline":["Faltbares iPhone macht den technischen Auftakt"],"featured_image":["https:\/\/images.iphone-ticker.de\/wp-content\/uploads\/2026\/04\/iphone-ultra-offset-feature.jpg"],"rest_api_enabler":{"subheadline":"Faltbares iPhone macht den technischen Auftakt","featured_image":"https:\/\/images.iphone-ticker.de\/wp-content\/uploads\/2026\/04\/iphone-ultra-offset-feature.jpg"},"_links":{"self":[{"href":"https:\/\/www.iphone-ticker.de\/apiv2\/wp\/v2\/posts\/276971","targetHints":{"allow":["GET"]}}],"collection":[{"href":"https:\/\/www.iphone-ticker.de\/apiv2\/wp\/v2\/posts"}],"about":[{"href":"https:\/\/www.iphone-ticker.de\/apiv2\/wp\/v2\/types\/post"}],"author":[{"embeddable":true,"href":"https:\/\/www.iphone-ticker.de\/apiv2\/wp\/v2\/users\/1"}],"replies":[{"embeddable":true,"href":"https:\/\/www.iphone-ticker.de\/apiv2\/wp\/v2\/comments?post=276971"}],"version-history":[{"count":2,"href":"https:\/\/www.iphone-ticker.de\/apiv2\/wp\/v2\/posts\/276971\/revisions"}],"predecessor-version":[{"id":276979,"href":"https:\/\/www.iphone-ticker.de\/apiv2\/wp\/v2\/posts\/276971\/revisions\/276979"}],"wp:featuredmedia":[{"embeddable":true,"href":"https:\/\/www.iphone-ticker.de\/apiv2\/wp\/v2\/media\/276973"}],"wp:attachment":[{"href":"https:\/\/www.iphone-ticker.de\/apiv2\/wp\/v2\/media?parent=276971"}],"wp:term":[{"taxonomy":"category","embeddable":true,"href":"https:\/\/www.iphone-ticker.de\/apiv2\/wp\/v2\/categories?post=276971"},{"taxonomy":"post_tag","embeddable":true,"href":"https:\/\/www.iphone-ticker.de\/apiv2\/wp\/v2\/tags?post=276971"}],"curies":[{"name":"wp","href":"https:\/\/api.w.org\/{rel}","templated":true}]}}