{"id":274588,"date":"2026-03-16T09:51:35","date_gmt":"2026-03-16T08:51:35","guid":{"rendered":"https:\/\/www.iphone-ticker.de\/?p=274588"},"modified":"2026-03-16T09:51:35","modified_gmt":"2026-03-16T08:51:35","slug":"wwdc-2026-neues-liquid-glass-feature-und-details-zur-google-kooperation","status":"publish","type":"post","link":"https:\/\/www.iphone-ticker.de\/wwdc-2026-neues-liquid-glass-feature-und-details-zur-google-kooperation-274588\/","title":{"rendered":"WWDC 2026: Neues Liquid-Glass-Feature und Details zur Google-Kooperation?"},"content":{"rendered":"<p>Apples Entwicklerkonferenz WWDC d\u00fcrfte in diesem Jahr vom 8. bis 12. Juni stattfinden. Eine offizielle Best\u00e4tigung dieses Termins erwarten wir in zwei Wochen. Interessanter als der genaue Termin der Veranstaltung ist jedoch die Frage, wie konkurrenzf\u00e4hig Apple dann im KI-Bereich ist.<\/p>\n<p>Im Rahmen der traditionellen Er\u00f6ffnungsveranstaltung zur WWDC musste Apple im vergangenen Jahr heikle Klippen umschiffen. Das Unternehmen konnte die vor zwei Jahren gemachten Versprechen nicht halten, wichtige der damals angek\u00fcndigten Siri-Funktionen sind bis heute nicht verf\u00fcgbar.<\/p>\n<p><a href=\"https:\/\/images.iphone-ticker.de\/wp-content\/uploads\/2025\/06\/liquid-glass-design.jpg\"><img loading=\"lazy\" decoding=\"async\" src=\"https:\/\/images.iphone-ticker.de\/wp-content\/uploads\/2025\/06\/liquid-glass-design-700x391.jpg\" alt=\"Liquid Glass Design\" width=\"700\" height=\"391\" class=\"alignnone size-large wp-image-257925\" srcset=\"https:\/\/images.iphone-ticker.de\/wp-content\/uploads\/2025\/06\/liquid-glass-design-700x391.jpg 700w, https:\/\/images.iphone-ticker.de\/wp-content\/uploads\/2025\/06\/liquid-glass-design-500x279.jpg 500w, https:\/\/images.iphone-ticker.de\/wp-content\/uploads\/2025\/06\/liquid-glass-design-1536x857.jpg 1536w, https:\/\/images.iphone-ticker.de\/wp-content\/uploads\/2025\/06\/liquid-glass-design.jpg 1943w\" sizes=\"auto, (max-width: 700px) 100vw, 700px\" \/><\/a><\/p>\n<p>Im vergangenen Jahr sorgte die Zusammenf\u00fchrung der verschiedenen Betriebssysteme unter einer einheitlichen Versionsnummer und die grundlegende \u00dcberarbeitung des Erscheinungsbilds der Software f\u00fcr Ablenkung. In diesem Jahr darf man allerdings davon ausgehen, dass Entwickler und Kunden etwas Handfesteres sehen wollen.<\/p>\n<h2>Weitere Anpassungen f\u00fcr Liquid Glass<\/h2>\n<p>Eine interessante Erg\u00e4nzung k\u00f6nnte Apples \u201eLiquid Glass\u201c-Benutzeroberfl\u00e4che mit iOS 27 allerdings erhalten. Wie das Magazin <a href=\"https:\/\/www.bloomberg.com\/news\/newsletters\/2026-03-15\/apple-s-liquid-glass-ui-isn-t-going-anywhere-siri-home-hub-foldable-iphone-mmrpcylx\">Bloomberg<\/a> berichtet, wollte Apple bereits im vergangenen Jahr eine systemweite Einstellung anbieten, mit der sich die St\u00e4rke des Glaseffekts pr\u00e4zise regulieren l\u00e4sst. Dies konnte zwar f\u00fcr die Anzeige auf dem Sperrbildschirm umgesetzt werden, bei der Ausweitung auf das gesamte System sei Apple jedoch auf technische Schwierigkeiten gesto\u00dfen. Mit iOS 27 k\u00f6nnte diese Option insbesondere jene Nutzer erfreuen, die sich durch die Transparenzen und \u00dcberlagerungen von Liquid Glass gest\u00f6rt f\u00fchlen.<\/p>\n<p><a href=\"https:\/\/images.iphone-ticker.de\/wp-content\/uploads\/2026\/03\/liquid-glass-effekt-regler.jpg\"><img loading=\"lazy\" decoding=\"async\" src=\"https:\/\/images.iphone-ticker.de\/wp-content\/uploads\/2026\/03\/liquid-glass-effekt-regler-700x378.jpg\" alt=\"Liquid Glass Effekt Regler\" width=\"700\" height=\"378\" class=\"alignnone size-large wp-image-274590\" srcset=\"https:\/\/images.iphone-ticker.de\/wp-content\/uploads\/2026\/03\/liquid-glass-effekt-regler-700x378.jpg 700w, https:\/\/images.iphone-ticker.de\/wp-content\/uploads\/2026\/03\/liquid-glass-effekt-regler-500x270.jpg 500w, https:\/\/images.iphone-ticker.de\/wp-content\/uploads\/2026\/03\/liquid-glass-effekt-regler.jpg 1000w\" sizes=\"auto, (max-width: 700px) 100vw, 700px\" \/><\/a><\/p>\n<h2>Zusammenarbeit mit Google<\/h2>\n<p>Spannend werden sicherlich auch die Details rund um die kommende erweiterte <a href=\"https:\/\/www.iphone-ticker.de\/jetzt-offiziell-apple-intelligence-setzt-kuenftig-auf-googles-ki-basis-271089\/\">Zusammenarbeit mit Google<\/a>. Die Tatsache, dass Apple f\u00fcr die Umsetzung der geplanten Siri-Funktionen auf Unterst\u00fctzung durch Google setzt, k\u00f6nnte man als Eingest\u00e4ndnis des Scheiterns in diesem Bereich betrachten. Soweit bekannt, soll das Google-Engagement vor allem dazu beitragen, dass Apple im KI-Bereich den Anschluss h\u00e4lt. Zuletzt war auch die Rede davon, dass Google Apple <a href=\"https:\/\/www.ifun.de\/cloud-engpass-bei-apple-google-soll-bei-siri-unterstuetzen-275433\/\" title=\"Cloud-Engpass bei Apple: Google soll bei Siri unterst\u00fctzen\">mit Rechenleistung in der Cloud unterst\u00fctzt<\/a>. Die Kooperation sei jedoch nur f\u00fcr begrenzte Zeit geplant.<img loading=\"lazy\" decoding=\"async\" src=\"https:\/\/vg01.met.vgwort.de\/na\/fbbaea7e7deb446baa1f4a6f645f5a62\" width=\"1\" height=\"1\" no-lazy class=\"tracking\"><\/p>\n","protected":false},"excerpt":{"rendered":"<a href=\"https:\/\/www.iphone-ticker.de\/wwdc-2026-neues-liquid-glass-feature-und-details-zur-google-kooperation-274588\/\"><img width=\"150\" height=\"150\" src=\"https:\/\/images.iphone-ticker.de\/wp-content\/uploads\/2026\/03\/cook-apple-park-feature-150x150.jpg\" class=\"alignright tfe wp-post-image\" alt=\"Cook Apple Park Feature\" decoding=\"async\" loading=\"lazy\" \/><\/a><p>Apples Entwicklerkonferenz WWDC d\u00fcrfte in diesem Jahr vom 8. bis 12. Juni stattfinden. Eine offizielle Best\u00e4tigung dieses Termins erwarten wir in zwei Wochen. Interessanter als der genaue Termin der Veranstaltung ist jedoch die Frage, wie konkurrenzf\u00e4hig Apple dann im KI-Bereich ist. Im Rahmen der traditionellen Er\u00f6ffnungsveranstaltung zur WWDC musste Apple im vergangenen Jahr heikle Klippen [&hellip;]<\/p>\n","protected":false},"author":2,"featured_media":274592,"comment_status":"open","ping_status":"closed","sticky":false,"template":"","format":"standard","meta":{"footnotes":""},"categories":[639],"tags":[3912,91,7139,105],"class_list":["post-274588","post","type-post","status-publish","format-standard","has-post-thumbnail","hentry","category-ios","tag-apple","tag-google","tag-liquid-glass","tag-wwdc"],"aioseo_notices":[],"subheadline":["Noch knapp drei Monate"],"featured_image":["https:\/\/images.iphone-ticker.de\/wp-content\/uploads\/2026\/03\/cook-apple-park-feature.jpg"],"rest_api_enabler":{"subheadline":"Noch knapp drei Monate","featured_image":"https:\/\/images.iphone-ticker.de\/wp-content\/uploads\/2026\/03\/cook-apple-park-feature.jpg"},"_links":{"self":[{"href":"https:\/\/www.iphone-ticker.de\/apiv2\/wp\/v2\/posts\/274588","targetHints":{"allow":["GET"]}}],"collection":[{"href":"https:\/\/www.iphone-ticker.de\/apiv2\/wp\/v2\/posts"}],"about":[{"href":"https:\/\/www.iphone-ticker.de\/apiv2\/wp\/v2\/types\/post"}],"author":[{"embeddable":true,"href":"https:\/\/www.iphone-ticker.de\/apiv2\/wp\/v2\/users\/2"}],"replies":[{"embeddable":true,"href":"https:\/\/www.iphone-ticker.de\/apiv2\/wp\/v2\/comments?post=274588"}],"version-history":[{"count":3,"href":"https:\/\/www.iphone-ticker.de\/apiv2\/wp\/v2\/posts\/274588\/revisions"}],"predecessor-version":[{"id":274594,"href":"https:\/\/www.iphone-ticker.de\/apiv2\/wp\/v2\/posts\/274588\/revisions\/274594"}],"wp:featuredmedia":[{"embeddable":true,"href":"https:\/\/www.iphone-ticker.de\/apiv2\/wp\/v2\/media\/274592"}],"wp:attachment":[{"href":"https:\/\/www.iphone-ticker.de\/apiv2\/wp\/v2\/media?parent=274588"}],"wp:term":[{"taxonomy":"category","embeddable":true,"href":"https:\/\/www.iphone-ticker.de\/apiv2\/wp\/v2\/categories?post=274588"},{"taxonomy":"post_tag","embeddable":true,"href":"https:\/\/www.iphone-ticker.de\/apiv2\/wp\/v2\/tags?post=274588"}],"curies":[{"name":"wp","href":"https:\/\/api.w.org\/{rel}","templated":true}]}}