{"id":274568,"date":"2026-03-16T06:56:06","date_gmt":"2026-03-16T05:56:06","guid":{"rendered":"https:\/\/www.iphone-ticker.de\/?p=274568"},"modified":"2026-03-16T07:35:13","modified_gmt":"2026-03-16T06:35:13","slug":"apple-startet-veranstaltungen-zum-50-firmenjubilaeum","status":"publish","type":"post","link":"https:\/\/www.iphone-ticker.de\/apple-startet-veranstaltungen-zum-50-firmenjubilaeum-274568\/","title":{"rendered":"Apple startet Veranstaltungen zum 50. Firmenjubil\u00e4um"},"content":{"rendered":"<p>Apple hat in der vergangenen Woche <a href=\"https:\/\/www.ifun.de\/apple-kuendigt-jubilaeumsaktionen-zum-50-geburtstag-an-276128\/\">angek\u00fcndigt<\/a>, sein anstehendes 50. Firmenjubil\u00e4um \u00fcber die kommenden Wochen hinweg mit verschiedenen Veranstaltungen angemessen zu begehen. Den Auftakt bildete ein Auftritt der Musikerin Alicia Keys im New Yorker Bahnhof Grand Central Station.<\/p>\n<p>Die 17-fache Grammy-Gewinnerin hat im Bereich des in der Grand Central Station gelegenen Apple Stores an einem pinkfarbenen Fl\u00fcgel eine Auswahl ihrer Songs aufgef\u00fchrt. Keys hat Apple schon in der Vergangenheit bei verschiedenen Werbeaktionen unterst\u00fctzt. Die Musikerin ist unter anderem exklusiv f\u00fcr Apple Music aufgetreten und hat mit \u201eAlicia Keys: Rehearsal Room\u201c eine speziell f\u00fcr die Apple Vision Pro konzipierte Videoproduktion ver\u00f6ffentlicht.<\/p>\n<p><a href=\"https:\/\/images.iphone-ticker.de\/wp-content\/uploads\/2026\/03\/Apple-50-year-anniversary-New-York-Grand-Central.jpg\"><img loading=\"lazy\" decoding=\"async\" src=\"https:\/\/images.iphone-ticker.de\/wp-content\/uploads\/2026\/03\/Apple-50-year-anniversary-New-York-Grand-Central-700x454.jpg\" alt=\"Apple 50 Year Anniversary New York Grand Central\" width=\"700\" height=\"454\" class=\"alignnone size-large wp-image-274571\" srcset=\"https:\/\/images.iphone-ticker.de\/wp-content\/uploads\/2026\/03\/Apple-50-year-anniversary-New-York-Grand-Central-700x454.jpg 700w, https:\/\/images.iphone-ticker.de\/wp-content\/uploads\/2026\/03\/Apple-50-year-anniversary-New-York-Grand-Central-500x324.jpg 500w, https:\/\/images.iphone-ticker.de\/wp-content\/uploads\/2026\/03\/Apple-50-year-anniversary-New-York-Grand-Central.jpg 1400w\" sizes=\"auto, (max-width: 700px) 100vw, 700px\" \/><\/a><\/p>\n<p>Bei der Grand Central Station handelt es sich um den 1913 eingeweihten und architektonisch markanten Bahnhof von Manhattan. Auf einer offenen und leicht erh\u00f6hten Fl\u00e4che \u00fcber der Bahnhofshalle betreibt Apple dort seit rund 15 Jahren seinen <a href=\"https:\/\/www.apple.com\/retail\/grandcentral\/\">Grand Central Store<\/a>.<\/p>\n<h2>Weitere Veranstaltungen geplant<\/h2>\n<p>Mit dem Auftritt er\u00f6ffnete Apple-Chef Tim Cook zugleich offiziell die Feierlichkeiten zum 50. Geburtstag von Apple. Im Rahmen des Firmenjubil\u00e4ums sollen in den kommenden Wochen weitere \u00dcberraschungsveranstaltungen folgen. Das Unternehmen hat angek\u00fcndigt, das Ereignis mit einer Reihe von Veranstaltungen rund um den Globus zu begehen. Dabei soll laut Apple vor allem auch gezeigt werden, wie kreativ Menschen arbeiten und welche Ergebnisse entstehen k\u00f6nnen, wenn sie daf\u00fcr die von Apple angebotenen Ger\u00e4te nutzen.<\/p>\n<p><a href=\"https:\/\/images.iphone-ticker.de\/wp-content\/uploads\/2026\/03\/Apple-50-year-anniversary-New-York-Tim-Cook-with-Alicia-Keys.jpg\"><img loading=\"lazy\" decoding=\"async\" src=\"https:\/\/images.iphone-ticker.de\/wp-content\/uploads\/2026\/03\/Apple-50-year-anniversary-New-York-Tim-Cook-with-Alicia-Keys-700x421.jpg\" alt=\"Apple 50 Year Anniversary New York Tim Cook With Alicia Keys\" width=\"700\" height=\"421\" class=\"alignnone size-large wp-image-274570\" srcset=\"https:\/\/images.iphone-ticker.de\/wp-content\/uploads\/2026\/03\/Apple-50-year-anniversary-New-York-Tim-Cook-with-Alicia-Keys-700x421.jpg 700w, https:\/\/images.iphone-ticker.de\/wp-content\/uploads\/2026\/03\/Apple-50-year-anniversary-New-York-Tim-Cook-with-Alicia-Keys-500x300.jpg 500w, https:\/\/images.iphone-ticker.de\/wp-content\/uploads\/2026\/03\/Apple-50-year-anniversary-New-York-Tim-Cook-with-Alicia-Keys.jpg 1400w\" sizes=\"auto, (max-width: 700px) 100vw, 700px\" \/><\/a><\/p>\n<p>Der Unternehmenschef hat in der vergangenen Woche in einem <a href=\"https:\/\/www.ifun.de\/apple-kuendigt-jubilaeumsaktionen-zum-50-geburtstag-an-276128\/\">offenen Brief<\/a>, der sich stark an der Ideologie des Firmengr\u00fcnders Steve Jobs orientiert, hervorgehoben, dass das Unternehmen \u00fcber die vergangenen 50 Jahre hinweg eine ganze Reihe von Produkten auf den Markt gebracht hat, die wegweisenden Charakter haben.<img loading=\"lazy\" decoding=\"async\" src=\"https:\/\/vg01.met.vgwort.de\/na\/8443b15ad62845aa9b71135385eeba80\" width=\"1\" height=\"1\" no-lazy class=\"tracking\"><\/p>\n","protected":false},"excerpt":{"rendered":"<a href=\"https:\/\/www.iphone-ticker.de\/apple-startet-veranstaltungen-zum-50-firmenjubilaeum-274568\/\"><img width=\"150\" height=\"150\" src=\"https:\/\/images.iphone-ticker.de\/wp-content\/uploads\/2026\/03\/keys-grand-cenral-apple-feature-150x150.jpg\" class=\"alignright tfe wp-post-image\" alt=\"Keys Grand Cenral Apple Feature\" decoding=\"async\" loading=\"lazy\" \/><\/a><p>Apple hat in der vergangenen Woche angek\u00fcndigt, sein anstehendes 50. Firmenjubil\u00e4um \u00fcber die kommenden Wochen hinweg mit verschiedenen Veranstaltungen angemessen zu begehen. Den Auftakt bildete ein Auftritt der Musikerin Alicia Keys im New Yorker Bahnhof Grand Central Station. Die 17-fache Grammy-Gewinnerin hat im Bereich des in der Grand Central Station gelegenen Apple Stores an einem [&hellip;]<\/p>\n","protected":false},"author":2,"featured_media":274572,"comment_status":"open","ping_status":"closed","sticky":false,"template":"","format":"standard","meta":{"footnotes":""},"categories":[14],"tags":[3912],"class_list":["post-274568","post","type-post","status-publish","format-standard","has-post-thumbnail","hentry","category-apple","tag-apple"],"aioseo_notices":[],"subheadline":["Alicia Keys im Grand Central Terminal"],"featured_image":["https:\/\/images.iphone-ticker.de\/wp-content\/uploads\/2026\/03\/keys-grand-cenral-apple-feature.jpg"],"rest_api_enabler":{"subheadline":"Alicia Keys im Grand Central Terminal","featured_image":"https:\/\/images.iphone-ticker.de\/wp-content\/uploads\/2026\/03\/keys-grand-cenral-apple-feature.jpg"},"_links":{"self":[{"href":"https:\/\/www.iphone-ticker.de\/apiv2\/wp\/v2\/posts\/274568","targetHints":{"allow":["GET"]}}],"collection":[{"href":"https:\/\/www.iphone-ticker.de\/apiv2\/wp\/v2\/posts"}],"about":[{"href":"https:\/\/www.iphone-ticker.de\/apiv2\/wp\/v2\/types\/post"}],"author":[{"embeddable":true,"href":"https:\/\/www.iphone-ticker.de\/apiv2\/wp\/v2\/users\/2"}],"replies":[{"embeddable":true,"href":"https:\/\/www.iphone-ticker.de\/apiv2\/wp\/v2\/comments?post=274568"}],"version-history":[{"count":4,"href":"https:\/\/www.iphone-ticker.de\/apiv2\/wp\/v2\/posts\/274568\/revisions"}],"predecessor-version":[{"id":274577,"href":"https:\/\/www.iphone-ticker.de\/apiv2\/wp\/v2\/posts\/274568\/revisions\/274577"}],"wp:featuredmedia":[{"embeddable":true,"href":"https:\/\/www.iphone-ticker.de\/apiv2\/wp\/v2\/media\/274572"}],"wp:attachment":[{"href":"https:\/\/www.iphone-ticker.de\/apiv2\/wp\/v2\/media?parent=274568"}],"wp:term":[{"taxonomy":"category","embeddable":true,"href":"https:\/\/www.iphone-ticker.de\/apiv2\/wp\/v2\/categories?post=274568"},{"taxonomy":"post_tag","embeddable":true,"href":"https:\/\/www.iphone-ticker.de\/apiv2\/wp\/v2\/tags?post=274568"}],"curies":[{"name":"wp","href":"https:\/\/api.w.org\/{rel}","templated":true}]}}