{"id":274477,"date":"2026-03-12T16:29:52","date_gmt":"2026-03-12T15:29:52","guid":{"rendered":"https:\/\/www.iphone-ticker.de\/?p=274477"},"modified":"2026-03-12T16:30:44","modified_gmt":"2026-03-12T15:30:44","slug":"radikale-anti-smartphone-front-berliner-aktivisten-verteilen-kritik-auf-papier","status":"publish","type":"post","link":"https:\/\/www.iphone-ticker.de\/radikale-anti-smartphone-front-berliner-aktivisten-verteilen-kritik-auf-papier-274477\/","title":{"rendered":"Radikale Anti Smartphone Front: Aktivisten verteilen Kritik auf Papier"},"content":{"rendered":"<p>In Berlin tauchen derzeit an Laternen, Br\u00fcckengel\u00e4ndern und M\u00fclleimern kleine Zettel mit ungew\u00f6hnlichen Botschaften auf. Hinter den Flyern steht die \u201e<a href=\"https:\/\/rasf.eu\/?lang=de\">Radikale Anti Smartphone Front<\/a>\u201c, eine lose Initiative, die mit provokanten Slogans auf den Umgang mit Smartphones und sozialen Netzwerken aufmerksam machen will.<\/p>\n<p><a href=\"https:\/\/images.iphone-ticker.de\/wp-content\/uploads\/2026\/03\/rasf-apple.jpg\"><img loading=\"lazy\" decoding=\"async\" class=\"aligncenter size-medium wp-image-274479\" src=\"https:\/\/images.iphone-ticker.de\/wp-content\/uploads\/2026\/03\/rasf-apple-500x500.jpg\" alt=\"Rasf Apple\" width=\"500\" height=\"500\" srcset=\"https:\/\/images.iphone-ticker.de\/wp-content\/uploads\/2026\/03\/rasf-apple-500x500.jpg 500w, https:\/\/images.iphone-ticker.de\/wp-content\/uploads\/2026\/03\/rasf-apple-700x700.jpg 700w, https:\/\/images.iphone-ticker.de\/wp-content\/uploads\/2026\/03\/rasf-apple-150x150.jpg 150w, https:\/\/images.iphone-ticker.de\/wp-content\/uploads\/2026\/03\/rasf-apple.jpg 1517w\" sizes=\"auto, (max-width: 500px) 100vw, 500px\" \/><\/a><\/p>\n<h6>RASF-Sticker vor dem Apple Store | Bild: Benno Fl\u00fcgel<\/h6>\n<p>Einer der Initiatoren ist der Berliner Benno Fl\u00fcgel, der seine Botschaften auf Spazierg\u00e4ngen durch die Innenstadt selbst verteilt.<\/p>\n<p>Wie ein Bericht der <a href=\"https:\/\/www.morgenpost.de\/bezirke\/reinickendorf\/article411411703\/\">Berliner Morgenpost beschreibt<\/a>, befestigt Fl\u00fcgel mehrere Flyer mit Malerkrepp an \u00f6ffentlichen Orten und beobachtet anschlie\u00dfend, wie Passanten darauf reagieren. Manche bleiben stehen, andere fotografieren die Zettel oder nehmen sie mit. F\u00fcr Fl\u00fcgel geh\u00f6rt diese unmittelbare Reaktion zum Konzept. Die Aktion soll Gespr\u00e4che ausl\u00f6sen und Menschen dazu bringen, ihr eigenes Nutzungsverhalten zu hinterfragen.<\/p>\n<h2>Protestaktion gegen digitale Dauerpr\u00e4senz<\/h2>\n<p>Die Idee entstand bereits w\u00e4hrend des Studiums. Fl\u00fcgel und sein Kommilitone Wenzel Gerstner bemerkten damals, wie h\u00e4ufig ihre Mitstudierenden w\u00e4hrend Vorlesungen auf ihre Smartphones blickten. Aus dieser Beobachtung entwickelte sich zun\u00e4chst ein scherzhafter Plan, eine Bewegung <a href=\"https:\/\/www.iphone-ticker.de\/tag\/sucht\/\">gegen digitale Ablenkung<\/a> zu gr\u00fcnden.<\/p>\n<p><a href=\"https:\/\/images.iphone-ticker.de\/wp-content\/uploads\/2026\/03\/cropped-IMG_1653.jpg\"><img loading=\"lazy\" decoding=\"async\" class=\"aligncenter size-large wp-image-274480\" src=\"https:\/\/images.iphone-ticker.de\/wp-content\/uploads\/2026\/03\/cropped-IMG_1653-700x546.jpg\" alt=\"Cropped IMG 1653\" width=\"700\" height=\"546\" srcset=\"https:\/\/images.iphone-ticker.de\/wp-content\/uploads\/2026\/03\/cropped-IMG_1653-700x546.jpg 700w, https:\/\/images.iphone-ticker.de\/wp-content\/uploads\/2026\/03\/cropped-IMG_1653-500x390.jpg 500w, https:\/\/images.iphone-ticker.de\/wp-content\/uploads\/2026\/03\/cropped-IMG_1653-1536x1198.jpg 1536w, https:\/\/images.iphone-ticker.de\/wp-content\/uploads\/2026\/03\/cropped-IMG_1653.jpg 2000w\" sizes=\"auto, (max-width: 700px) 100vw, 700px\" \/><\/a><\/p>\n<h6>RASF-Gr\u00fcnder Benno Fl\u00fcgel und Wenzel Gerstner<\/h6>\n<p>Die beiden formulierten kurze Parolen wie \u201eLieben statt liken\u201c oder \u201eTanzen statt Twitter\u201c. Die bewusst \u00fcberspitzten Spr\u00fcche sollten Aufmerksamkeit erzeugen und eine Diskussion ansto\u00dfen. Inzwischen sind auch ernstere Forderungen hinzugekommen. Auf einigen Flyern wird eine strengere Regulierung gro\u00dfer Technologiekonzerne gefordert oder ein bewussterer Umgang mit sozialen Netzwerken angeregt.<\/p>\n<h2>Auch Social Media in der Kritik<\/h2>\n<p>Inhaltlich richtet sich die Initiative gegen eine aus ihrer Sicht zunehmende Abh\u00e4ngigkeit von Smartphones und sozialen Netzwerken. Die Aktivisten argumentieren, dass viele Menschen ihre Aufmerksamkeit immer h\u00e4ufiger auf Bildschirme richten und dabei pers\u00f6nliche Begegnungen vernachl\u00e4ssigen.<\/p>\n<p><video poster=\"\" preload=\"auto\" controls=\"controls\" width=\"100%\" ><source src=\"https:\/\/vms-vod-uso.akamaized.net\/proxy1111\/vms\/world-661e6d67f4cb6af2130025ab-654a07bdef399d6cbc4fdd05-vod-progressive--dc817512.ism\/661e6d67f4cb6af2130025ab.mp4#t=0.01\" \/><\/video><\/p>\n<h6><a href=\"https:\/\/www.stern.de\/digital\/smartphone-verweigerer-erklaert-seinen-verzicht--leben-ohne-mobiles-internet-34633160.html\">Benno Fl\u00fcgel im Gespr\u00e4ch \u00fcber seinen Smartphone-Verzicht<\/a><\/h6>\n<p>Auch die Funktionsweise digitaler Plattformen wird kritisiert. Algorithmen k\u00f6nnten Nutzungsgewohnheiten verst\u00e4rken und damit dazu beitragen, dass Menschen immer mehr Zeit in sozialen Medien verbringen. Die Aktion versteht sich weniger als technikfeindlicher Protest, sondern als Aufruf zu einem bewussteren Umgang mit digitalen Anwendungen.<\/p>\n<p><img loading=\"lazy\" decoding=\"async\" src=\"https:\/\/vg07.met.vgwort.de\/na\/9112b4568e1b4c2aa2a4c6aa10261b16\" width=\"1\" height=\"1\"  no-lazy class=\"tracking\"><\/p>\n","protected":false},"excerpt":{"rendered":"<a href=\"https:\/\/www.iphone-ticker.de\/radikale-anti-smartphone-front-berliner-aktivisten-verteilen-kritik-auf-papier-274477\/\"><img width=\"150\" height=\"150\" src=\"https:\/\/images.iphone-ticker.de\/wp-content\/uploads\/2026\/03\/cropped-IMG_1653-150x150.jpg\" class=\"alignright tfe wp-post-image\" alt=\"Cropped IMG 1653\" decoding=\"async\" loading=\"lazy\" \/><\/a><p>In Berlin tauchen derzeit an Laternen, Br\u00fcckengel\u00e4ndern und M\u00fclleimern kleine Zettel mit ungew\u00f6hnlichen Botschaften auf. Hinter den Flyern steht die \u201eRadikale Anti Smartphone Front\u201c, eine lose Initiative, die mit provokanten Slogans auf den Umgang mit Smartphones und sozialen Netzwerken aufmerksam machen will. RASF-Sticker vor dem Apple Store | Bild: Benno Fl\u00fcgel Einer der Initiatoren ist [&hellip;]<\/p>\n","protected":false},"author":1,"featured_media":274480,"comment_status":"open","ping_status":"closed","sticky":false,"template":"","format":"standard","meta":{"footnotes":""},"categories":[1],"tags":[32,1131,1558,3276],"class_list":["post-274477","post","type-post","status-publish","format-standard","has-post-thumbnail","hentry","category-news","tag-kritik","tag-smartphone","tag-social-media","tag-sucht"],"aioseo_notices":[],"subheadline":["Protestaktion gegen digitale Dauerpr\u00e4senz"],"featured_image":["https:\/\/images.iphone-ticker.de\/wp-content\/uploads\/2026\/03\/rasf-feature.jpg"],"rest_api_enabler":{"subheadline":"Protestaktion gegen digitale Dauerpr\u00e4senz","featured_image":"https:\/\/images.iphone-ticker.de\/wp-content\/uploads\/2026\/03\/rasf-feature.jpg"},"_links":{"self":[{"href":"https:\/\/www.iphone-ticker.de\/apiv2\/wp\/v2\/posts\/274477","targetHints":{"allow":["GET"]}}],"collection":[{"href":"https:\/\/www.iphone-ticker.de\/apiv2\/wp\/v2\/posts"}],"about":[{"href":"https:\/\/www.iphone-ticker.de\/apiv2\/wp\/v2\/types\/post"}],"author":[{"embeddable":true,"href":"https:\/\/www.iphone-ticker.de\/apiv2\/wp\/v2\/users\/1"}],"replies":[{"embeddable":true,"href":"https:\/\/www.iphone-ticker.de\/apiv2\/wp\/v2\/comments?post=274477"}],"version-history":[{"count":2,"href":"https:\/\/www.iphone-ticker.de\/apiv2\/wp\/v2\/posts\/274477\/revisions"}],"predecessor-version":[{"id":274484,"href":"https:\/\/www.iphone-ticker.de\/apiv2\/wp\/v2\/posts\/274477\/revisions\/274484"}],"wp:featuredmedia":[{"embeddable":true,"href":"https:\/\/www.iphone-ticker.de\/apiv2\/wp\/v2\/media\/274480"}],"wp:attachment":[{"href":"https:\/\/www.iphone-ticker.de\/apiv2\/wp\/v2\/media?parent=274477"}],"wp:term":[{"taxonomy":"category","embeddable":true,"href":"https:\/\/www.iphone-ticker.de\/apiv2\/wp\/v2\/categories?post=274477"},{"taxonomy":"post_tag","embeddable":true,"href":"https:\/\/www.iphone-ticker.de\/apiv2\/wp\/v2\/tags?post=274477"}],"curies":[{"name":"wp","href":"https:\/\/api.w.org\/{rel}","templated":true}]}}