{"id":274447,"date":"2026-03-12T12:12:04","date_gmt":"2026-03-12T11:12:04","guid":{"rendered":"https:\/\/www.iphone-ticker.de\/?p=274447"},"modified":"2026-03-19T20:25:54","modified_gmt":"2026-03-19T19:25:54","slug":"klapp-iphone-soll-multitasking-funktionen-aber-kein-face-id-erhalten","status":"publish","type":"post","link":"https:\/\/www.iphone-ticker.de\/klapp-iphone-soll-multitasking-funktionen-aber-kein-face-id-erhalten-274447\/","title":{"rendered":"Klapp-iPhone soll Multitasking-Funktionen aber kein Face ID erhalten"},"content":{"rendered":"<p>Das im Herbst erwartete iPhone mit faltbarem Bildschirm soll \u00fcber spezielle iOS-Anpassungen und erweiterte Multitasking-Funktionen verf\u00fcgen. Dies <a href=\"https:\/\/www.bloomberg.com\/news\/articles\/2026-03-11\/apple-s-foldable-iphone-to-feature-ipad-like-interface-when-opened\">berichtet<\/a> der Bloomberg-Autor Mark Gurman unter Berufung auf mit der Angelegenheit vertraute Personen. Die Grundlage hierf\u00fcr liefert demnach der im aufgeklappten Zustand mit einem iPad mini vergleichbare Innenbildschirm des Ger\u00e4ts.<\/p>\n<p>Wir haben bereits Ende vergangenen Jahres <a href=\"https:\/\/www.iphone-ticker.de\/apples-falt-iphone-im-detail-wir-haben-cad-zeichnungen-bekommen-270043\/\" title=\"Apples Falt-iPhone im Detail: Wir haben bereits die Abmessungen\">CAD-Grafiken mit den voraussichtlichen Abmessungen<\/a> des Ger\u00e4ts erhalten und auf den nur geringen Unterschied des inneren Bildschirms zum iPad mini hingewiesen. Zus\u00e4tzlich soll das \u201eiPhone Fold\u201c \u00fcber einen kleineren Au\u00dfenbildschirm verf\u00fcgen.<\/p>\n<p><a href=\"https:\/\/images.iphone-ticker.de\/wp-content\/uploads\/2025\/12\/iphone-foldabable-abmessungen-1.jpg\"><img loading=\"lazy\" decoding=\"async\" src=\"https:\/\/images.iphone-ticker.de\/wp-content\/uploads\/2025\/12\/iphone-foldabable-abmessungen-1-700x381.jpg\" alt=\"Iphone Foldabable Abmessungen 1\" width=\"700\" height=\"381\" class=\"alignnone size-large wp-image-270051\" srcset=\"https:\/\/images.iphone-ticker.de\/wp-content\/uploads\/2025\/12\/iphone-foldabable-abmessungen-1-700x381.jpg 700w, https:\/\/images.iphone-ticker.de\/wp-content\/uploads\/2025\/12\/iphone-foldabable-abmessungen-1-500x272.jpg 500w, https:\/\/images.iphone-ticker.de\/wp-content\/uploads\/2025\/12\/iphone-foldabable-abmessungen-1.jpg 1000w\" sizes=\"auto, (max-width: 700px) 100vw, 700px\" \/><\/a><\/p>\n<h2>Neue iOS-Oberfl\u00e4che f\u00fcr gr\u00f6\u00dfere Displays<\/h2>\n<p>Dem Bericht zufolge soll das iPhone-Betriebssystem zus\u00e4tzliche Layout-Optionen erhalten, die sich st\u00e4rker an der Darstellung auf dem iPad orientieren. Auf dieser Grundlage k\u00f6nnten Anwendungen nebeneinander dargestellt werden und man k\u00f6nnte das Ger\u00e4t f\u00fcr Aufgaben nutzen, bei denen mehrere Programme gleichzeitig sichtbar sein sollen.<\/p>\n<p><a href=\"https:\/\/images.iphone-ticker.de\/wp-content\/uploads\/2025\/12\/iphone-foldabable-abmessungen-3.jpg\"><img loading=\"lazy\" decoding=\"async\" src=\"https:\/\/images.iphone-ticker.de\/wp-content\/uploads\/2025\/12\/iphone-foldabable-abmessungen-3-700x519.jpg\" alt=\"Iphone Foldabable Abmessungen 3\" width=\"700\" height=\"519\" class=\"alignnone size-large wp-image-270049\" srcset=\"https:\/\/images.iphone-ticker.de\/wp-content\/uploads\/2025\/12\/iphone-foldabable-abmessungen-3-700x519.jpg 700w, https:\/\/images.iphone-ticker.de\/wp-content\/uploads\/2025\/12\/iphone-foldabable-abmessungen-3-500x371.jpg 500w, https:\/\/images.iphone-ticker.de\/wp-content\/uploads\/2025\/12\/iphone-foldabable-abmessungen-3.jpg 1000w\" sizes=\"auto, (max-width: 700px) 100vw, 700px\" \/><\/a><\/p>\n<p>Auf die M\u00f6glichkeit, mehrere frei verschiebbare Fenster zu verwenden, wie sie auf dem iPad m\u00f6glich sind, wird man auf dem Klapp-iPhone voraussichtlich aber verzichten m\u00fcssen. Stattdessen sollen lediglich zwei Apps gleichzeitig angezeigt werden k\u00f6nnen, vergleichbar mit den Multitasking-Funktionen \u00e4lterer Versionen des iPad-Betriebssystems.<\/p>\n<h2>\u00c4nderungen bei Kamera und Entsperrung<\/h2>\n<p>Beim \u00e4u\u00dferen Bildschirm des faltbaren iPhones soll erstmals eine kleine \u00d6ffnung im Display f\u00fcr die Frontkamera verwendet werden. Dieses sogenannte Hole-Punch-Design w\u00fcrde die bislang verwendete Notch-Aussparung aktueller iPhone-Modelle ersetzen.<\/p>\n<p>Im Zuge dieser \u00c4nderung wird Apple angeblich auch das Entsperrsystem anpassen. Statt der Gesichtserkennung Face ID soll dabei ein Fingerabdrucksensor im seitlichen Einschaltknopf zum Einsatz kommen. Damit w\u00fcrde erstmals seit mehreren Jahren wieder ein iPhone mit Touch ID auf den Markt kommen.<img loading=\"lazy\" decoding=\"async\" src=\"https:\/\/vg01.met.vgwort.de\/na\/e9679236db944ad0aa81a2bda3cb8006\" width=\"1\" height=\"1\" no-lazy class=\"tracking\"><\/p>\n","protected":false},"excerpt":{"rendered":"<a href=\"https:\/\/www.iphone-ticker.de\/klapp-iphone-soll-multitasking-funktionen-aber-kein-face-id-erhalten-274447\/\"><img decoding=\"async\" width=\"150\" src=\"https:\/\/images.iphone-ticker.de\/wp-content\/uploads\/2025\/12\/iphone-foldabable-abmessungen-1-700x381.jpg\" class=\"alignright wp-post-image tfe\" alt=\"Iphone Foldabable Abmessungen 1\" title=\"\" \/><\/a><p>Das im Herbst erwartete iPhone mit faltbarem Bildschirm soll \u00fcber spezielle iOS-Anpassungen und erweiterte Multitasking-Funktionen verf\u00fcgen. Dies berichtet der Bloomberg-Autor Mark Gurman unter Berufung auf mit der Angelegenheit vertraute Personen. Die Grundlage hierf\u00fcr liefert demnach der im aufgeklappten Zustand mit einem iPad mini vergleichbare Innenbildschirm des Ger\u00e4ts. Wir haben bereits Ende vergangenen Jahres CAD-Grafiken mit [&hellip;]<\/p>\n","protected":false},"author":2,"featured_media":0,"comment_status":"open","ping_status":"closed","sticky":false,"template":"","format":"standard","meta":{"footnotes":""},"categories":[749,1975],"tags":[7332,7367],"class_list":["post-274447","post","type-post","status-publish","format-standard","hentry","category-iphone-2","category-feature","tag-iphone-fold","tag-klapp-iphone"],"aioseo_notices":[],"subheadline":["Halb iPad, halb iPhone"],"featured_image":["https:\/\/images.iphone-ticker.de\/wp-content\/uploads\/2025\/12\/iphone-foldable-feature.jpg"],"rest_api_enabler":{"subheadline":"Halb iPad, halb iPhone","featured_image":"https:\/\/images.iphone-ticker.de\/wp-content\/uploads\/2025\/12\/iphone-foldable-feature.jpg"},"_links":{"self":[{"href":"https:\/\/www.iphone-ticker.de\/apiv2\/wp\/v2\/posts\/274447","targetHints":{"allow":["GET"]}}],"collection":[{"href":"https:\/\/www.iphone-ticker.de\/apiv2\/wp\/v2\/posts"}],"about":[{"href":"https:\/\/www.iphone-ticker.de\/apiv2\/wp\/v2\/types\/post"}],"author":[{"embeddable":true,"href":"https:\/\/www.iphone-ticker.de\/apiv2\/wp\/v2\/users\/2"}],"replies":[{"embeddable":true,"href":"https:\/\/www.iphone-ticker.de\/apiv2\/wp\/v2\/comments?post=274447"}],"version-history":[{"count":2,"href":"https:\/\/www.iphone-ticker.de\/apiv2\/wp\/v2\/posts\/274447\/revisions"}],"predecessor-version":[{"id":274450,"href":"https:\/\/www.iphone-ticker.de\/apiv2\/wp\/v2\/posts\/274447\/revisions\/274450"}],"wp:attachment":[{"href":"https:\/\/www.iphone-ticker.de\/apiv2\/wp\/v2\/media?parent=274447"}],"wp:term":[{"taxonomy":"category","embeddable":true,"href":"https:\/\/www.iphone-ticker.de\/apiv2\/wp\/v2\/categories?post=274447"},{"taxonomy":"post_tag","embeddable":true,"href":"https:\/\/www.iphone-ticker.de\/apiv2\/wp\/v2\/tags?post=274447"}],"curies":[{"name":"wp","href":"https:\/\/api.w.org\/{rel}","templated":true}]}}