{"id":274062,"date":"2026-03-05T07:28:37","date_gmt":"2026-03-05T06:28:37","guid":{"rendered":"https:\/\/www.iphone-ticker.de\/?p=274062"},"modified":"2026-03-13T06:34:14","modified_gmt":"2026-03-13T05:34:14","slug":"ab-januar-2027-digitalminister-konkretisiert-plaene-fuer-staatliche-apps","status":"publish","type":"post","link":"https:\/\/www.iphone-ticker.de\/ab-januar-2027-digitalminister-konkretisiert-plaene-fuer-staatliche-apps-274062\/","title":{"rendered":"Ab Januar 2027: Digitalminister konkretisiert Pl\u00e4ne f\u00fcr staatliche Apps"},"content":{"rendered":"<p>Bundesdigitalminister Karsten Wildberger hat seine Pl\u00e4ne f\u00fcr digitale Verwaltungsangebote weiter erl\u00e4utert. Nachdem er bereits <a href=\"https:\/\/www.iphone-ticker.de\/buerger-app-des-bundes-digitalminister-plant-bundesweites-angebot-273740\/\">eine bundesweite B\u00fcrger-App<\/a> angek\u00fcndigt hatte, hat das Bundesministerium f\u00fcr Digitales und Staatsmodernisierung nun den vollst\u00e4ndigen Text seiner Rede vom sogenannten GovTech-Gipfel <a href=\"https:\/\/bmds.bund.de\/aktuelles\/reden\/detail\/handelsblatt-govtech-gipfel-in-berlin\">ver\u00f6ffentlicht<\/a>.<\/p>\n<p><a href=\"https:\/\/images.iphone-ticker.de\/wp-content\/uploads\/2026\/02\/Wildberger-scaled.jpg\"><img loading=\"lazy\" decoding=\"async\" class=\"aligncenter size-medium wp-image-273742\" src=\"https:\/\/images.iphone-ticker.de\/wp-content\/uploads\/2026\/02\/Wildberger-500x333.jpg\" alt=\"Wildberger\" width=\"500\" height=\"333\" srcset=\"https:\/\/images.iphone-ticker.de\/wp-content\/uploads\/2026\/02\/Wildberger-500x333.jpg 500w, https:\/\/images.iphone-ticker.de\/wp-content\/uploads\/2026\/02\/Wildberger-700x467.jpg 700w, https:\/\/images.iphone-ticker.de\/wp-content\/uploads\/2026\/02\/Wildberger-1536x1024.jpg 1536w, https:\/\/images.iphone-ticker.de\/wp-content\/uploads\/2026\/02\/Wildberger-2048x1366.jpg 2048w\" sizes=\"auto, (max-width: 500px) 100vw, 500px\" \/><\/a><\/p>\n<h6>Digitalminister Dr. Karsten Wildberger | Bild: BMDS\/Woithe<\/h6>\n<h2>Ab Januar 2027 einsatzbereit<\/h2>\n<p>Im Mittelpunkt steht weiterhin eine digitale Identit\u00e4t auf dem Smartphone. Grundlage daf\u00fcr soll die sogenannte <a href=\"https:\/\/www.iphone-ticker.de\/eudi-wallet-digitaler-personalausweis-auf-dem-iphone-rueckt-naeher-271951\/\">EUDI-Wallet<\/a> sein. In dieser digitalen Brieftasche k\u00f6nnen B\u00fcrger k\u00fcnftig wichtige Dokumente wie Personalausweis oder F\u00fchrerschein speichern und sich online ausweisen. Laut Ministerium soll die Wallet ab Januar 2027 einsatzbereit sein.<\/p>\n<ul>\n<li><strong>EUDI-Wallet:<\/strong> <a title=\"EUDI-Wallet: Digitaler Personalausweis auf dem iPhone r\u00fcckt n\u00e4her\" href=\"https:\/\/www.iphone-ticker.de\/eudi-wallet-digitaler-personalausweis-auf-dem-iphone-rueckt-naeher-271951\/\">Digitaler Personalausweis auf dem iPhone r\u00fcckt n\u00e4her<\/a><\/li>\n<\/ul>\n<p>Auf Basis dieser digitalen Identit\u00e4t sollen zahlreiche Anwendungen entstehen. Als Beispiele nennt Wildberger den Abschluss von Mobilfunkvertr\u00e4gen oder Altersnachweise beim Einkauf. Auch klassische Verwaltungsleistungen k\u00f6nnten dar\u00fcber abgewickelt werden. Perspektivisch k\u00f6nnten Nutzer sich mit der Wallet authentifizieren, ohne zus\u00e4tzliche TAN-Verfahren oder separate Identifikationsschritte durchf\u00fchren zu m\u00fcssen.<\/p>\n<h2>Verwaltungs-Apps auf gemeinsamer Infrastruktur<\/h2>\n<p>Die B\u00fcrger-App ist Teil eines gr\u00f6\u00dferen technischen Rahmens, den das Ministerium als \u201eTech-Stack\u201c beschreibt. Dabei handelt es sich um eine mehrschichtige digitale Infrastruktur f\u00fcr staatliche Anwendungen. Sie soll aus gemeinsamen technischen Standards, Cloud-Infrastruktur und darauf aufbauenden Anwendungen bestehen.<\/p>\n<p><a href=\"https:\/\/images.iphone-ticker.de\/wp-content\/uploads\/2025\/11\/ifkz-app-fahrzeugschein.png\"><img loading=\"lazy\" decoding=\"async\" class=\"aligncenter size-large wp-image-267594\" src=\"https:\/\/images.iphone-ticker.de\/wp-content\/uploads\/2025\/11\/ifkz-app-fahrzeugschein-700x700.png\" alt=\"Ifkz App Fahrzeugschein\" width=\"700\" height=\"700\" srcset=\"https:\/\/images.iphone-ticker.de\/wp-content\/uploads\/2025\/11\/ifkz-app-fahrzeugschein-700x700.png 700w, https:\/\/images.iphone-ticker.de\/wp-content\/uploads\/2025\/11\/ifkz-app-fahrzeugschein-500x500.png 500w, https:\/\/images.iphone-ticker.de\/wp-content\/uploads\/2025\/11\/ifkz-app-fahrzeugschein-150x150.png 150w, https:\/\/images.iphone-ticker.de\/wp-content\/uploads\/2025\/11\/ifkz-app-fahrzeugschein-1536x1536.png 1536w, https:\/\/images.iphone-ticker.de\/wp-content\/uploads\/2025\/11\/ifkz-app-fahrzeugschein.png 1846w\" sizes=\"auto, (max-width: 700px) 100vw, 700px\" \/><\/a><\/p>\n<h6>Der digitale Fahrzeugschein: Aktuell noch mit eigener App<\/h6>\n<p>Auf dieser Basis sollen k\u00fcnftig auch mobile Verwaltungsangebote entstehen. Beispiele, die Wildberger nennt, sind digitale Antr\u00e4ge f\u00fcr BAf\u00f6G, Kindergeld oder Fahrzeugzulassungen \u00fcber iKFZ. Ziel ist es, dass Bund, L\u00e4nder und Kommunen dieselben technischen Grundlagen nutzen k\u00f6nnen, damit Dienste einfacher entwickelt und mehrfach eingesetzt werden.<\/p>\n<p>Parallel arbeitet die Bundesregierung daran, interne Verwaltungsprozesse st\u00e4rker zu automatisieren. Mehrere Genehmigungsverfahren werden derzeit mit Hilfe von k\u00fcnstlicher Intelligenz digitalisiert. Nach Angaben des Ministers konnten erste Pilotprojekte den Arbeitsaufwand in einzelnen Verfahren deutlich reduzieren.<\/p>\n<p>Neben technischen Fragen betont Wildberger auch die strategische Bedeutung digitaler Infrastruktur. Europa m\u00fcsse st\u00e4rker an der Entwicklung zentraler Technologien beteiligt sein, etwa bei Cloud-Diensten oder K\u00fcnstlicher Intelligenz.<\/p>\n<p><img decoding=\"async\" src=\"https:\/\/vg01.met.vgwort.de\/na\/2bea6fee0a8d453dbe0b6c49751e9143\" width=\"1\" height=\"1\" no-lazy class=\"tracking\" loading=\"eager\"><\/p>\n","protected":false},"excerpt":{"rendered":"<a href=\"https:\/\/www.iphone-ticker.de\/ab-januar-2027-digitalminister-konkretisiert-plaene-fuer-staatliche-apps-274062\/\"><img decoding=\"async\" width=\"150\" src=\"https:\/\/images.iphone-ticker.de\/wp-content\/uploads\/2026\/02\/Wildberger-500x333.jpg\" class=\"alignright wp-post-image tfe\" alt=\"Wildberger\" title=\"\" \/><\/a><p>Bundesdigitalminister Karsten Wildberger hat seine Pl\u00e4ne f\u00fcr digitale Verwaltungsangebote weiter erl\u00e4utert. Nachdem er bereits eine bundesweite B\u00fcrger-App angek\u00fcndigt hatte, hat das Bundesministerium f\u00fcr Digitales und Staatsmodernisierung nun den vollst\u00e4ndigen Text seiner Rede vom sogenannten GovTech-Gipfel ver\u00f6ffentlicht. Digitalminister Dr. Karsten Wildberger | Bild: BMDS\/Woithe Ab Januar 2027 einsatzbereit Im Mittelpunkt steht weiterhin eine digitale Identit\u00e4t auf [&hellip;]<\/p>\n","protected":false},"author":1,"featured_media":0,"comment_status":"open","ping_status":"closed","sticky":false,"template":"","format":"standard","meta":{"footnotes":""},"categories":[39,1975],"tags":[7393,5918,6638],"class_list":["post-274062","post","type-post","status-publish","format-standard","hentry","category-apps","category-feature","tag-buerger-app","tag-digitalisierung","tag-eudi-wallet"],"aioseo_notices":[],"aioseo_head":"\n\t\t<!-- All in One SEO Pro 5.0.1.1 - aioseo.com -->\n\t<meta name=\"description\" content=\"Bundesregierung ver\u00f6ffentlicht Rede von Digitalminister Wildberger. Fokus auf B\u00fcrger-App, digitale Wallet und mobile Verwaltungsdienste f\u00fcr Smartphone-Nutzer.\" \/>\n\t<meta name=\"robots\" content=\"max-image-preview:large\" \/>\n\t<meta name=\"author\" content=\"Nicolas\"\/>\n\t<meta name=\"google-site-verification\" content=\"bRuV4_wqNuoQLypC9HVKibZ0X7EtNyELtju97qgyflM\" \/>\n\t<link rel=\"canonical\" href=\"https:\/\/www.iphone-ticker.de\/ab-januar-2027-digitalminister-konkretisiert-plaene-fuer-staatliche-apps-274062\/\" \/>\n\t<meta name=\"generator\" content=\"All in One SEO Pro (AIOSEO) 5.0.1.1\" \/>\n\t\t<meta property=\"og:locale\" content=\"de_DE\" \/>\n\t\t<meta property=\"og:site_name\" content=\"iphone-ticker.de | Alles zum iPhone. Seit 2007.\" \/>\n\t\t<meta property=\"og:type\" content=\"article\" \/>\n\t\t<meta property=\"og:title\" content=\"Ab Januar 2027: Digitalminister konkretisiert Pl\u00e4ne f\u00fcr staatliche Apps | iphone-ticker.de\" \/>\n\t\t<meta property=\"og:description\" content=\"Bundesregierung ver\u00f6ffentlicht Rede von Digitalminister Wildberger. Fokus auf B\u00fcrger-App, digitale Wallet und mobile Verwaltungsdienste f\u00fcr Smartphone-Nutzer.\" \/>\n\t\t<meta property=\"og:url\" content=\"https:\/\/www.iphone-ticker.de\/ab-januar-2027-digitalminister-konkretisiert-plaene-fuer-staatliche-apps-274062\/\" \/>\n\t\t<meta property=\"article:published_time\" content=\"2026-03-05T06:28:37+00:00\" \/>\n\t\t<meta property=\"article:modified_time\" content=\"2026-03-13T05:34:14+00:00\" \/>\n\t\t<meta property=\"article:publisher\" content=\"https:\/\/facebook.com\/ifun.de\" \/>\n\t\t<meta name=\"twitter:card\" content=\"summary_large_image\" \/>\n\t\t<meta name=\"twitter:site\" content=\"@iphoneticker\" \/>\n\t\t<meta name=\"twitter:title\" content=\"Ab Januar 2027: Digitalminister konkretisiert Pl\u00e4ne f\u00fcr staatliche Apps | iphone-ticker.de\" \/>\n\t\t<meta name=\"twitter:description\" content=\"Bundesregierung ver\u00f6ffentlicht Rede von Digitalminister Wildberger. Fokus auf B\u00fcrger-App, digitale Wallet und mobile Verwaltungsdienste f\u00fcr Smartphone-Nutzer.\" \/>\n\t\t<meta name=\"twitter:creator\" content=\"@iphoneticker\" \/>\n\t\t<script type=\"application\/ld+json\" class=\"aioseo-schema\">\n\t\t\t{\"@context\":\"https:\\\/\\\/schema.org\",\"@graph\":[{\"@type\":\"BreadcrumbList\",\"@id\":\"https:\\\/\\\/www.iphone-ticker.de\\\/ab-januar-2027-digitalminister-konkretisiert-plaene-fuer-staatliche-apps-274062\\\/#breadcrumblist\",\"itemListElement\":[{\"@type\":\"ListItem\",\"@id\":\"https:\\\/\\\/www.iphone-ticker.de#listItem\",\"position\":1,\"name\":\"Home\",\"item\":\"https:\\\/\\\/www.iphone-ticker.de\",\"nextItem\":{\"@type\":\"ListItem\",\"@id\":\"https:\\\/\\\/www.iphone-ticker.de\\\/category\\\/apps\\\/#listItem\",\"name\":\"Apps\"}},{\"@type\":\"ListItem\",\"@id\":\"https:\\\/\\\/www.iphone-ticker.de\\\/category\\\/apps\\\/#listItem\",\"position\":2,\"name\":\"Apps\",\"item\":\"https:\\\/\\\/www.iphone-ticker.de\\\/category\\\/apps\\\/\",\"nextItem\":{\"@type\":\"ListItem\",\"@id\":\"https:\\\/\\\/www.iphone-ticker.de\\\/ab-januar-2027-digitalminister-konkretisiert-plaene-fuer-staatliche-apps-274062\\\/#listItem\",\"name\":\"Ab Januar 2027: Digitalminister konkretisiert Pl\\u00e4ne f\\u00fcr staatliche Apps\"},\"previousItem\":{\"@type\":\"ListItem\",\"@id\":\"https:\\\/\\\/www.iphone-ticker.de#listItem\",\"name\":\"Home\"}},{\"@type\":\"ListItem\",\"@id\":\"https:\\\/\\\/www.iphone-ticker.de\\\/ab-januar-2027-digitalminister-konkretisiert-plaene-fuer-staatliche-apps-274062\\\/#listItem\",\"position\":3,\"name\":\"Ab Januar 2027: Digitalminister konkretisiert Pl\\u00e4ne f\\u00fcr staatliche Apps\",\"previousItem\":{\"@type\":\"ListItem\",\"@id\":\"https:\\\/\\\/www.iphone-ticker.de\\\/category\\\/apps\\\/#listItem\",\"name\":\"Apps\"}}]},{\"@type\":\"NewsArticle\",\"@id\":\"https:\\\/\\\/www.iphone-ticker.de\\\/ab-januar-2027-digitalminister-konkretisiert-plaene-fuer-staatliche-apps-274062\\\/#newsarticle\",\"name\":\"Ab Januar 2027: Digitalminister konkretisiert Pl\\u00e4ne f\\u00fcr staatliche Apps | iphone-ticker.de\",\"headline\":\"Ab Januar 2027: Digitalminister konkretisiert Pl\\u00e4ne f\\u00fcr staatliche Apps\",\"author\":{\"@id\":\"https:\\\/\\\/www.iphone-ticker.de\\\/author\\\/admin\\\/#author\"},\"publisher\":{\"@id\":\"https:\\\/\\\/www.iphone-ticker.de\\\/#organization\"},\"image\":{\"@type\":\"ImageObject\",\"url\":\"https:\\\/\\\/images.iphone-ticker.de\\\/wp-content\\\/uploads\\\/2026\\\/02\\\/Wildberger.jpg\",\"@id\":\"https:\\\/\\\/www.iphone-ticker.de\\\/ab-januar-2027-digitalminister-konkretisiert-plaene-fuer-staatliche-apps-274062\\\/#articleImage\"},\"datePublished\":\"2026-03-05T07:28:37+01:00\",\"dateModified\":\"2026-03-13T06:34:14+01:00\",\"inLanguage\":\"de-DE\",\"commentCount\":62,\"mainEntityOfPage\":{\"@id\":\"https:\\\/\\\/www.iphone-ticker.de\\\/ab-januar-2027-digitalminister-konkretisiert-plaene-fuer-staatliche-apps-274062\\\/#webpage\"},\"isPartOf\":{\"@id\":\"https:\\\/\\\/www.iphone-ticker.de\\\/ab-januar-2027-digitalminister-konkretisiert-plaene-fuer-staatliche-apps-274062\\\/#webpage\"},\"articleSection\":\"Apps, zz1A, B\\u00fcrger-App, Digitalisierung, EUDI-Wallet\",\"dateline\":\"Ver\\u00f6ffentlicht am M\\u00e4rz 5, 2026.\"},{\"@type\":\"Organization\",\"@id\":\"https:\\\/\\\/www.iphone-ticker.de\\\/#organization\",\"name\":\"aketo GmbH\",\"description\":\"Die aketo GmbH versorgt das deutschsprachige Internet mit den f\\u00fchrenden Nachrichtenangeboten zu Apple, dem iPhone, dem iPad und Apples Lifestyle-Produkten. Konzepte, Redaktion, Recherchen und Archiv.\",\"url\":\"https:\\\/\\\/www.iphone-ticker.de\\\/\",\"email\":\"ifun.de@gmail.com\",\"telephone\":\"+493057707123\",\"foundingDate\":\"2007-01-01\",\"logo\":{\"@type\":\"ImageObject\",\"url\":\"https:\\\/\\\/images.iphone-ticker.de\\\/wp-content\\\/uploads\\\/2026\\\/02\\\/apple-touch-icon.png\",\"@id\":\"https:\\\/\\\/www.iphone-ticker.de\\\/ab-januar-2027-digitalminister-konkretisiert-plaene-fuer-staatliche-apps-274062\\\/#organizationLogo\",\"width\":1024,\"height\":1024,\"caption\":\"Apple Touch Icon\"},\"image\":{\"@id\":\"https:\\\/\\\/www.iphone-ticker.de\\\/ab-januar-2027-digitalminister-konkretisiert-plaene-fuer-staatliche-apps-274062\\\/#organizationLogo\"},\"sameAs\":[\"https:\\\/\\\/facebook.com\\\/ifun.de\",\"https:\\\/\\\/x.com\\\/iphoneticker\"]},{\"@type\":\"Person\",\"@id\":\"https:\\\/\\\/www.iphone-ticker.de\\\/author\\\/admin\\\/#author\",\"url\":\"https:\\\/\\\/www.iphone-ticker.de\\\/author\\\/admin\\\/\",\"name\":\"Nicolas\"},{\"@type\":\"WebPage\",\"@id\":\"https:\\\/\\\/www.iphone-ticker.de\\\/ab-januar-2027-digitalminister-konkretisiert-plaene-fuer-staatliche-apps-274062\\\/#webpage\",\"url\":\"https:\\\/\\\/www.iphone-ticker.de\\\/ab-januar-2027-digitalminister-konkretisiert-plaene-fuer-staatliche-apps-274062\\\/\",\"name\":\"Ab Januar 2027: Digitalminister konkretisiert Pl\\u00e4ne f\\u00fcr staatliche Apps | iphone-ticker.de\",\"description\":\"Bundesregierung ver\\u00f6ffentlicht Rede von Digitalminister Wildberger. Fokus auf B\\u00fcrger-App, digitale Wallet und mobile Verwaltungsdienste f\\u00fcr Smartphone-Nutzer.\",\"inLanguage\":\"de-DE\",\"isPartOf\":{\"@id\":\"https:\\\/\\\/www.iphone-ticker.de\\\/#website\"},\"breadcrumb\":{\"@id\":\"https:\\\/\\\/www.iphone-ticker.de\\\/ab-januar-2027-digitalminister-konkretisiert-plaene-fuer-staatliche-apps-274062\\\/#breadcrumblist\"},\"author\":{\"@id\":\"https:\\\/\\\/www.iphone-ticker.de\\\/author\\\/admin\\\/#author\"},\"creator\":{\"@id\":\"https:\\\/\\\/www.iphone-ticker.de\\\/author\\\/admin\\\/#author\"},\"datePublished\":\"2026-03-05T07:28:37+01:00\",\"dateModified\":\"2026-03-13T06:34:14+01:00\"},{\"@type\":\"WebSite\",\"@id\":\"https:\\\/\\\/www.iphone-ticker.de\\\/#website\",\"url\":\"https:\\\/\\\/www.iphone-ticker.de\\\/\",\"name\":\"iphone-ticker.de\",\"description\":\"Alles zum iPhone. Seit 2007.\",\"inLanguage\":\"de-DE\",\"publisher\":{\"@id\":\"https:\\\/\\\/www.iphone-ticker.de\\\/#organization\"}}]}\n\t\t<\/script>\n\t\t<!-- All in One SEO Pro -->\r\n\t\t<title>Ab Januar 2027: Digitalminister konkretisiert Pl\u00e4ne f\u00fcr staatliche Apps | iphone-ticker.de<\/title>\n\n","aioseo_head_json":{"title":"Ab Januar 2027: Digitalminister konkretisiert Pl\u00e4ne f\u00fcr staatliche Apps | iphone-ticker.de","description":"Bundesregierung ver\u00f6ffentlicht Rede von Digitalminister Wildberger. Fokus auf B\u00fcrger-App, digitale Wallet und mobile Verwaltungsdienste f\u00fcr Smartphone-Nutzer.","canonical_url":"https:\/\/www.iphone-ticker.de\/ab-januar-2027-digitalminister-konkretisiert-plaene-fuer-staatliche-apps-274062\/","robots":"max-image-preview:large","keywords":"","webmasterTools":{"google-site-verification":"bRuV4_wqNuoQLypC9HVKibZ0X7EtNyELtju97qgyflM","miscellaneous":""},"schema":{"@context":"https:\/\/schema.org","@graph":[{"@type":"BreadcrumbList","@id":"https:\/\/www.iphone-ticker.de\/ab-januar-2027-digitalminister-konkretisiert-plaene-fuer-staatliche-apps-274062\/#breadcrumblist","itemListElement":[{"@type":"ListItem","@id":"https:\/\/www.iphone-ticker.de#listItem","position":1,"name":"Home","item":"https:\/\/www.iphone-ticker.de","nextItem":{"@type":"ListItem","@id":"https:\/\/www.iphone-ticker.de\/category\/apps\/#listItem","name":"Apps"}},{"@type":"ListItem","@id":"https:\/\/www.iphone-ticker.de\/category\/apps\/#listItem","position":2,"name":"Apps","item":"https:\/\/www.iphone-ticker.de\/category\/apps\/","nextItem":{"@type":"ListItem","@id":"https:\/\/www.iphone-ticker.de\/ab-januar-2027-digitalminister-konkretisiert-plaene-fuer-staatliche-apps-274062\/#listItem","name":"Ab Januar 2027: Digitalminister konkretisiert Pl\u00e4ne f\u00fcr staatliche Apps"},"previousItem":{"@type":"ListItem","@id":"https:\/\/www.iphone-ticker.de#listItem","name":"Home"}},{"@type":"ListItem","@id":"https:\/\/www.iphone-ticker.de\/ab-januar-2027-digitalminister-konkretisiert-plaene-fuer-staatliche-apps-274062\/#listItem","position":3,"name":"Ab Januar 2027: Digitalminister konkretisiert Pl\u00e4ne f\u00fcr staatliche Apps","previousItem":{"@type":"ListItem","@id":"https:\/\/www.iphone-ticker.de\/category\/apps\/#listItem","name":"Apps"}}]},{"@type":"NewsArticle","@id":"https:\/\/www.iphone-ticker.de\/ab-januar-2027-digitalminister-konkretisiert-plaene-fuer-staatliche-apps-274062\/#newsarticle","name":"Ab Januar 2027: Digitalminister konkretisiert Pl\u00e4ne f\u00fcr staatliche Apps | iphone-ticker.de","headline":"Ab Januar 2027: Digitalminister konkretisiert Pl\u00e4ne f\u00fcr staatliche Apps","author":{"@id":"https:\/\/www.iphone-ticker.de\/author\/admin\/#author"},"publisher":{"@id":"https:\/\/www.iphone-ticker.de\/#organization"},"image":{"@type":"ImageObject","url":"https:\/\/images.iphone-ticker.de\/wp-content\/uploads\/2026\/02\/Wildberger.jpg","@id":"https:\/\/www.iphone-ticker.de\/ab-januar-2027-digitalminister-konkretisiert-plaene-fuer-staatliche-apps-274062\/#articleImage"},"datePublished":"2026-03-05T07:28:37+01:00","dateModified":"2026-03-13T06:34:14+01:00","inLanguage":"de-DE","commentCount":62,"mainEntityOfPage":{"@id":"https:\/\/www.iphone-ticker.de\/ab-januar-2027-digitalminister-konkretisiert-plaene-fuer-staatliche-apps-274062\/#webpage"},"isPartOf":{"@id":"https:\/\/www.iphone-ticker.de\/ab-januar-2027-digitalminister-konkretisiert-plaene-fuer-staatliche-apps-274062\/#webpage"},"articleSection":"Apps, zz1A, B\u00fcrger-App, Digitalisierung, EUDI-Wallet","dateline":"Ver\u00f6ffentlicht am M\u00e4rz 5, 2026."},{"@type":"Organization","@id":"https:\/\/www.iphone-ticker.de\/#organization","name":"aketo GmbH","description":"Die aketo GmbH versorgt das deutschsprachige Internet mit den f\u00fchrenden Nachrichtenangeboten zu Apple, dem iPhone, dem iPad und Apples Lifestyle-Produkten. Konzepte, Redaktion, Recherchen und Archiv.","url":"https:\/\/www.iphone-ticker.de\/","email":"ifun.de@gmail.com","telephone":"+493057707123","foundingDate":"2007-01-01","logo":{"@type":"ImageObject","url":"https:\/\/images.iphone-ticker.de\/wp-content\/uploads\/2026\/02\/apple-touch-icon.png","@id":"https:\/\/www.iphone-ticker.de\/ab-januar-2027-digitalminister-konkretisiert-plaene-fuer-staatliche-apps-274062\/#organizationLogo","width":1024,"height":1024,"caption":"Apple Touch Icon"},"image":{"@id":"https:\/\/www.iphone-ticker.de\/ab-januar-2027-digitalminister-konkretisiert-plaene-fuer-staatliche-apps-274062\/#organizationLogo"},"sameAs":["https:\/\/facebook.com\/ifun.de","https:\/\/x.com\/iphoneticker"]},{"@type":"Person","@id":"https:\/\/www.iphone-ticker.de\/author\/admin\/#author","url":"https:\/\/www.iphone-ticker.de\/author\/admin\/","name":"Nicolas"},{"@type":"WebPage","@id":"https:\/\/www.iphone-ticker.de\/ab-januar-2027-digitalminister-konkretisiert-plaene-fuer-staatliche-apps-274062\/#webpage","url":"https:\/\/www.iphone-ticker.de\/ab-januar-2027-digitalminister-konkretisiert-plaene-fuer-staatliche-apps-274062\/","name":"Ab Januar 2027: Digitalminister konkretisiert Pl\u00e4ne f\u00fcr staatliche Apps | iphone-ticker.de","description":"Bundesregierung ver\u00f6ffentlicht Rede von Digitalminister Wildberger. Fokus auf B\u00fcrger-App, digitale Wallet und mobile Verwaltungsdienste f\u00fcr Smartphone-Nutzer.","inLanguage":"de-DE","isPartOf":{"@id":"https:\/\/www.iphone-ticker.de\/#website"},"breadcrumb":{"@id":"https:\/\/www.iphone-ticker.de\/ab-januar-2027-digitalminister-konkretisiert-plaene-fuer-staatliche-apps-274062\/#breadcrumblist"},"author":{"@id":"https:\/\/www.iphone-ticker.de\/author\/admin\/#author"},"creator":{"@id":"https:\/\/www.iphone-ticker.de\/author\/admin\/#author"},"datePublished":"2026-03-05T07:28:37+01:00","dateModified":"2026-03-13T06:34:14+01:00"},{"@type":"WebSite","@id":"https:\/\/www.iphone-ticker.de\/#website","url":"https:\/\/www.iphone-ticker.de\/","name":"iphone-ticker.de","description":"Alles zum iPhone. Seit 2007.","inLanguage":"de-DE","publisher":{"@id":"https:\/\/www.iphone-ticker.de\/#organization"}}]},"og:locale":"de_DE","og:site_name":"iphone-ticker.de | Alles zum iPhone. Seit 2007.","og:type":"article","og:title":"Ab Januar 2027: Digitalminister konkretisiert Pl\u00e4ne f\u00fcr staatliche Apps | iphone-ticker.de","og:description":"Bundesregierung ver\u00f6ffentlicht Rede von Digitalminister Wildberger. Fokus auf B\u00fcrger-App, digitale Wallet und mobile Verwaltungsdienste f\u00fcr Smartphone-Nutzer.","og:url":"https:\/\/www.iphone-ticker.de\/ab-januar-2027-digitalminister-konkretisiert-plaene-fuer-staatliche-apps-274062\/","article:published_time":"2026-03-05T06:28:37+00:00","article:modified_time":"2026-03-13T05:34:14+00:00","article:publisher":"https:\/\/facebook.com\/ifun.de","twitter:card":"summary_large_image","twitter:site":"@iphoneticker","twitter:title":"Ab Januar 2027: Digitalminister konkretisiert Pl\u00e4ne f\u00fcr staatliche Apps | iphone-ticker.de","twitter:description":"Bundesregierung ver\u00f6ffentlicht Rede von Digitalminister Wildberger. Fokus auf B\u00fcrger-App, digitale Wallet und mobile Verwaltungsdienste f\u00fcr Smartphone-Nutzer.","twitter:creator":"@iphoneticker"},"aioseo_meta_data":{"post_id":"274062","title":null,"description":"Bundesregierung ver\u00f6ffentlicht Rede von Digitalminister Wildberger. Fokus auf B\u00fcrger-App, digitale Wallet und mobile Verwaltungsdienste f\u00fcr Smartphone-Nutzer.","keywords":null,"keyphrases":{"focus":{"keyphrase":"","score":0,"analysis":{"keyphraseInTitle":{"score":0,"maxScore":9,"error":1}}},"additional":[]},"primary_term":null,"canonical_url":null,"og_title":null,"og_description":null,"og_object_type":"default","og_image_type":"default","og_image_url":null,"og_image_width":null,"og_image_height":null,"og_image_custom_url":null,"og_image_custom_fields":null,"og_video":"","og_custom_url":null,"og_article_section":null,"og_article_tags":null,"twitter_use_og":false,"twitter_card":"default","twitter_image_type":"default","twitter_image_url":null,"twitter_image_custom_url":null,"twitter_image_custom_fields":null,"twitter_title":null,"twitter_description":null,"schema":{"blockGraphs":[],"customGraphs":[],"default":{"data":{"Article":[],"Course":[],"Dataset":[],"FAQPage":[],"Movie":[],"Person":[],"Product":[],"ProductReview":[],"Car":[],"Recipe":[],"Service":[],"SoftwareApplication":[],"WebPage":[]},"graphName":"NewsArticle","isEnabled":true},"graphs":[]},"schema_type":"default","schema_type_options":null,"pillar_content":false,"robots_default":true,"robots_noindex":false,"robots_noarchive":false,"robots_nosnippet":false,"robots_nofollow":false,"robots_noimageindex":false,"robots_noodp":false,"robots_notranslate":false,"robots_max_snippet":"-1","robots_max_videopreview":"-1","robots_max_imagepreview":"large","priority":null,"frequency":"default","local_seo":null,"seo_analyzer_scan_date":"2026-07-07 04:41:54","breadcrumb_settings":null,"limit_modified_date":false,"open_ai":null,"ai":{"faqs":[],"keyPoints":[],"titles":[],"descriptions":[],"socialPosts":{"email":[],"linkedin":[],"twitter":[],"facebook":[],"instagram":[]}},"created":"2026-03-05 06:03:36","updated":"2026-07-07 04:41:54","focus_keyword":null,"additional_keywords":null,"truseo_locale":null},"aioseo_breadcrumb":"<div class=\"aioseo-breadcrumbs\"><span class=\"aioseo-breadcrumb\">\n\t<a href=\"https:\/\/www.iphone-ticker.de\" title=\"Home\">Home<\/a>\n<\/span><span class=\"aioseo-breadcrumb-separator\">\u00bb<\/span><span class=\"aioseo-breadcrumb\">\n\t<a href=\"https:\/\/www.iphone-ticker.de\/category\/apps\/\" title=\"Apps\">Apps<\/a>\n<\/span><span class=\"aioseo-breadcrumb-separator\">\u00bb<\/span><span class=\"aioseo-breadcrumb\">\n\tAb Januar 2027: Digitalminister konkretisiert Pl\u00e4ne f\u00fcr staatliche Apps\n<\/span><\/div>","aioseo_breadcrumb_json":[{"label":"Home","link":"https:\/\/www.iphone-ticker.de"},{"label":"Apps","link":"https:\/\/www.iphone-ticker.de\/category\/apps\/"},{"label":"Ab Januar 2027: Digitalminister konkretisiert Pl\u00e4ne f\u00fcr staatliche Apps","link":"https:\/\/www.iphone-ticker.de\/ab-januar-2027-digitalminister-konkretisiert-plaene-fuer-staatliche-apps-274062\/"}],"subheadline":["Wallet als Grundlage f\u00fcr digitale Beh\u00f6rdendienste"],"featured_image":["https:\/\/images.iphone-ticker.de\/wp-content\/uploads\/2026\/02\/buerger-app-wildberger-feature.jpg"],"rest_api_enabler":{"subheadline":"Wallet als Grundlage f\u00fcr digitale Beh\u00f6rdendienste","featured_image":"https:\/\/images.iphone-ticker.de\/wp-content\/uploads\/2026\/02\/buerger-app-wildberger-feature.jpg"},"_links":{"self":[{"href":"https:\/\/www.iphone-ticker.de\/apiv2\/wp\/v2\/posts\/274062","targetHints":{"allow":["GET"]}}],"collection":[{"href":"https:\/\/www.iphone-ticker.de\/apiv2\/wp\/v2\/posts"}],"about":[{"href":"https:\/\/www.iphone-ticker.de\/apiv2\/wp\/v2\/types\/post"}],"author":[{"embeddable":true,"href":"https:\/\/www.iphone-ticker.de\/apiv2\/wp\/v2\/users\/1"}],"replies":[{"embeddable":true,"href":"https:\/\/www.iphone-ticker.de\/apiv2\/wp\/v2\/comments?post=274062"}],"version-history":[{"count":1,"href":"https:\/\/www.iphone-ticker.de\/apiv2\/wp\/v2\/posts\/274062\/revisions"}],"predecessor-version":[{"id":274063,"href":"https:\/\/www.iphone-ticker.de\/apiv2\/wp\/v2\/posts\/274062\/revisions\/274063"}],"wp:attachment":[{"href":"https:\/\/www.iphone-ticker.de\/apiv2\/wp\/v2\/media?parent=274062"}],"wp:term":[{"taxonomy":"category","embeddable":true,"href":"https:\/\/www.iphone-ticker.de\/apiv2\/wp\/v2\/categories?post=274062"},{"taxonomy":"post_tag","embeddable":true,"href":"https:\/\/www.iphone-ticker.de\/apiv2\/wp\/v2\/tags?post=274062"}],"curies":[{"name":"wp","href":"https:\/\/api.w.org\/{rel}","templated":true}]}}