{"id":27348,"date":"2011-11-05T12:09:27","date_gmt":"2011-11-05T11:09:27","guid":{"rendered":"http:\/\/www.iphone-ticker.de\/?p=27348"},"modified":"2011-11-05T13:30:37","modified_gmt":"2011-11-05T12:30:37","slug":"iphone-verkauf-in-deutschland-verboten","status":"publish","type":"post","link":"https:\/\/www.iphone-ticker.de\/iphone-verkauf-in-deutschland-verboten-27348\/","title":{"rendered":"Landgericht Mannheim verbietet  Apple angeblich den iPhone-Vertrieb in Deutschland"},"content":{"rendered":"<p><img loading=\"lazy\" decoding=\"async\" src=\"http:\/\/www.iphone-ticker.de\/wp-content\/uploads\/2011\/11\/lgmannheim.jpg\" alt=\"\" title=\"lgmannheim\" width=\"206\" height=\"112\" class=\"alignright size-full wp-image-27349\" \/>Ein offenbar vom Landgereicht Mannheim gegen Apple verh\u00e4ngtes <a href=\"http:\/\/fosspatents.blogspot.com\/2011\/11\/motorola-mobility-apparently-won.html\">Urteil<\/a> sorgt heute f\u00fcr Aufregung und Unsicherheit. Der Richterspruch verbietet Apple wohl den Verkauf von Mobiltelefonen im Gebiet der Bundesrepublik Deutschland. Die Richter haben mit diesem Urteil einer Patentklage von Motorola stattgegeben.<\/p>\n<p>\u00dcber die direkte Auswirkung des Urteils herrscht momentan jedoch noch Unklarheit. Knackpunkt scheint unter anderem zu sein, dass Motorla gegen die in USA ans\u00e4ssige Apple Inc. und nicht gegen die deutsche Apple GmbH geklagt hat, eine direkte Wirkung auf den deutschen Markt somit noch umstritten ist.<\/p>\n<p>Wir wollen uns mit Spekulation noch zur\u00fcckhalten und warten auf weitere kl\u00e4rende Informationen sowie ein ausf\u00fchrliches Statement von Apple. Bislang hat der Konzern die Angelegenheit lediglich kurz und knapp mit folgenden Worten kommentiert:<\/p>\n<blockquote><p>This is a procedural issue, and has nothing to do with the merits of the case. It does not affect our ability to sell products or do business in Germany at this time. (<a href=\"http:\/\/news.cnet.com\/8301-13579_3-57319082-37\/can-motorola-now-block-iphone-ipad-sales-in-germany-nope\/\">via<\/a>)<\/p><\/blockquote>\n<p>Das Thema bzw. das Urteil (<a href=\"http:\/\/www.scribd.com\/doc\/71622154\/11-11-04-Default-Judgment-for-MMI-Against-Apple\">dieses<\/a> haben wir im Anschluss eingebettet) verspricht auf jeden Fall Spannung f\u00fcr die n\u00e4chsten Tage. <\/p>\n<p><a href=\"http:\/\/www.iphone-ticker.de\/wp-content\/uploads\/2011\/11\/urteil.jpg\"><img loading=\"lazy\" decoding=\"async\" src=\"http:\/\/www.iphone-ticker.de\/wp-content\/uploads\/2011\/11\/urteil.jpg\" alt=\"\" title=\"urteil\" width=\"464\" height=\"188\" class=\"aligncenter size-full wp-image-27361\" srcset=\"https:\/\/images.iphone-ticker.de\/wp-content\/uploads\/2011\/11\/urteil.jpg 464w, https:\/\/images.iphone-ticker.de\/wp-content\/uploads\/2011\/11\/urteil-300x121.jpg 300w\" sizes=\"auto, (max-width: 464px) 100vw, 464px\" \/><\/a><\/p>\n<p><!--more--><\/p>\n<p><a title=\"View 11-11-04 Default Judgment for MMI Against Apple on Scribd\" href=\"http:\/\/www.scribd.com\/doc\/71622154\/11-11-04-Default-Judgment-for-MMI-Against-Apple\" style=\"margin: 12px auto 6px auto; font-family: Helvetica,Arial,Sans-serif; font-style: normal; font-variant: normal; font-weight: normal; font-size: 14px; line-height: normal; font-size-adjust: none; font-stretch: normal; -x-system-font: none; display: block; text-decoration: underline;\">11-11-04 Default Judgment for MMI Against Apple<\/a><div class=\"responsive-video\"><iframe loading=\"lazy\" class=\"scribd_iframe_embed\" src=\"http:\/\/www.scribd.com\/embeds\/71622154\/content?start_page=1&#038;view_mode=list&#038;access_key=key-2l51dt9nj83mi07adrm2\" data-auto-height=\"false\" data-aspect-ratio=\"0.707514450867052\" scrolling=\"no\" id=\"doc_28844\" width=\"464\" height=\"716\" frameborder=\"0\"><\/iframe><\/div><\/p>\n","protected":false},"excerpt":{"rendered":"<a href=\"https:\/\/www.iphone-ticker.de\/iphone-verkauf-in-deutschland-verboten-27348\/\"><img width=\"150\" height=\"150\" src=\"https:\/\/images.iphone-ticker.de\/wp-content\/uploads\/2011\/11\/urteil-150x150.jpg\" class=\"alignright tfe wp-post-image\" alt=\"\" decoding=\"async\" loading=\"lazy\" \/><\/a><p>Ein offenbar vom Landgereicht Mannheim gegen Apple verh\u00e4ngtes Urteil sorgt heute f\u00fcr Aufregung und Unsicherheit. Der Richterspruch verbietet Apple wohl den Verkauf von Mobiltelefonen im Gebiet der Bundesrepublik Deutschland. Die Richter haben mit diesem Urteil einer Patentklage von Motorola stattgegeben. \u00dcber die direkte Auswirkung des Urteils herrscht momentan jedoch noch Unklarheit. Knackpunkt scheint unter anderem [&hellip;]<\/p>\n","protected":false},"author":2,"featured_media":27361,"comment_status":"open","ping_status":"closed","sticky":false,"template":"","format":"standard","meta":{"footnotes":""},"categories":[14],"tags":[3912,1022,344,261,1023],"class_list":["post-27348","post","type-post","status-publish","format-standard","has-post-thumbnail","hentry","category-apple","tag-apple","tag-gericht","tag-iphone","tag-patent","tag-urteil"],"aioseo_notices":[],"rest_api_enabler":[],"_links":{"self":[{"href":"https:\/\/www.iphone-ticker.de\/apiv2\/wp\/v2\/posts\/27348","targetHints":{"allow":["GET"]}}],"collection":[{"href":"https:\/\/www.iphone-ticker.de\/apiv2\/wp\/v2\/posts"}],"about":[{"href":"https:\/\/www.iphone-ticker.de\/apiv2\/wp\/v2\/types\/post"}],"author":[{"embeddable":true,"href":"https:\/\/www.iphone-ticker.de\/apiv2\/wp\/v2\/users\/2"}],"replies":[{"embeddable":true,"href":"https:\/\/www.iphone-ticker.de\/apiv2\/wp\/v2\/comments?post=27348"}],"version-history":[{"count":10,"href":"https:\/\/www.iphone-ticker.de\/apiv2\/wp\/v2\/posts\/27348\/revisions"}],"predecessor-version":[{"id":27353,"href":"https:\/\/www.iphone-ticker.de\/apiv2\/wp\/v2\/posts\/27348\/revisions\/27353"}],"wp:featuredmedia":[{"embeddable":true,"href":"https:\/\/www.iphone-ticker.de\/apiv2\/wp\/v2\/media\/27361"}],"wp:attachment":[{"href":"https:\/\/www.iphone-ticker.de\/apiv2\/wp\/v2\/media?parent=27348"}],"wp:term":[{"taxonomy":"category","embeddable":true,"href":"https:\/\/www.iphone-ticker.de\/apiv2\/wp\/v2\/categories?post=27348"},{"taxonomy":"post_tag","embeddable":true,"href":"https:\/\/www.iphone-ticker.de\/apiv2\/wp\/v2\/tags?post=27348"}],"curies":[{"name":"wp","href":"https:\/\/api.w.org\/{rel}","templated":true}]}}