{"id":2722,"date":"2008-05-05T13:54:09","date_gmt":"2008-05-05T11:54:09","guid":{"rendered":"http:\/\/www.iphone-ticker.de\/2008\/05\/05\/t-mobile-umts-iphone-kommt-nach-osterreich\/"},"modified":"2008-05-05T14:13:06","modified_gmt":"2008-05-05T12:13:06","slug":"t-mobile-umts-iphone-kommt-nach-osterreich","status":"publish","type":"post","link":"https:\/\/www.iphone-ticker.de\/t-mobile-umts-iphone-kommt-nach-osterreich-2722\/","title":{"rendered":"T-Mobile: UMTS-iPhone kommt nach \u00d6sterreich"},"content":{"rendered":"<p><img src='http:\/\/www.iphone-ticker.de\/wp-content\/uploads\/2008\/05\/oesterreich.jpg' alt='oesterreich.jpg' align=\"right\" \/>T-Mobile \u00d6sterreich hat im Rahmen einer Pressekonferenz verlauten lassen, dass die Alpenrepublik als eines der ersten L\u00e4nder weltweit das von Apple bislang nicht best\u00e4tigte UMTS-iPhone erhalten soll. In diesem Zusammenhang wolle man auch weitere, flexible Tarifangebote einf\u00fchren, sagte T-Mobile Marketingchefs Hendrik Kasteel.<\/p>\n<p>Damit lehnt man sich bei T-Mobile \u00d6sterreich weit aus dem Fenster, Apple sieht es bekanntlich nicht gerne, wenn \u00fcber nicht offiziell best\u00e4tigte Produkte aus dem eigenen Haus gesprochen wird. Bleibt also auf jeden Fall abzuwarten, in wie weit sich die zweifellos Publicity bringenden Schlagzeilen am Ende bewahrheiten.<br \/>\n<i>(via <a href=\"http:\/\/derstandard.at\/?url=\/?id=3325657\" target=\"_blank\">derStandard.at<\/a> &#8211; Danke f\u00fcr eure Mails!)<\/i><\/p>\n","protected":false},"excerpt":{"rendered":"<a href=\"https:\/\/www.iphone-ticker.de\/t-mobile-umts-iphone-kommt-nach-osterreich-2722\/\"><img decoding=\"async\" width=\"150\" src=\"http:\/\/www.iphone-ticker.de\/wp-content\/uploads\/2008\/05\/oesterreich.jpg\" class=\"alignright wp-post-image tfe\" alt=\"oesterreich.jpg\" title=\"\" \/><\/a><p>T-Mobile \u00d6sterreich hat im Rahmen einer Pressekonferenz verlauten lassen, dass die Alpenrepublik als eines der ersten L\u00e4nder weltweit das von Apple bislang nicht best\u00e4tigte UMTS-iPhone erhalten soll. In diesem Zusammenhang wolle man auch weitere, flexible Tarifangebote einf\u00fchren, sagte T-Mobile Marketingchefs Hendrik Kasteel. Damit lehnt man sich bei T-Mobile \u00d6sterreich weit aus dem Fenster, Apple sieht [&hellip;]<\/p>\n","protected":false},"author":2,"featured_media":0,"comment_status":"open","ping_status":"open","sticky":false,"template":"","format":"standard","meta":{"footnotes":""},"categories":[1],"tags":[3910],"class_list":["post-2722","post","type-post","status-publish","format-standard","hentry","category-news","tag-rumors"],"aioseo_notices":[],"rest_api_enabler":[],"_links":{"self":[{"href":"https:\/\/www.iphone-ticker.de\/apiv2\/wp\/v2\/posts\/2722","targetHints":{"allow":["GET"]}}],"collection":[{"href":"https:\/\/www.iphone-ticker.de\/apiv2\/wp\/v2\/posts"}],"about":[{"href":"https:\/\/www.iphone-ticker.de\/apiv2\/wp\/v2\/types\/post"}],"author":[{"embeddable":true,"href":"https:\/\/www.iphone-ticker.de\/apiv2\/wp\/v2\/users\/2"}],"replies":[{"embeddable":true,"href":"https:\/\/www.iphone-ticker.de\/apiv2\/wp\/v2\/comments?post=2722"}],"version-history":[{"count":0,"href":"https:\/\/www.iphone-ticker.de\/apiv2\/wp\/v2\/posts\/2722\/revisions"}],"wp:attachment":[{"href":"https:\/\/www.iphone-ticker.de\/apiv2\/wp\/v2\/media?parent=2722"}],"wp:term":[{"taxonomy":"category","embeddable":true,"href":"https:\/\/www.iphone-ticker.de\/apiv2\/wp\/v2\/categories?post=2722"},{"taxonomy":"post_tag","embeddable":true,"href":"https:\/\/www.iphone-ticker.de\/apiv2\/wp\/v2\/tags?post=2722"}],"curies":[{"name":"wp","href":"https:\/\/api.w.org\/{rel}","templated":true}]}}