{"id":272100,"date":"2026-01-29T15:46:39","date_gmt":"2026-01-29T14:46:39","guid":{"rendered":"https:\/\/www.iphone-ticker.de\/?p=272100"},"modified":"2026-02-04T20:18:44","modified_gmt":"2026-02-04T19:18:44","slug":"airtag-der-2-generation-lautsprecheraufbau-staerker-verklebt","status":"publish","type":"post","link":"https:\/\/www.iphone-ticker.de\/airtag-der-2-generation-lautsprecheraufbau-staerker-verklebt-272100\/","title":{"rendered":"AirTag der 2. Generation: Lautsprecheraufbau st\u00e4rker verklebt"},"content":{"rendered":"<p>Kurz nach dem Marktstart des AirTag der zweiten Generation haben sich Bastler und Sicherheitsforscher mit dem neuen Tracker besch\u00e4ftigt <a href=\"https:\/\/infosec.exchange\/@stacksmashing\/115972508786871909\">und erste Zerlegearbeiten ver\u00f6ffentlicht<\/a>. Im Mittelpunkt steht weniger der Funktionsumfang, der sich \u00e4u\u00dferlich kaum vom Vorg\u00e4nger unterscheidet, sondern der innere Aufbau.<\/p>\n<p><a href=\"https:\/\/images.iphone-ticker.de\/wp-content\/uploads\/2026\/01\/stacksmashing-airtag-single-2500.jpg\"><img loading=\"lazy\" decoding=\"async\" class=\"aligncenter size-medium wp-image-272103\" src=\"https:\/\/images.iphone-ticker.de\/wp-content\/uploads\/2026\/01\/stacksmashing-airtag-single-2500-500x466.jpg\" alt=\"Stacksmashing Airtag Single 2500\" width=\"500\" height=\"466\" srcset=\"https:\/\/images.iphone-ticker.de\/wp-content\/uploads\/2026\/01\/stacksmashing-airtag-single-2500-500x466.jpg 500w, https:\/\/images.iphone-ticker.de\/wp-content\/uploads\/2026\/01\/stacksmashing-airtag-single-2500-700x652.jpg 700w, https:\/\/images.iphone-ticker.de\/wp-content\/uploads\/2026\/01\/stacksmashing-airtag-single-2500-1536x1430.jpg 1536w, https:\/\/images.iphone-ticker.de\/wp-content\/uploads\/2026\/01\/stacksmashing-airtag-single-2500-2048x1907.jpg 2048w\" sizes=\"auto, (max-width: 500px) 100vw, 500px\" \/><\/a><\/p>\n<h6><a href=\"https:\/\/infosec.exchange\/@stacksmashing\/115972508786871909\">Die neuen AirTags von innen | Bild: @stacksmashing<\/a><\/h6>\n<p>Die Analysen liefern Hinweise darauf, welche Komponenten Apple beibehalten hat und an welchen Stellen Ver\u00e4nderungen vorgenommen wurden.<\/p>\n<h2>Aufbau der Elektronik und bekannte Bauteile<\/h2>\n<p>Nach dem \u00d6ffnen zeigt sich, dass die grundlegende Architektur dem ersten AirTag \u00e4hnelt. Weiterhin vorhanden sind ein Beschleunigungssensor sowie zahlreiche Testpunkte auf der Platine, die in Aufbau und Anordnung an die erste Generation erinnern. Auch das Ultra-Wideband-Modul, das f\u00fcr die pr\u00e4zise Ortung im Nahbereich genutzt wird, sitzt an vergleichbarer Position und ist \u00fcber eine sichtbare Antennenverbindung angebunden.<\/p>\n<p><a href=\"https:\/\/images.iphone-ticker.de\/wp-content\/uploads\/2026\/01\/stacksmashing-airtag-scaled.jpg\"><img loading=\"lazy\" decoding=\"async\" class=\"aligncenter size-large wp-image-272101\" src=\"https:\/\/images.iphone-ticker.de\/wp-content\/uploads\/2026\/01\/stacksmashing-airtag-700x467.jpg\" alt=\"Stacksmashing Airtag\" width=\"700\" height=\"467\" srcset=\"https:\/\/images.iphone-ticker.de\/wp-content\/uploads\/2026\/01\/stacksmashing-airtag-700x467.jpg 700w, https:\/\/images.iphone-ticker.de\/wp-content\/uploads\/2026\/01\/stacksmashing-airtag-500x333.jpg 500w, https:\/\/images.iphone-ticker.de\/wp-content\/uploads\/2026\/01\/stacksmashing-airtag-1536x1024.jpg 1536w, https:\/\/images.iphone-ticker.de\/wp-content\/uploads\/2026\/01\/stacksmashing-airtag-2048x1365.jpg 2048w\" sizes=\"auto, (max-width: 700px) 100vw, 700px\" \/><\/a><\/p>\n<p>Als Hauptprozessor kommt erneut ein Mikrocontroller aus der Nordic-Serie zum Einsatz. Es handelt sich <a href=\"https:\/\/www.nordicsemi.com\/Products\/nRF52840\">um einen nRF52840<\/a>, der bereits im Vorg\u00e4nger verwendet wurde. Einzelne Variantenkennzeichnungen tauchen allerdings nicht in \u00f6ffentlich zug\u00e4nglichen Datenbl\u00e4ttern auf. Das deutet darauf hin, dass es sich um eine speziell angepasste Version handeln k\u00f6nnte. Beobachter vermuten zus\u00e4tzliche Schutzmechanismen, die den Zugriff auf interne Speicherbereiche erschweren sollen.<\/p>\n<h2>Lautsprecheraufbau st\u00e4rker verklebt<\/h2>\n<p>Neu beziehungsweise erneut best\u00e4tigt wurde der Einsatz eines externen Flash-Speichers von Winbond mit einer Kapazit\u00e4t von 64 Megabit. Obwohl der Mikrocontroller selbst internen Flash besitzt, lagert Apple offenbar Teile der Firmware oder Daten bewusst aus. Als Gr\u00fcnde werden eine robustere Update-Strategie oder Platzreserven f\u00fcr k\u00fcnftige Funktionen diskutiert.<\/p>\n<p><div class=\"responsive-video\"><iframe src=\"https:\/\/www.iphone-ticker.de\/yt\/index.html?v=M3nyQY6kwGc\" allow=\"autoplay; fullscreen; picture-in-picture; encrypted-media\" referrerpolicy=\"strict-origin-when-cross-origin\" allowfullscreen><\/iframe><\/div><\/p>\n<p>Mechanisch f\u00e4llt auf, dass die Platine insgesamt etwas d\u00fcnner wirkt als beim Vorg\u00e4nger. Auch die Anordnung von Batterieanschl\u00fcssen und Testpads wurde leicht ver\u00e4ndert. Der Lautsprecheraufbau mit Spule und Magnet ist weiterhin in das Kunststoffgeh\u00e4use integriert, scheint aber st\u00e4rker verklebt zu sein. Das k\u00f6nnte Reparaturen oder Modifikationen erschweren.<\/p>\n<p>In der Praxis verhalten sich die neuen AirTags beim Koppeln mit dem iPhone weitgehend identisch zur ersten Generation. Die akustischen Signale unterscheiden sich nur minimal in der Tonh\u00f6he. Insgesamt zeigen die bisherigen Zerlegearbeiten, dass Apple hier \u00fcberschaubare Produktpflege geleistet hat.<\/p>\n<script>\r\n  function open_amazon(link) {\r\n    if (navigator.userAgent.indexOf(\"Firefox\") != -1) {\r\n      window.open(link, '_blank');\r\n    } else {\r\n      var tag = document.createElement('a');\r\n      tag.setAttribute('href', link);\r\n      tag.innerHTML = \"amzn\";\r\n      tag.click();\r\n    }\r\n  }\r\n<\/script>\r\n    <div id=\"article-single-amazon-preview\" onclick=\"return open_amazon('https:\/\/www.amazon.de\/dp\/B0GJTCB2QM?tag=musicweb02&linkCode=ogi&th=1&psc=1');\">\n  <div id=\"article-single-amazon-preview-header\">\n    <span class=\"title\">Produkthinweis<\/span>\n      <\/div>\n  <div id=\"article-single-amazon-preview-content\">\n    <div id=\"article-single-amazon-preview-img\" style=\"background: url('https:\/\/m.media-amazon.com\/images\/I\/31vYEVBoriL.jpg') center center no-repeat; background-size: cover;\"><\/div>\n    <div id=\"article-single-amazon-preview-desc\">\n      <span class=\"bezeichnung\"><a href=\"https:\/\/www.amazon.de\/dp\/B0GJTCB2QM?tag=musicweb02&linkCode=ogi&th=1&psc=1\" style=\"text-decoration: none; border-bottom: 0px; box-shadow: none;\">Apple AirTag (2. Generation): Tracker f\u00fcr Schl\u00fcsselbund, Portemonnaie und mehr: Ortungsger\u00e4t mit Ton, einfache...<\/a><\/span>\n      <span class=\"preis--aktuell\">29,99 EUR<\/span>\n      <span class=\"preis--alt\">35,00 EUR<\/span>\n    <\/div>\n  <\/div>\n<\/div>\n<script>\r\n  function open_amazon(link) {\r\n    if (navigator.userAgent.indexOf(\"Firefox\") != -1) {\r\n      window.open(link, '_blank');\r\n    } else {\r\n      var tag = document.createElement('a');\r\n      tag.setAttribute('href', link);\r\n      tag.innerHTML = \"amzn\";\r\n      tag.click();\r\n    }\r\n  }\r\n<\/script>\r\n    <div id=\"article-single-amazon-preview\" onclick=\"return open_amazon('https:\/\/www.amazon.de\/dp\/B0GJTMMWRS?tag=musicweb02&linkCode=ogi&th=1&psc=1');\">\n  <div id=\"article-single-amazon-preview-header\">\n    <span class=\"title\">Produkthinweis<\/span>\n      <\/div>\n  <div id=\"article-single-amazon-preview-content\">\n    <div id=\"article-single-amazon-preview-img\" style=\"background: url('https:\/\/m.media-amazon.com\/images\/I\/31hwyC1oiDL.jpg') center center no-repeat; background-size: cover;\"><\/div>\n    <div id=\"article-single-amazon-preview-desc\">\n      <span class=\"bezeichnung\"><a href=\"https:\/\/www.amazon.de\/dp\/B0GJTMMWRS?tag=musicweb02&linkCode=ogi&th=1&psc=1\" style=\"text-decoration: none; border-bottom: 0px; box-shadow: none;\">Apple AirTag (2. Generation) 4er Pack: Tracker f\u00fcr Schl\u00fcsselbund, Portemonnaie und mehr: Ortungsger\u00e4t mit Ton...<\/a><\/span>\n      <span class=\"preis--aktuell\">86,99 EUR<\/span>\n      <span class=\"preis--alt\">119,00 EUR<\/span>\n    <\/div>\n  <\/div>\n<\/div>\n<p><img loading=\"lazy\" decoding=\"async\" src=\"https:\/\/vg07.met.vgwort.de\/na\/9e420b5379114b7393858a6b9329c8f6\" width=\"1\" height=\"1\"  no-lazy class=\"tracking\"><\/p>\n","protected":false},"excerpt":{"rendered":"<a href=\"https:\/\/www.iphone-ticker.de\/airtag-der-2-generation-lautsprecheraufbau-staerker-verklebt-272100\/\"><img width=\"150\" height=\"150\" src=\"https:\/\/images.iphone-ticker.de\/wp-content\/uploads\/2026\/01\/airtag-von-innen-150x150.jpg\" class=\"alignright tfe wp-post-image\" alt=\"Airtag Von Innen\" decoding=\"async\" loading=\"lazy\" \/><\/a><p>Kurz nach dem Marktstart des AirTag der zweiten Generation haben sich Bastler und Sicherheitsforscher mit dem neuen Tracker besch\u00e4ftigt und erste Zerlegearbeiten ver\u00f6ffentlicht. Im Mittelpunkt steht weniger der Funktionsumfang, der sich \u00e4u\u00dferlich kaum vom Vorg\u00e4nger unterscheidet, sondern der innere Aufbau. Die neuen AirTags von innen | Bild: @stacksmashing Die Analysen liefern Hinweise darauf, welche Komponenten [&hellip;]<\/p>\n","protected":false},"author":1,"featured_media":272104,"comment_status":"open","ping_status":"closed","sticky":false,"template":"","format":"standard","meta":{"footnotes":""},"categories":[1,1975],"tags":[5031,3912,8],"class_list":["post-272100","post","type-post","status-publish","format-standard","has-post-thumbnail","hentry","category-news","category-feature","tag-airtags","tag-apple","tag-video"],"aioseo_notices":[],"subheadline":["Erste Innenansichten zeigen \u00c4nderungen"],"featured_image":["https:\/\/images.iphone-ticker.de\/wp-content\/uploads\/2026\/01\/airtag-von-innen.jpg"],"rest_api_enabler":{"subheadline":"Erste Innenansichten zeigen \u00c4nderungen","featured_image":"https:\/\/images.iphone-ticker.de\/wp-content\/uploads\/2026\/01\/airtag-von-innen.jpg"},"_links":{"self":[{"href":"https:\/\/www.iphone-ticker.de\/apiv2\/wp\/v2\/posts\/272100","targetHints":{"allow":["GET"]}}],"collection":[{"href":"https:\/\/www.iphone-ticker.de\/apiv2\/wp\/v2\/posts"}],"about":[{"href":"https:\/\/www.iphone-ticker.de\/apiv2\/wp\/v2\/types\/post"}],"author":[{"embeddable":true,"href":"https:\/\/www.iphone-ticker.de\/apiv2\/wp\/v2\/users\/1"}],"replies":[{"embeddable":true,"href":"https:\/\/www.iphone-ticker.de\/apiv2\/wp\/v2\/comments?post=272100"}],"version-history":[{"count":3,"href":"https:\/\/www.iphone-ticker.de\/apiv2\/wp\/v2\/posts\/272100\/revisions"}],"predecessor-version":[{"id":272110,"href":"https:\/\/www.iphone-ticker.de\/apiv2\/wp\/v2\/posts\/272100\/revisions\/272110"}],"wp:featuredmedia":[{"embeddable":true,"href":"https:\/\/www.iphone-ticker.de\/apiv2\/wp\/v2\/media\/272104"}],"wp:attachment":[{"href":"https:\/\/www.iphone-ticker.de\/apiv2\/wp\/v2\/media?parent=272100"}],"wp:term":[{"taxonomy":"category","embeddable":true,"href":"https:\/\/www.iphone-ticker.de\/apiv2\/wp\/v2\/categories?post=272100"},{"taxonomy":"post_tag","embeddable":true,"href":"https:\/\/www.iphone-ticker.de\/apiv2\/wp\/v2\/tags?post=272100"}],"curies":[{"name":"wp","href":"https:\/\/api.w.org\/{rel}","templated":true}]}}