{"id":272077,"date":"2026-01-29T11:53:52","date_gmt":"2026-01-29T10:53:52","guid":{"rendered":"https:\/\/www.iphone-ticker.de\/?p=272077"},"modified":"2026-01-29T12:01:16","modified_gmt":"2026-01-29T11:01:16","slug":"halide-mitgruender-sebastiaan-de-with-wechselt-zu-apple","status":"publish","type":"post","link":"https:\/\/www.iphone-ticker.de\/halide-mitgruender-sebastiaan-de-with-wechselt-zu-apple-272077\/","title":{"rendered":"Halide-Mitgr\u00fcnder Sebastiaan de With wechselt zu Apple"},"content":{"rendered":"<p>Der Designer und Entwickler <a href=\"https:\/\/x.com\/sdw\/status\/2016627602342179024\">Sebastiaan de With<\/a> ist Teil des Design-Teams von Apple geworden. De With z\u00e4hlt zu den pr\u00e4genden K\u00f6pfen hinter der iPhone-Kamera-App <a href=\"https:\/\/www.ifun.de\/app\/885697368\">Halide<\/a> und ist in der Apple-Community seit Jahren pr\u00e4sent.<\/p>\n<blockquote class=\"twitter-tweet\" data-conversation=\"none\" data-cards=\"hidden\">\n<p dir=\"ltr\" lang=\"en\">Some big personal news: I\u2019ve joined the Design Team at Apple.<\/p>\n<p>So excited to work with the very best team in the world on my favorite products. &#x270c;&#xfe0f; <a href=\"https:\/\/t.co\/9gzU4ziIJ7\">pic.twitter.com\/9gzU4ziIJ7<\/a><\/p>\n<p>\u2014 Sebastiaan de With (@sdw) <a href=\"https:\/\/twitter.com\/sdw\/status\/2016627602342179024?ref_src=twsrc%5Etfw\">January 28, 2026<\/a><\/p><\/blockquote>\n<p><script async src=\"https:\/\/platform.twitter.com\/widgets.js\" charset=\"utf-8\"><\/script><\/p>\n<p>Mit dem Wechsel kehrt de With zu Apple zur\u00fcck und kehrt den eigenen Projekten, zu den neben <a href=\"https:\/\/halide.cam\/\">Halide<\/a> auch <a href=\"https:\/\/spectre.cam\/\">Spectre<\/a> und <a href=\"https:\/\/www.shotwithkino.com\/\">Kino<\/a> z\u00e4hlen, vorerst den R\u00fccken.<\/p>\n<p>De With gilt als Entwickler mit starkem Fokus auf Gestaltung und Bedienkonzepte. Seine Arbeiten besch\u00e4ftigen sich h\u00e4ufig mit der Frage, wie komplexe Kameratechnik auf dem iPhone f\u00fcr Nutzer verst\u00e4ndlich und kontrollierbar bleibt. Diese Perspektive pr\u00e4gte auch die preisgekr\u00f6nte Kamera-App Halide, die ihren Anwendern zus\u00e4tzliche manuelle Eingriffe erm\u00f6glicht.<\/p>\n<p><div class=\"responsive-video\"><iframe src=\"https:\/\/www.iphone-ticker.de\/yt\/index.html?v=MJJBGm5fxHg\" allow=\"autoplay; fullscreen; picture-in-picture; encrypted-media\" referrerpolicy=\"strict-origin-when-cross-origin\" allowfullscreen><\/iframe><\/div><\/p>\n<h6>Sebastiaan de With bei einem Video-Interview im Anschluss an die WWDC 2025<\/h6>\n<h2>R\u00fcckkehr zu Apple mit Designfokus<\/h2>\n<p>Die Personalie f\u00e4llt in eine Phase, in der sich Apples Designorganisation neu sortiert. In den vergangenen Jahren gab es mehrere personelle Ver\u00e4nderungen an zentralen Stellen. Zuletzt verlie\u00df sogar der langj\u00e4hrige Software-Designchef <a href=\"https:\/\/www.ifun.de\/liquid-tschuess-apple-verliert-chefdesigner-an-meta-270491\/\">Alan Dye das Unternehmen<\/a>. Zugleich wurden Zust\u00e4ndigkeiten zwischen Hard- und Software-Design enger zusammengef\u00fchrt.<\/p>\n<ul>\n<li><strong>Liquid Tsch\u00fcss:<\/strong> <a title=\"Liquid Tsch\u00fcss: Apple verliert Chefdesigner an Meta\" href=\"https:\/\/www.ifun.de\/liquid-tschuess-apple-verliert-chefdesigner-an-meta-270491\/\">Apple verliert Chefdesigner an Meta<\/a><\/li>\n<\/ul>\n<p>De Withs R\u00fcckkehr passt in dieses Bild. Als Entwickler mit Erfahrung sowohl in Softwaregestaltung als auch in der praktischen Umsetzung k\u00f6nnte er in Bereichen arbeiten, in denen Nutzeroberfl\u00e4chen, Kameratechnik und Systemfunktionen zusammenkommen.<\/p>\n<h2>Halide bleibt eigenst\u00e4ndig<\/h2>\n<p>Mit dem Wechsel stellt sich auch die Frage nach der Zukunft von Halide und dem dahinterstehenden <a href=\"https:\/\/www.lux.camera\/iphone-17-pro-camera-review-rule-of-three\/\">Entwicklerstudio Lux<\/a>. Nach <a href=\"https:\/\/old.reddit.com\/r\/apple\/comments\/1qpq9jl\/lux_cofounder_and_halide_ux_designer_joins_apple\/o2b4vln\/\">Angaben des Unternehmens<\/a> bleibt die App vorerst unabh\u00e4ngig. Die Weiterentwicklung soll fortgesetzt werden. Lux betont, dass De Withs Rolle bei Apple keinen Einfluss auf den Fortbestand der App habe.<\/p>\n<p>F\u00fcr Nutzer bleibt zun\u00e4chst offen, an welchen Produkten oder Systemfunktionen sich de Withs Handschrift k\u00fcnftig zeigen wird.<\/p>\n<!-- WP-Appbox (Version: 4.5.12 \/\/ Store: appstore \/\/ ID: 6472380172) -->\t<!-- app-link -->\n\t<div id=\"article-single-app-preview\">\n\t\t<div id=\"article-single-app-preview-header\">\n\t\t\t<span class=\"title\">Laden im App Store<\/span>\n\t\t<\/div>\n\t\t<div id=\"article-single-app-preview-content\">\n\t\t\t<div id=\"article-single-app-preview-img\"><img loading=\"lazy\" decoding=\"async\" src=\"\/\/www.iphone-ticker.de\/wp-content\/cache\/wp-appbox\/b088ace6718518d212dc4ebfdbdb9e82\/ai-245490c9c525768164e4672c7b06c595\" alt=\"Kino - Pro Videokamera\"  height=\"72\" width=\"72\" class=\"asl-icon-img\" \/><\/div>\n\t\t\t<div id=\"article-single-app-preview-desc\">\n\t\t\t\t<span class=\"name\">Kino - Pro Videokamera<\/span><br \/>\n\t\t\t\t<span class=\"seller\">Entwickler: <a target=\"_blank\" rel=\"nofollow\" href=\"https:\/\/apps.apple.com\/de\/developer\/lux-optics-incorporated\/id885697371\">Lux Optics Incorporated<\/a><\/span>\n\t\t\t<\/div>\n\t\t\t<a target=\"_blank\" rel=\"nofollow\" href=\"https:\/\/apps.apple.com\/de\/app\/kino-pro-videokamera\/id6472380172\"><div id=\"article-single-app-preview-download\">Preis: 9,99\u00a0\u20ac<br \/>\n\t\t\t<span class=\"size\">Laden<\/span><\/div><\/a>\n\t\t<\/div>\n\t\t<!-- <div id=\"article-single-app-preview-footer\"><\/div>\t-->\n\t<\/div>\n\t<!-- app-link\/ende --><!-- \/WP-Appbox -->\n<!-- WP-Appbox (Version: 4.5.12 \/\/ Store: appstore \/\/ ID: 885697368) -->\t<!-- app-link -->\n\t<div id=\"article-single-app-preview\">\n\t\t<div id=\"article-single-app-preview-header\">\n\t\t\t<span class=\"title\">Laden im App Store<\/span>\n\t\t<\/div>\n\t\t<div id=\"article-single-app-preview-content\">\n\t\t\t<div id=\"article-single-app-preview-img\"><img loading=\"lazy\" decoding=\"async\" src=\"\/\/www.iphone-ticker.de\/wp-content\/cache\/wp-appbox\/e459f10736a57d0dafb708ca650dcc7b-deprecated\/ai-4444f070a69e1238c1fbb1f2f6386674\" alt=\"Halide Mark II - Pro Camera\"  height=\"72\" width=\"72\" class=\"asl-icon-img\" \/><\/div>\n\t\t\t<div id=\"article-single-app-preview-desc\">\n\t\t\t\t<span class=\"name\">Halide Mark II - Pro Camera<\/span><br \/>\n\t\t\t\t<span class=\"seller\">Entwickler: <a target=\"_blank\" rel=\"nofollow\" href=\"https:\/\/apps.apple.com\/de\/developer\/lux-optics-incorporated\/id885697371\">Lux Optics Incorporated<\/a><\/span>\n\t\t\t<\/div>\n\t\t\t<a target=\"_blank\" rel=\"nofollow\" href=\"https:\/\/apps.apple.com\/de\/app\/halide-mark-ii-pro-camera\/id885697368\"><div id=\"article-single-app-preview-download\">Preis: Kostenlos<sup>+<\/sup><br \/>\n\t\t\t<span class=\"size\">Laden<\/span><\/div><\/a>\n\t\t<\/div>\n\t\t<!-- <div id=\"article-single-app-preview-footer\"><\/div>\t-->\n\t<\/div>\n\t<!-- app-link\/ende --><!-- \/WP-Appbox -->\n<!-- WP-Appbox (Version: 4.5.12 \/\/ Store: appstore \/\/ ID: 1450074595) -->\t<!-- app-link -->\n\t<div id=\"article-single-app-preview\">\n\t\t<div id=\"article-single-app-preview-header\">\n\t\t\t<span class=\"title\">Laden im App Store<\/span>\n\t\t<\/div>\n\t\t<div id=\"article-single-app-preview-content\">\n\t\t\t<div id=\"article-single-app-preview-img\"><img loading=\"lazy\" decoding=\"async\" src=\"\/\/www.iphone-ticker.de\/wp-content\/cache\/wp-appbox\/a4775439e132ff1ecdc0ea0c3f9868de\/ai-1d2f64066e86fbc053d08275a56edb7e\" alt=\"Spectre Kamera\"  height=\"72\" width=\"72\" class=\"asl-icon-img\" \/><\/div>\n\t\t\t<div id=\"article-single-app-preview-desc\">\n\t\t\t\t<span class=\"name\">Spectre Kamera<\/span><br \/>\n\t\t\t\t<span class=\"seller\">Entwickler: <a target=\"_blank\" rel=\"nofollow\" href=\"https:\/\/apps.apple.com\/de\/developer\/lux-optics-incorporated\/id885697371\">Lux Optics Incorporated<\/a><\/span>\n\t\t\t<\/div>\n\t\t\t<a target=\"_blank\" rel=\"nofollow\" href=\"https:\/\/apps.apple.com\/de\/app\/spectre-kamera\/id1450074595\"><div id=\"article-single-app-preview-download\">Preis: Kostenlos<sup>+<\/sup><br \/>\n\t\t\t<span class=\"size\">Laden<\/span><\/div><\/a>\n\t\t<\/div>\n\t\t<!-- <div id=\"article-single-app-preview-footer\"><\/div>\t-->\n\t<\/div>\n\t<!-- app-link\/ende --><!-- \/WP-Appbox -->\n<p><img loading=\"lazy\" decoding=\"async\" src=\"https:\/\/vg07.met.vgwort.de\/na\/489d7f06398f4e908da5254bbfa5395d\" width=\"1\" height=\"1\"  no-lazy class=\"tracking\"><\/p>\n","protected":false},"excerpt":{"rendered":"<a href=\"https:\/\/www.iphone-ticker.de\/halide-mitgruender-sebastiaan-de-with-wechselt-zu-apple-272077\/\"><img width=\"150\" height=\"150\" src=\"https:\/\/images.iphone-ticker.de\/wp-content\/uploads\/2026\/01\/sebastian-d-w-150x150.jpg\" class=\"alignright tfe wp-post-image\" alt=\"Sebastian D W\" decoding=\"async\" loading=\"lazy\" \/><\/a><p>Der Designer und Entwickler Sebastiaan de With ist Teil des Design-Teams von Apple geworden. De With z\u00e4hlt zu den pr\u00e4genden K\u00f6pfen hinter der iPhone-Kamera-App Halide und ist in der Apple-Community seit Jahren pr\u00e4sent. Some big personal news: I\u2019ve joined the Design Team at Apple. So excited to work with the very best team in the [&hellip;]<\/p>\n","protected":false},"author":1,"featured_media":272078,"comment_status":"open","ping_status":"closed","sticky":false,"template":"","format":"standard","meta":{"footnotes":""},"categories":[1],"tags":[3912,3914,78,139,6363],"class_list":["post-272077","post","type-post","status-publish","format-standard","has-post-thumbnail","hentry","category-news","tag-apple","tag-apps","tag-design","tag-kamera","tag-personalie"],"aioseo_notices":[],"subheadline":["R\u00fcckkehr zu Apple mit Designfokus"],"featured_image":["https:\/\/images.iphone-ticker.de\/wp-content\/uploads\/2022\/02\/halide-feature.jpg"],"rest_api_enabler":{"subheadline":"R\u00fcckkehr zu Apple mit Designfokus","featured_image":"https:\/\/images.iphone-ticker.de\/wp-content\/uploads\/2022\/02\/halide-feature.jpg"},"_links":{"self":[{"href":"https:\/\/www.iphone-ticker.de\/apiv2\/wp\/v2\/posts\/272077","targetHints":{"allow":["GET"]}}],"collection":[{"href":"https:\/\/www.iphone-ticker.de\/apiv2\/wp\/v2\/posts"}],"about":[{"href":"https:\/\/www.iphone-ticker.de\/apiv2\/wp\/v2\/types\/post"}],"author":[{"embeddable":true,"href":"https:\/\/www.iphone-ticker.de\/apiv2\/wp\/v2\/users\/1"}],"replies":[{"embeddable":true,"href":"https:\/\/www.iphone-ticker.de\/apiv2\/wp\/v2\/comments?post=272077"}],"version-history":[{"count":4,"href":"https:\/\/www.iphone-ticker.de\/apiv2\/wp\/v2\/posts\/272077\/revisions"}],"predecessor-version":[{"id":272086,"href":"https:\/\/www.iphone-ticker.de\/apiv2\/wp\/v2\/posts\/272077\/revisions\/272086"}],"wp:featuredmedia":[{"embeddable":true,"href":"https:\/\/www.iphone-ticker.de\/apiv2\/wp\/v2\/media\/272078"}],"wp:attachment":[{"href":"https:\/\/www.iphone-ticker.de\/apiv2\/wp\/v2\/media?parent=272077"}],"wp:term":[{"taxonomy":"category","embeddable":true,"href":"https:\/\/www.iphone-ticker.de\/apiv2\/wp\/v2\/categories?post=272077"},{"taxonomy":"post_tag","embeddable":true,"href":"https:\/\/www.iphone-ticker.de\/apiv2\/wp\/v2\/tags?post=272077"}],"curies":[{"name":"wp","href":"https:\/\/api.w.org\/{rel}","templated":true}]}}