{"id":272067,"date":"2026-01-30T17:04:25","date_gmt":"2026-01-30T16:04:25","guid":{"rendered":"https:\/\/www.iphone-ticker.de\/?p=272067"},"modified":"2026-02-08T11:50:59","modified_gmt":"2026-02-08T10:50:59","slug":"hoerbar-lauter-so-klingen-die-airtags-der-2-generation","status":"publish","type":"post","link":"https:\/\/www.iphone-ticker.de\/hoerbar-lauter-so-klingen-die-airtags-der-2-generation-272067\/","title":{"rendered":"H\u00f6rbar lauter: So klingen die AirTags der 2. Generation"},"content":{"rendered":"<p>Apple hat die <a href=\"https:\/\/www.iphone-ticker.de\/apple-stellt-airtag-in-neuer-generation-vor-271816\">zweite Generation des AirTag<\/a> unter anderem mit einem kr\u00e4ftigeren Lautsprecher angek\u00fcndigt. Kurz nach dem Marktstart zeigen erste Videos in sozialen Netzwerken, wie sich der neue Signalton im Alltag verh\u00e4lt.<\/p>\n<p><a href=\"https:\/\/images.iphone-ticker.de\/wp-content\/uploads\/2026\/01\/airtag-2-apple.png\"><img loading=\"lazy\" decoding=\"async\" class=\"aligncenter size-medium wp-image-271835\" src=\"https:\/\/images.iphone-ticker.de\/wp-content\/uploads\/2026\/01\/airtag-2-apple-500x370.png\" alt=\"Airtag 2 Apple\" width=\"500\" height=\"370\" srcset=\"https:\/\/images.iphone-ticker.de\/wp-content\/uploads\/2026\/01\/airtag-2-apple-500x370.png 500w, https:\/\/images.iphone-ticker.de\/wp-content\/uploads\/2026\/01\/airtag-2-apple.png 698w\" sizes=\"auto, (max-width: 500px) 100vw, 500px\" \/><\/a><\/p>\n<p>Der Fokus liegt dabei weniger auf technischen Daten, sondern auf der praktischen Frage, ob sich verlegte Gegenst\u00e4nde schneller akustisch orten lassen als zuvor.<\/p>\n<h2>Der Signalton im direkten Vergleich<\/h2>\n<p>In einem <a href=\"https:\/\/x.com\/finjassauer\/status\/2016564967386894650\">unpr\u00e4tenti\u00f6sen Vergleichsvideo<\/a> stellt Finjas Sauer beide Generationen direkt gegen\u00fcber. Die Demonstration erfolgt dabei in Innenr\u00e4umen, also in einer Umgebung, in der M\u00f6bel, W\u00e4nde und andere Hindernisse den Ton d\u00e4mpfen k\u00f6nnen. Um die Unterschiede greifbarer zu machen, kommt die Mess-App <a href=\"https:\/\/www.ifun.de\/app\/448155923\">Dezibel X<\/a> auf einem iPad zum Einsatz.<\/p>\n<p><center><\/p>\n<blockquote class=\"twitter-tweet\" data-media-max-width=\"700\">\n<p lang=\"de\" dir=\"ltr\">Der Sound vom neuen AirTag ist echt eine deutliche Verbesserung. L\u00e4sst sich wesentlich besser \u00fcber gr\u00f6\u00dfere Entfernungen oder durch W\u00e4nde hindurch h\u00f6ren als der Ton vom alten. <a href=\"https:\/\/t.co\/ExNiyfRuW2\">pic.twitter.com\/ExNiyfRuW2<\/a><\/p>\n<p>&mdash; Finjas Sauer (@finjassauer) <a href=\"https:\/\/twitter.com\/finjassauer\/status\/2016564967386894650?ref_src=twsrc%5Etfw\">January 28, 2026<\/a><\/p><\/blockquote>\n<p><\/center> <script async src=\"https:\/\/platform.twitter.com\/widgets.js\" charset=\"utf-8\"><\/script><\/p>\n<p>Die aufgezeichneten Werte zeigen, dass der neue AirTag h\u00f6rbar h\u00f6here Schalldruckpegel erreicht als das Vorg\u00e4ngermodell. Entscheidender als die exakten Zahlen ist jedoch der subjektive Eindruck. Der Ton bleibt \u00fcber gr\u00f6\u00dfere Distanzen klar wahrnehmbar und verliert auch dann weniger an Pr\u00e4senz, wenn sich der AirTag nicht im selben Raum befindet. Genau hier lagen bei der ersten Generation h\u00e4ufig die Grenzen, etwa wenn Schl\u00fcssel zwischen Polstern oder in Taschen verschwanden.<\/p>\n<h2>&#8222;50% lauterer Lautsprecher&#8220;<\/h2>\n<p>Bereits zum Start der neuen AirTags hat Apple auf das \u00fcberarbeitete Innenleben hingewiesen. Neben einer erweiterten Reichweite f\u00fcr die Nahbereichsortung setzt Apple nun auch st\u00e4rker auf akustische Unterst\u00fctzung.<\/p>\n<p><a href=\"https:\/\/images.iphone-ticker.de\/wp-content\/uploads\/2026\/01\/airtag-2-generation-bento.jpg\"><img loading=\"lazy\" decoding=\"async\" src=\"https:\/\/images.iphone-ticker.de\/wp-content\/uploads\/2026\/01\/airtag-2-generation-bento-700x700.jpg\" alt=\"Airtag 2 Generation Bento\" width=\"700\" height=\"700\" class=\"aligncenter size-large wp-image-272026\" srcset=\"https:\/\/images.iphone-ticker.de\/wp-content\/uploads\/2026\/01\/airtag-2-generation-bento-700x700.jpg 700w, https:\/\/images.iphone-ticker.de\/wp-content\/uploads\/2026\/01\/airtag-2-generation-bento-500x500.jpg 500w, https:\/\/images.iphone-ticker.de\/wp-content\/uploads\/2026\/01\/airtag-2-generation-bento-150x150.jpg 150w, https:\/\/images.iphone-ticker.de\/wp-content\/uploads\/2026\/01\/airtag-2-generation-bento.jpg 1499w\" sizes=\"auto, (max-width: 700px) 100vw, 700px\" \/><\/a><\/p>\n<p>Der lautere Lautsprecher erg\u00e4nzt die visuelle F\u00fchrung in der \u201eWo ist?\u201c-App und soll vor allem in typischen Alltagssituationen helfen, in denen das iPhone zwar eine ungef\u00e4hre Richtung anzeigt, der genaue Fundort aber unklar bleibt.<\/p>\n<p>Wer den AirTag bisher vor allem in der Wohnung oder im B\u00fcro genutzt hat, d\u00fcrfte den Unterschied schneller bemerken als Nutzer, die sich auf die Kartenansicht verlassen.<\/p>\n<script>\r\n  function open_amazon(link) {\r\n    if (navigator.userAgent.indexOf(\"Firefox\") != -1) {\r\n      window.open(link, '_blank');\r\n    } else {\r\n      var tag = document.createElement('a');\r\n      tag.setAttribute('href', link);\r\n      tag.innerHTML = \"amzn\";\r\n      tag.click();\r\n    }\r\n  }\r\n<\/script>\r\n    <div id=\"article-single-amazon-preview\" onclick=\"return open_amazon('https:\/\/www.amazon.de\/dp\/B0GJTCB2QM?tag=musicweb02&linkCode=ogi&th=1&psc=1');\">\n  <div id=\"article-single-amazon-preview-header\">\n    <span class=\"title\">Produkthinweis<\/span>\n      <\/div>\n  <div id=\"article-single-amazon-preview-content\">\n    <div id=\"article-single-amazon-preview-img\" style=\"background: url('https:\/\/m.media-amazon.com\/images\/I\/31vYEVBoriL.jpg') center center no-repeat; background-size: cover;\"><\/div>\n    <div id=\"article-single-amazon-preview-desc\">\n      <span class=\"bezeichnung\"><a href=\"https:\/\/www.amazon.de\/dp\/B0GJTCB2QM?tag=musicweb02&linkCode=ogi&th=1&psc=1\" style=\"text-decoration: none; border-bottom: 0px; box-shadow: none;\">Apple AirTag (2. Generation): Tracker f\u00fcr Schl\u00fcsselbund, Portemonnaie und mehr: Ortungsger\u00e4t mit Ton, einfache...<\/a><\/span>\n      <span class=\"preis--aktuell\">29,99 EUR<\/span>\n      <span class=\"preis--alt\">35,00 EUR<\/span>\n    <\/div>\n  <\/div>\n<\/div>\n<script>\r\n  function open_amazon(link) {\r\n    if (navigator.userAgent.indexOf(\"Firefox\") != -1) {\r\n      window.open(link, '_blank');\r\n    } else {\r\n      var tag = document.createElement('a');\r\n      tag.setAttribute('href', link);\r\n      tag.innerHTML = \"amzn\";\r\n      tag.click();\r\n    }\r\n  }\r\n<\/script>\r\n    <div id=\"article-single-amazon-preview\" onclick=\"return open_amazon('https:\/\/www.amazon.de\/dp\/B0GJTMMWRS?tag=musicweb02&linkCode=ogi&th=1&psc=1');\">\n  <div id=\"article-single-amazon-preview-header\">\n    <span class=\"title\">Produkthinweis<\/span>\n      <\/div>\n  <div id=\"article-single-amazon-preview-content\">\n    <div id=\"article-single-amazon-preview-img\" style=\"background: url('https:\/\/m.media-amazon.com\/images\/I\/31hwyC1oiDL.jpg') center center no-repeat; background-size: cover;\"><\/div>\n    <div id=\"article-single-amazon-preview-desc\">\n      <span class=\"bezeichnung\"><a href=\"https:\/\/www.amazon.de\/dp\/B0GJTMMWRS?tag=musicweb02&linkCode=ogi&th=1&psc=1\" style=\"text-decoration: none; border-bottom: 0px; box-shadow: none;\">Apple AirTag (2. Generation) 4er Pack: Tracker f\u00fcr Schl\u00fcsselbund, Portemonnaie und mehr: Ortungsger\u00e4t mit Ton...<\/a><\/span>\n      <span class=\"preis--aktuell\">86,99 EUR<\/span>\n      <span class=\"preis--alt\">119,00 EUR<\/span>\n    <\/div>\n  <\/div>\n<\/div>\n<p><div class=\"responsive-video\"><iframe src=\"https:\/\/www.iphone-ticker.de\/yt\/index.html?v=PcSzaZnSxKA\" allow=\"autoplay; fullscreen; picture-in-picture; encrypted-media\" referrerpolicy=\"strict-origin-when-cross-origin\" allowfullscreen><\/iframe><\/div><\/p>\n<p><img loading=\"lazy\" decoding=\"async\" src=\"https:\/\/vg07.met.vgwort.de\/na\/fa1b7fe1c2944d27a1c58302c184697a\" width=\"1\" height=\"1\"  no-lazy class=\"tracking\"><\/p>\n","protected":false},"excerpt":{"rendered":"<a href=\"https:\/\/www.iphone-ticker.de\/hoerbar-lauter-so-klingen-die-airtags-der-2-generation-272067\/\"><img width=\"150\" height=\"150\" src=\"https:\/\/images.iphone-ticker.de\/wp-content\/uploads\/2026\/01\/airtag-apple-feature-150x150.jpg\" class=\"alignright tfe wp-post-image\" alt=\"Airtag Apple Feature\" decoding=\"async\" loading=\"lazy\" \/><\/a><p>Apple hat die zweite Generation des AirTag unter anderem mit einem kr\u00e4ftigeren Lautsprecher angek\u00fcndigt. Kurz nach dem Marktstart zeigen erste Videos in sozialen Netzwerken, wie sich der neue Signalton im Alltag verh\u00e4lt. Der Fokus liegt dabei weniger auf technischen Daten, sondern auf der praktischen Frage, ob sich verlegte Gegenst\u00e4nde schneller akustisch orten lassen als zuvor. [&hellip;]<\/p>\n","protected":false},"author":1,"featured_media":272068,"comment_status":"open","ping_status":"closed","sticky":false,"template":"","format":"standard","meta":{"footnotes":""},"categories":[24,1975],"tags":[4905,3912,1651],"class_list":["post-272067","post","type-post","status-publish","format-standard","has-post-thumbnail","hentry","category-zubehor","category-feature","tag-airtag","tag-apple","tag-lautstarke"],"aioseo_notices":[],"featured_image":["https:\/\/images.iphone-ticker.de\/wp-content\/uploads\/2026\/01\/airtag-apple-feature.jpg"],"subheadline":["Der Signalton im direkten Vergleich"],"rest_api_enabler":{"featured_image":"https:\/\/images.iphone-ticker.de\/wp-content\/uploads\/2026\/01\/airtag-apple-feature.jpg","subheadline":"Der Signalton im direkten Vergleich"},"_links":{"self":[{"href":"https:\/\/www.iphone-ticker.de\/apiv2\/wp\/v2\/posts\/272067","targetHints":{"allow":["GET"]}}],"collection":[{"href":"https:\/\/www.iphone-ticker.de\/apiv2\/wp\/v2\/posts"}],"about":[{"href":"https:\/\/www.iphone-ticker.de\/apiv2\/wp\/v2\/types\/post"}],"author":[{"embeddable":true,"href":"https:\/\/www.iphone-ticker.de\/apiv2\/wp\/v2\/users\/1"}],"replies":[{"embeddable":true,"href":"https:\/\/www.iphone-ticker.de\/apiv2\/wp\/v2\/comments?post=272067"}],"version-history":[{"count":4,"href":"https:\/\/www.iphone-ticker.de\/apiv2\/wp\/v2\/posts\/272067\/revisions"}],"predecessor-version":[{"id":272184,"href":"https:\/\/www.iphone-ticker.de\/apiv2\/wp\/v2\/posts\/272067\/revisions\/272184"}],"wp:featuredmedia":[{"embeddable":true,"href":"https:\/\/www.iphone-ticker.de\/apiv2\/wp\/v2\/media\/272068"}],"wp:attachment":[{"href":"https:\/\/www.iphone-ticker.de\/apiv2\/wp\/v2\/media?parent=272067"}],"wp:term":[{"taxonomy":"category","embeddable":true,"href":"https:\/\/www.iphone-ticker.de\/apiv2\/wp\/v2\/categories?post=272067"},{"taxonomy":"post_tag","embeddable":true,"href":"https:\/\/www.iphone-ticker.de\/apiv2\/wp\/v2\/tags?post=272067"}],"curies":[{"name":"wp","href":"https:\/\/api.w.org\/{rel}","templated":true}]}}