{"id":272023,"date":"2026-01-28T18:00:24","date_gmt":"2026-01-28T17:00:24","guid":{"rendered":"https:\/\/www.iphone-ticker.de\/?p=272023"},"modified":"2026-01-28T18:08:44","modified_gmt":"2026-01-28T17:08:44","slug":"neue-airtags-2-generation-jetzt-bei-amazon-erhaeltlich","status":"publish","type":"post","link":"https:\/\/www.iphone-ticker.de\/neue-airtags-2-generation-jetzt-bei-amazon-erhaeltlich-272023\/","title":{"rendered":"Neue AirTags: 2. Generation jetzt bei Amazon erh\u00e4ltlich"},"content":{"rendered":"<p>Apple hat die zweite Generation seiner AirTags <a href=\"https:\/\/www.iphone-ticker.de\/apple-stellt-airtag-in-neuer-generation-vor-271816\/\">am Montag zun\u00e4chst<\/a> \u00fcber den eigenen Online-Store in den Verkauf gebracht. Inzwischen sind die neuen Bluetooth-Tracker <a rel=\"noindex, nofollow\" href=\"https:\/\/www.amazon.de\/s?k=B0GJTCB2QM%7CB0GJTMMWRS&amp;__mk_de_DE=%C3%85M%C3%85%C5%BD%C3%95%C3%91&amp;crid=1V01U1GUSCTUM&amp;sprefix=b0gjtcb2qm+b0gjtmmwrs%2Caps%2C100&amp;linkCode=ll2&amp;tag=musicweb02&amp;linkId=0bdd86224ec2fd9f140fdb74ef046775&amp;language=de_DE&amp;ref_=as_li_ss_tl\">auch bei Amazon gelistet<\/a>. Damit erweitert sich der Kreis der Bezugsquellen, was vor allem f\u00fcr Anwender interessant ist, die sich Versandkosten sparen oder eine schnellere Lieferung nutzen wollen.<\/p>\n<p><a href=\"https:\/\/images.iphone-ticker.de\/wp-content\/uploads\/2026\/01\/airtag-modell.png\"><img loading=\"lazy\" decoding=\"async\" class=\"aligncenter size-medium wp-image-272024\" src=\"https:\/\/images.iphone-ticker.de\/wp-content\/uploads\/2026\/01\/airtag-modell-500x500.png\" alt=\"Airtag Modell\" width=\"500\" height=\"500\" srcset=\"https:\/\/images.iphone-ticker.de\/wp-content\/uploads\/2026\/01\/airtag-modell-500x500.png 500w, https:\/\/images.iphone-ticker.de\/wp-content\/uploads\/2026\/01\/airtag-modell-700x700.png 700w, https:\/\/images.iphone-ticker.de\/wp-content\/uploads\/2026\/01\/airtag-modell-150x150.png 150w, https:\/\/images.iphone-ticker.de\/wp-content\/uploads\/2026\/01\/airtag-modell.png 1500w\" sizes=\"auto, (max-width: 500px) 100vw, 500px\" \/><\/a><\/p>\n<h6>Bis auf die Modellbezeichnung identisch: A2187 bezeichnet die 1. Generation<\/h6>\n<h2>Verf\u00fcgbarkeit bei Drittanbietern startet<\/h2>\n<p>Preislich orientiert sich Amazon zum Auftakt am offiziellen Apple-Niveau. Einzelne <a href=\"https:\/\/www.ifun.de\/amzn\/B0GJTCB2QM\">AirTags werden zu 35 Euro<\/a> angeboten, das <a href=\"https:\/\/www.ifun.de\/amzn\/B0GJTMMWRS\">Viererpack kostet 119 Euro<\/a>. Die gleichen Preise werden <a href=\"https:\/\/pvn.mediamarkt.de\/trck\/eclick\/fc83c8529e5e66bc06069a46d7cd6934\">auch bei MediaMarkt<\/a> aufgerufen. G\u00fcnstiger zwar als der UVP der ersten Generation, aber teurer als der Vorg\u00e4nger.  Kurzfristige Preisnachl\u00e4sse erwarten wir erstmal nicht, da es sich um eine neu eingef\u00fchrte Produktgeneration handelt.<\/p>\n<p>F\u00fcr viele Nutzer ist der Kauf \u00fcber Amazon dennoch attraktiv. Prime-Kunden profitieren von kurzer Lieferzeit, zudem lassen sich Bestellungen oft mit anderen Eink\u00e4ufen kombinieren.<\/p>\n<h2>Technische Merkmale zur Unterscheidung<\/h2>\n<p>\u00c4u\u00dferlich unterscheidet sich die zweite Generation <a href=\"https:\/\/support.apple.com\/de-de\/126203\">nicht vom bisherigen Modell<\/a>. Abmessungen und Design bleiben unver\u00e4ndert. Technisch setzt Apple jedoch auf einen neuen Ultrabreitband-Chip der zweiten Generation. Dieser verbessert die Nahbereichssuche, bei der der Standort eines verlorenen Gegenstands aus der N\u00e4he exakt angezeigt wird. Die Reichweite dieser Funktion wurde laut Apple um etwa 50 Prozent erh\u00f6ht.<\/p>\n<p><a href=\"https:\/\/images.iphone-ticker.de\/wp-content\/uploads\/2026\/01\/airtag-2-generation-bento.jpg\"><img loading=\"lazy\" decoding=\"async\" class=\"aligncenter size-large wp-image-272026\" src=\"https:\/\/images.iphone-ticker.de\/wp-content\/uploads\/2026\/01\/airtag-2-generation-bento-700x700.jpg\" alt=\"Airtag 2 Generation Bento\" width=\"700\" height=\"700\" srcset=\"https:\/\/images.iphone-ticker.de\/wp-content\/uploads\/2026\/01\/airtag-2-generation-bento-700x700.jpg 700w, https:\/\/images.iphone-ticker.de\/wp-content\/uploads\/2026\/01\/airtag-2-generation-bento-500x500.jpg 500w, https:\/\/images.iphone-ticker.de\/wp-content\/uploads\/2026\/01\/airtag-2-generation-bento-150x150.jpg 150w, https:\/\/images.iphone-ticker.de\/wp-content\/uploads\/2026\/01\/airtag-2-generation-bento.jpg 1499w\" sizes=\"auto, (max-width: 700px) 100vw, 700px\" \/><\/a><\/p>\n<p>Auch der integrierte Lautsprecher f\u00e4llt lauter aus, was das Auffinden verdeckter AirTags erleichtern soll. Erg\u00e4nzend kommt eine modernere Bluetooth-Technik zum Einsatz, die die Erkennung \u00fcber gr\u00f6\u00dfere Distanzen unterst\u00fctzt. Neu ist zudem die M\u00f6glichkeit, die Nahbereichssuche direkt \u00fcber kompatible Apple-Watch-Modelle zu nutzen.<\/p>\n<p>Da alte und neue AirTags \u00e4u\u00dferlich gleich aussehen, lohnt sich das Wissen um die Modellnummer. W\u00e4hrend die erste Generation die Kennzeichnung A2187 tr\u00e4gt, lautet die Modellnummer der aktuellen Version A2937. Diese Angabe findet sich auf der Verpackung und nach dem \u00d6ffnen auch im Inneren des Ger\u00e4ts.<\/p>\n<script>\r\n  function open_amazon(link) {\r\n    if (navigator.userAgent.indexOf(\"Firefox\") != -1) {\r\n      window.open(link, '_blank');\r\n    } else {\r\n      var tag = document.createElement('a');\r\n      tag.setAttribute('href', link);\r\n      tag.innerHTML = \"amzn\";\r\n      tag.click();\r\n    }\r\n  }\r\n<\/script>\r\n    <div id=\"article-single-amazon-preview\" onclick=\"return open_amazon('https:\/\/www.amazon.de\/dp\/B0GJTCB2QM?tag=musicweb02&linkCode=ogi&th=1&psc=1');\">\n  <div id=\"article-single-amazon-preview-header\">\n    <span class=\"title\">Produkthinweis<\/span>\n      <\/div>\n  <div id=\"article-single-amazon-preview-content\">\n    <div id=\"article-single-amazon-preview-img\" style=\"background: url('https:\/\/m.media-amazon.com\/images\/I\/31vYEVBoriL.jpg') center center no-repeat; background-size: cover;\"><\/div>\n    <div id=\"article-single-amazon-preview-desc\">\n      <span class=\"bezeichnung\"><a href=\"https:\/\/www.amazon.de\/dp\/B0GJTCB2QM?tag=musicweb02&linkCode=ogi&th=1&psc=1\" style=\"text-decoration: none; border-bottom: 0px; box-shadow: none;\">Apple AirTag (2. Generation): Tracker f\u00fcr Schl\u00fcsselbund, Portemonnaie und mehr: Ortungsger\u00e4t mit Ton, einfache...<\/a><\/span>\n      <span class=\"preis--aktuell\">29,99 EUR<\/span>\n      <span class=\"preis--alt\">35,00 EUR<\/span>\n    <\/div>\n  <\/div>\n<\/div>\n<script>\r\n  function open_amazon(link) {\r\n    if (navigator.userAgent.indexOf(\"Firefox\") != -1) {\r\n      window.open(link, '_blank');\r\n    } else {\r\n      var tag = document.createElement('a');\r\n      tag.setAttribute('href', link);\r\n      tag.innerHTML = \"amzn\";\r\n      tag.click();\r\n    }\r\n  }\r\n<\/script>\r\n    <div id=\"article-single-amazon-preview\" onclick=\"return open_amazon('https:\/\/www.amazon.de\/dp\/B0GJTMMWRS?tag=musicweb02&linkCode=ogi&th=1&psc=1');\">\n  <div id=\"article-single-amazon-preview-header\">\n    <span class=\"title\">Produkthinweis<\/span>\n      <\/div>\n  <div id=\"article-single-amazon-preview-content\">\n    <div id=\"article-single-amazon-preview-img\" style=\"background: url('https:\/\/m.media-amazon.com\/images\/I\/31hwyC1oiDL.jpg') center center no-repeat; background-size: cover;\"><\/div>\n    <div id=\"article-single-amazon-preview-desc\">\n      <span class=\"bezeichnung\"><a href=\"https:\/\/www.amazon.de\/dp\/B0GJTMMWRS?tag=musicweb02&linkCode=ogi&th=1&psc=1\" style=\"text-decoration: none; border-bottom: 0px; box-shadow: none;\">Apple AirTag (2. Generation) 4er Pack: Tracker f\u00fcr Schl\u00fcsselbund, Portemonnaie und mehr: Ortungsger\u00e4t mit Ton...<\/a><\/span>\n      <span class=\"preis--aktuell\">86,99 EUR<\/span>\n      <span class=\"preis--alt\">119,00 EUR<\/span>\n    <\/div>\n  <\/div>\n<\/div>\n<p><div class=\"responsive-video\"><iframe src=\"https:\/\/www.ifun.de\/yt\/index.html?v=Jylbd-SF28k\" allow=\"autoplay; fullscreen; picture-in-picture; encrypted-media\" referrerpolicy=\"strict-origin-when-cross-origin\" allowfullscreen><\/iframe><\/div><\/p>\n<p><img loading=\"lazy\" decoding=\"async\" src=\"https:\/\/vg07.met.vgwort.de\/na\/8635336e1dcf45ae96d1559289df0a2a\" width=\"1\" height=\"1\"  no-lazy class=\"tracking\"><\/p>\n","protected":false},"excerpt":{"rendered":"<a href=\"https:\/\/www.iphone-ticker.de\/neue-airtags-2-generation-jetzt-bei-amazon-erhaeltlich-272023\/\"><img width=\"150\" height=\"150\" src=\"https:\/\/images.iphone-ticker.de\/wp-content\/uploads\/2026\/01\/airtag-2-generation-bento-150x150.jpg\" class=\"alignright tfe wp-post-image\" alt=\"Airtag 2 Generation Bento\" decoding=\"async\" loading=\"lazy\" srcset=\"https:\/\/images.iphone-ticker.de\/wp-content\/uploads\/2026\/01\/airtag-2-generation-bento-150x150.jpg 150w, https:\/\/images.iphone-ticker.de\/wp-content\/uploads\/2026\/01\/airtag-2-generation-bento-500x500.jpg 500w, https:\/\/images.iphone-ticker.de\/wp-content\/uploads\/2026\/01\/airtag-2-generation-bento-700x700.jpg 700w, https:\/\/images.iphone-ticker.de\/wp-content\/uploads\/2026\/01\/airtag-2-generation-bento.jpg 1499w\" sizes=\"auto, (max-width: 150px) 100vw, 150px\" \/><\/a><p>Apple hat die zweite Generation seiner AirTags am Montag zun\u00e4chst \u00fcber den eigenen Online-Store in den Verkauf gebracht. Inzwischen sind die neuen Bluetooth-Tracker auch bei Amazon gelistet. Damit erweitert sich der Kreis der Bezugsquellen, was vor allem f\u00fcr Anwender interessant ist, die sich Versandkosten sparen oder eine schnellere Lieferung nutzen wollen. Bis auf die Modellbezeichnung [&hellip;]<\/p>\n","protected":false},"author":1,"featured_media":272026,"comment_status":"open","ping_status":"closed","sticky":false,"template":"","format":"standard","meta":{"footnotes":""},"categories":[24],"tags":[4905,254,3912],"class_list":["post-272023","post","type-post","status-publish","format-standard","has-post-thumbnail","hentry","category-zubehor","tag-airtag","tag-amazon","tag-apple"],"aioseo_notices":[],"featured_image":["https:\/\/images.iphone-ticker.de\/wp-content\/uploads\/2026\/01\/airtags-gen2-feature.jpg"],"subheadline":["Lauter, moderner, auffindbarer"],"rest_api_enabler":{"featured_image":"https:\/\/images.iphone-ticker.de\/wp-content\/uploads\/2026\/01\/airtags-gen2-feature.jpg","subheadline":"Lauter, moderner, auffindbarer"},"_links":{"self":[{"href":"https:\/\/www.iphone-ticker.de\/apiv2\/wp\/v2\/posts\/272023","targetHints":{"allow":["GET"]}}],"collection":[{"href":"https:\/\/www.iphone-ticker.de\/apiv2\/wp\/v2\/posts"}],"about":[{"href":"https:\/\/www.iphone-ticker.de\/apiv2\/wp\/v2\/types\/post"}],"author":[{"embeddable":true,"href":"https:\/\/www.iphone-ticker.de\/apiv2\/wp\/v2\/users\/1"}],"replies":[{"embeddable":true,"href":"https:\/\/www.iphone-ticker.de\/apiv2\/wp\/v2\/comments?post=272023"}],"version-history":[{"count":3,"href":"https:\/\/www.iphone-ticker.de\/apiv2\/wp\/v2\/posts\/272023\/revisions"}],"predecessor-version":[{"id":272034,"href":"https:\/\/www.iphone-ticker.de\/apiv2\/wp\/v2\/posts\/272023\/revisions\/272034"}],"wp:featuredmedia":[{"embeddable":true,"href":"https:\/\/www.iphone-ticker.de\/apiv2\/wp\/v2\/media\/272026"}],"wp:attachment":[{"href":"https:\/\/www.iphone-ticker.de\/apiv2\/wp\/v2\/media?parent=272023"}],"wp:term":[{"taxonomy":"category","embeddable":true,"href":"https:\/\/www.iphone-ticker.de\/apiv2\/wp\/v2\/categories?post=272023"},{"taxonomy":"post_tag","embeddable":true,"href":"https:\/\/www.iphone-ticker.de\/apiv2\/wp\/v2\/tags?post=272023"}],"curies":[{"name":"wp","href":"https:\/\/api.w.org\/{rel}","templated":true}]}}