{"id":271944,"date":"2026-01-27T16:13:18","date_gmt":"2026-01-27T15:13:18","guid":{"rendered":"https:\/\/www.iphone-ticker.de\/?p=271944"},"modified":"2026-02-03T06:54:34","modified_gmt":"2026-02-03T05:54:34","slug":"iphone-18-pro-hinweise-auf-kleinere-dynamic-island","status":"publish","type":"post","link":"https:\/\/www.iphone-ticker.de\/iphone-18-pro-hinweise-auf-kleinere-dynamic-island-271944\/","title":{"rendered":"iPhone 18 Pro: Hinweise auf kleinere Dynamic Island"},"content":{"rendered":"<p>Ger\u00fcchte um das kommende iPhone 18 Pro verdichten sich weiter. Mehrere Berichte gehen davon aus, dass Apple bei den Pro-Modellen die sogenannte Dynamic Island verkleinern will.<\/p>\n<blockquote class=\"twitter-tweet\" data-conversation=\"none\" data-cards=\"hidden\">\n<p lang=\"en\" dir=\"ltr\">The Dynamic Island cutout width on the iPhone 18 Pro and iPhone 18 Pro Max has been reduced from 20.76 mm to 13.49 mm, representing a reduction of approximately 35%. <a href=\"https:\/\/t.co\/dLnUdCts7z\">pic.twitter.com\/dLnUdCts7z<\/a><\/p>\n<p>&mdash; Ice Universe (@UniverseIce) <a href=\"https:\/\/twitter.com\/UniverseIce\/status\/2014500620347285549?ref_src=twsrc%5Etfw\">January 23, 2026<\/a><\/p><\/blockquote>\n<p> <script async src=\"https:\/\/platform.twitter.com\/widgets.js\" charset=\"utf-8\"><\/script><\/p>\n<p>Inzwischen kursieren erstmals konkrete Ma\u00dfangaben, die von <a href=\"https:\/\/x.com\/UniverseIce\/status\/2014500620347285549\">einem Social-Media-Account stammen<\/a>, der sich in der Vergangenheit mit vorab ver\u00f6ffentlichten Informationen aus der Smartphone-Branche einen Namen gemacht hat und dabei mehrfach richtig lag.<\/p>\n<h2>Deutlich geringere Breite des Ausschnitts<\/h2>\n<p>Nach diesen Angaben soll die Dynamic Island beim iPhone 18 Pro und beim iPhone 18 Pro Max rund 35 Prozent schmaler ausfallen als bei den aktuellen iPhone-17-Pro-Modellen. Genannt wird eine Breite von etwa 13,5 Millimetern, w\u00e4hrend der bisherige Ausschnitt bei rund 20,7 Millimetern liegt.<\/p>\n<p><a href=\"https:\/\/images.iphone-ticker.de\/wp-content\/uploads\/2026\/01\/face-id-smaller.jpg\"><img loading=\"lazy\" decoding=\"async\" class=\"aligncenter size-large wp-image-271946\" src=\"https:\/\/images.iphone-ticker.de\/wp-content\/uploads\/2026\/01\/face-id-smaller-700x700.jpg\" alt=\"Face Id Smaller\" width=\"700\" height=\"700\" srcset=\"https:\/\/images.iphone-ticker.de\/wp-content\/uploads\/2026\/01\/face-id-smaller-700x700.jpg 700w, https:\/\/images.iphone-ticker.de\/wp-content\/uploads\/2026\/01\/face-id-smaller-500x500.jpg 500w, https:\/\/images.iphone-ticker.de\/wp-content\/uploads\/2026\/01\/face-id-smaller-150x150.jpg 150w, https:\/\/images.iphone-ticker.de\/wp-content\/uploads\/2026\/01\/face-id-smaller.jpg 1504w\" sizes=\"auto, (max-width: 700px) 100vw, 700px\" \/><\/a><\/p>\n<p>Die Messwerte beziehen sich auf die Standarddarstellung bei eingeschaltetem Display. Ber\u00fccksichtigt sind dabei auch die schwarzen Pixelbereiche, die die eigentlichen \u00d6ffnungen f\u00fcr Frontkamera und Face-ID-Sensoren umgeben. Bei der Anzeige von Live-Aktivit\u00e4ten oder anderen dynamischen Inhalten kann sich die Fl\u00e4che softwarebedingt weiterhin kurzfristig vergr\u00f6\u00dfern.<\/p>\n<p>Das oben eingebettete Bild visualisiert dabei ganz gut, wie sich der schmalere Ausschnitt auf die nutzbare Displayfl\u00e4che auswirken w\u00fcrde. Ziel ist es offenbar, sich der Idee eines vollfl\u00e4chigen Displays weiter zu n\u00e4hern, ohne das bestehende Designkonzept vollst\u00e4ndig aufzugeben.<\/p>\n<h2>Face ID r\u00fcckt teilweise unter das Display<\/h2>\n<p>Technisch h\u00e4ngt die Verkleinerung mit Anpassungen an der Face-ID-Technik zusammen. Fr\u00fchere Berichte <a href=\"https:\/\/x.com\/DSCCRoss\/status\/2013829835856965977\">hatten darauf hingedeutet<\/a>, dass Apple die Gesichtserkennung komplett unter das Display verlagern k\u00f6nnte. Nach aktuellem Stand betrifft dies jedoch nur einzelne Komponenten. So soll der Flood Illuminator k\u00fcnftig unter dem Bildschirm sitzen, w\u00e4hrend andere Sensoren und die Frontkamera weiterhin sichtbar bleiben. Dadurch l\u00e4sst sich der pillenf\u00f6rmige Ausschnitt verkleinern, aber nicht vollst\u00e4ndig durch eine einzelne Kamerapunkt\u00f6ffnung ersetzen, die k\u00fcrzlich ebenfalls im Gespr\u00e4ch war:<\/p>\n<ul>\n<li><strong>iPhone 18 Pro:<\/strong> <a title=\"iPhone 18 Pro: Apples Dynamic Island soll umziehen\" href=\"https:\/\/www.iphone-ticker.de\/iphone-18-pro-apples-dynamic-island-soll-umziehen-271449\/\">Apples Dynamic Island soll umziehen<\/a><\/li>\n<\/ul>\n<p>Branchenbeobachter rechnen damit, dass diese kleinere Dynamic Island mehrere Jahre Bestand haben k\u00f6nnte. Die Pr\u00e4sentation der neuen Pro-Modelle wird wie gewohnt f\u00fcr September erwartet, wenn Apple seine n\u00e4chste iPhone-Generation vorstellt.<\/p>\n<p><img loading=\"lazy\" decoding=\"async\" src=\"https:\/\/vg07.met.vgwort.de\/na\/d849407766af4420b46535b40b38cd9a\" width=\"1\" height=\"1\"  no-lazy class=\"tracking\"><\/p>\n","protected":false},"excerpt":{"rendered":"<a href=\"https:\/\/www.iphone-ticker.de\/iphone-18-pro-hinweise-auf-kleinere-dynamic-island-271944\/\"><img width=\"150\" height=\"150\" src=\"https:\/\/images.iphone-ticker.de\/wp-content\/uploads\/2026\/01\/face-id-smaller-150x150.jpg\" class=\"alignright tfe wp-post-image\" alt=\"Face Id Smaller\" decoding=\"async\" loading=\"lazy\" srcset=\"https:\/\/images.iphone-ticker.de\/wp-content\/uploads\/2026\/01\/face-id-smaller-150x150.jpg 150w, https:\/\/images.iphone-ticker.de\/wp-content\/uploads\/2026\/01\/face-id-smaller-500x500.jpg 500w, https:\/\/images.iphone-ticker.de\/wp-content\/uploads\/2026\/01\/face-id-smaller-700x700.jpg 700w, https:\/\/images.iphone-ticker.de\/wp-content\/uploads\/2026\/01\/face-id-smaller.jpg 1504w\" sizes=\"auto, (max-width: 150px) 100vw, 150px\" \/><\/a><p>Ger\u00fcchte um das kommende iPhone 18 Pro verdichten sich weiter. Mehrere Berichte gehen davon aus, dass Apple bei den Pro-Modellen die sogenannte Dynamic Island verkleinern will. The Dynamic Island cutout width on the iPhone 18 Pro and iPhone 18 Pro Max has been reduced from 20.76 mm to 13.49 mm, representing a reduction of approximately [&hellip;]<\/p>\n","protected":false},"author":1,"featured_media":271946,"comment_status":"open","ping_status":"closed","sticky":false,"template":"","format":"standard","meta":{"footnotes":""},"categories":[749,1975],"tags":[3912,4057,2064,7096,3910],"class_list":["post-271944","post","type-post","status-publish","format-standard","has-post-thumbnail","hentry","category-iphone-2","category-feature","tag-apple","tag-face-id","tag-geruechte","tag-iphone-18","tag-rumors"],"aioseo_notices":[],"featured_image":["https:\/\/images.iphone-ticker.de\/wp-content\/uploads\/2026\/01\/face-id-dynamic-island.jpg"],"subheadline":["14 statt 21 Millimeter"],"rest_api_enabler":{"featured_image":"https:\/\/images.iphone-ticker.de\/wp-content\/uploads\/2026\/01\/face-id-dynamic-island.jpg","subheadline":"14 statt 21 Millimeter"},"_links":{"self":[{"href":"https:\/\/www.iphone-ticker.de\/apiv2\/wp\/v2\/posts\/271944","targetHints":{"allow":["GET"]}}],"collection":[{"href":"https:\/\/www.iphone-ticker.de\/apiv2\/wp\/v2\/posts"}],"about":[{"href":"https:\/\/www.iphone-ticker.de\/apiv2\/wp\/v2\/types\/post"}],"author":[{"embeddable":true,"href":"https:\/\/www.iphone-ticker.de\/apiv2\/wp\/v2\/users\/1"}],"replies":[{"embeddable":true,"href":"https:\/\/www.iphone-ticker.de\/apiv2\/wp\/v2\/comments?post=271944"}],"version-history":[{"count":1,"href":"https:\/\/www.iphone-ticker.de\/apiv2\/wp\/v2\/posts\/271944\/revisions"}],"predecessor-version":[{"id":271948,"href":"https:\/\/www.iphone-ticker.de\/apiv2\/wp\/v2\/posts\/271944\/revisions\/271948"}],"wp:featuredmedia":[{"embeddable":true,"href":"https:\/\/www.iphone-ticker.de\/apiv2\/wp\/v2\/media\/271946"}],"wp:attachment":[{"href":"https:\/\/www.iphone-ticker.de\/apiv2\/wp\/v2\/media?parent=271944"}],"wp:term":[{"taxonomy":"category","embeddable":true,"href":"https:\/\/www.iphone-ticker.de\/apiv2\/wp\/v2\/categories?post=271944"},{"taxonomy":"post_tag","embeddable":true,"href":"https:\/\/www.iphone-ticker.de\/apiv2\/wp\/v2\/tags?post=271944"}],"curies":[{"name":"wp","href":"https:\/\/api.w.org\/{rel}","templated":true}]}}