{"id":271878,"date":"2026-01-27T07:31:18","date_gmt":"2026-01-27T06:31:18","guid":{"rendered":"https:\/\/www.iphone-ticker.de\/?p=271878"},"modified":"2026-01-27T10:22:52","modified_gmt":"2026-01-27T09:22:52","slug":"airpods-pro-3-preise-naehern-sich-der-200-euro-marke","status":"publish","type":"post","link":"https:\/\/www.iphone-ticker.de\/airpods-pro-3-preise-naehern-sich-der-200-euro-marke-271878\/","title":{"rendered":"AirPods Pro 3: Preise n\u00e4hern sich der 200-Euro-Marke"},"content":{"rendered":"<p>Der Preis f\u00fcr die AirPods Pro n\u00e4hert sich langsam der 200-Euro-Grenze. Vermutlich, weil die <a href=\"https:\/\/shop.telekom.de\/geraete\/apple-airpods-pro-3-weiss\">Telekom<\/a> die Ohrh\u00f6rer gerade f\u00fcr 214 Euro anbietet, haben <a href=\"https:\/\/ifun.de\/amzn\/B0FQF32239\" title=\"AirPods Pro 3 bei Amazon\">Amazon<\/a> und <a href=\"https:\/\/clk.tradedoubler.com\/click?p=302027&amp;a=747172&amp;url=https%3A%2F%2Fwww.galaxus.de%2Fde%2Fs1%2Fproduct%2Fapple-airpods-pro-3gen-mit-magsafe-aktive-geraeuschunterdrueckung-8-h-kabellos-kopfhoerer-61940134\" title=\"AirPods Pro 3 bei Galaxus\">Galaxus<\/a> ihre Preise ebenfalls gesenkt. Die Apple-Ohrh\u00f6rer lassen sich in der neuesten Generation bei diesen beiden Versendern nun bereits f\u00fcr 213 Euro bestellen. Auf der Apple-Webseite bezahlt man 249 Euro daf\u00fcr.<\/p>\n<p><a href=\"https:\/\/images.iphone-ticker.de\/wp-content\/uploads\/2025\/12\/airpods-pro-3-bento.jpg\"><img loading=\"lazy\" decoding=\"async\" src=\"https:\/\/images.iphone-ticker.de\/wp-content\/uploads\/2025\/12\/airpods-pro-3-bento-500x281.jpg\" alt=\"Airpods Pro 3 Bento\" width=\"500\" height=\"281\" class=\"alignnone size-medium wp-image-270548\" srcset=\"https:\/\/images.iphone-ticker.de\/wp-content\/uploads\/2025\/12\/airpods-pro-3-bento-500x281.jpg 500w, https:\/\/images.iphone-ticker.de\/wp-content\/uploads\/2025\/12\/airpods-pro-3-bento-700x394.jpg 700w, https:\/\/images.iphone-ticker.de\/wp-content\/uploads\/2025\/12\/airpods-pro-3-bento.jpg 1400w\" sizes=\"auto, (max-width: 500px) 100vw, 500px\" \/><\/a><\/p>\n<h2>Preisentwicklung bei AirPods Pro und iPhone Air<\/h2>\n<p>Die AirPods Pro sind in ihrer dritten Generation inzwischen auch schon wieder vier Monate auf dem Markt. Apple hat das neueste Modell der Ohrh\u00f6rer gemeinsam mit dem iPhone 17 und dem iPhone Air im vergangenen September vorgestellt. Prozentual ist der Preis f\u00fcr das iPhone Air seitdem noch ein ganzes St\u00fcck deutlicher gesunken. Anstelle der regul\u00e4ren 1.199 Euro bekommt man das bisher d\u00fcnnste Apple-Telefon inzwischen schon <a href=\"https:\/\/ifun.de\/amzn\/B0FQG944KG\">fast 20 Prozent g\u00fcnstiger<\/a> ab 968 Euro.<\/p>\n<p>Aber zur\u00fcck zu den AirPods Pro. In der ersten Generation hat Apple die Ohrh\u00f6rer vor mittlerweile gut sechs Jahren vorgestellt. Danach wurden sie nochmal im September 2022 aktualisiert, wenn man von dem ein Jahr sp\u00e4ter erfolgten USB-C-Upgrade f\u00fcr das Ladecase absieht.<\/p>\n<p>In der neuesten Version sind die Ohrh\u00f6rer nun in der Lage, die Herzfrequenz ihres Tr\u00e4gers zu erfassen. Zudem kam mit dem Update auf iOS 26.2 die M\u00f6glichkeit zur Nutzung von <a href=\"https:\/\/www.iphone-ticker.de\/vor-dem-start-in-deutschland-apple-erklaert-live-uebersetzungen-268643\/\" title=\"Apples Live-\u00dcbersetzungsfunktion\">Apples Live-\u00dcbersetzungsfunktion<\/a> hinzu. Die AirPods k\u00f6nnen auf diesem Weg pers\u00f6nliche Gespr\u00e4che in Echtzeit \u00fcbersetzen. Diese Option besteht allerdings auch mit dem Vorg\u00e4ngermodell AirPods Pro 2 sowie der ANC-Version der im Jahr 2024 erschienenen AirPods 4.<\/p>\n<h2>Live-\u00dcbersetzung mit AirPods verwenden<\/h2>\n<p><video poster=\"\" preload=\"auto\" controls=\"controls\" width=\"100%\" ><source src=\"https:\/\/images.iphone-ticker.de\/wp-content\/uploads\/2025\/11\/apple-live-translate.mp4#t=0.01\" \/><\/video><\/p>\n<p>Wenn ihr diese Option noch nicht ausprobiert habt, findet ihr <a href=\"https:\/\/support.apple.com\/de-de\/123185\">hier bei Apple<\/a> eine ausf\u00fchrliche Beschreibung sowie eine Schritt-f\u00fcr-Schritt-Anleitung, um die Live-\u00dcbersetzungen zu verwenden. Neben den oben genannten AirPods-Modellen wird daf\u00fcr allerdings auch mindestens ein iPhone 15 Pro vorausgesetzt.<img loading=\"lazy\" decoding=\"async\" src=\"https:\/\/vg07.met.vgwort.de\/na\/caf59ec9bfff4c16aa9263bc345fda00\" width=\"1\" height=\"1\" no-lazy class=\"tracking\"><\/p>\n<script>\r\n  function open_amazon(link) {\r\n    if (navigator.userAgent.indexOf(\"Firefox\") != -1) {\r\n      window.open(link, '_blank');\r\n    } else {\r\n      var tag = document.createElement('a');\r\n      tag.setAttribute('href', link);\r\n      tag.innerHTML = \"amzn\";\r\n      tag.click();\r\n    }\r\n  }\r\n<\/script>\r\n    <div id=\"article-single-amazon-preview\" onclick=\"return open_amazon('https:\/\/www.amazon.de\/dp\/B0FQF32239?tag=musicweb02&linkCode=ogi&th=1&psc=1');\">\n  <div id=\"article-single-amazon-preview-header\">\n    <span class=\"title\">Produkthinweis<\/span>\n      <\/div>\n  <div id=\"article-single-amazon-preview-content\">\n    <div id=\"article-single-amazon-preview-img\" style=\"background: url('https:\/\/m.media-amazon.com\/images\/I\/21ndyNcNL9L.jpg') center center no-repeat; background-size: cover;\"><\/div>\n    <div id=\"article-single-amazon-preview-desc\">\n      <span class=\"bezeichnung\"><a href=\"https:\/\/www.amazon.de\/dp\/B0FQF32239?tag=musicweb02&linkCode=ogi&th=1&psc=1\" style=\"text-decoration: none; border-bottom: 0px; box-shadow: none;\">Apple AirPods Pro 3 Kabellose In\u2011Ear Kopfh\u00f6rer, Aktive Ger\u00e4uschunterdr\u00fcckung, Herzfrequenzmessung...<\/a><\/span>\n      <span class=\"preis--aktuell\">207,00 EUR<\/span>\n      <span class=\"preis--alt\">249,00 EUR<\/span>\n    <\/div>\n  <\/div>\n<\/div>\n","protected":false},"excerpt":{"rendered":"<a href=\"https:\/\/www.iphone-ticker.de\/airpods-pro-3-preise-naehern-sich-der-200-euro-marke-271878\/\"><img decoding=\"async\" width=\"150\" src=\"https:\/\/images.iphone-ticker.de\/wp-content\/uploads\/2025\/12\/airpods-pro-3-bento-500x281.jpg\" class=\"alignright wp-post-image tfe\" alt=\"Airpods Pro 3 Bento\" title=\"\" \/><\/a><p>Der Preis f\u00fcr die AirPods Pro n\u00e4hert sich langsam der 200-Euro-Grenze. Vermutlich, weil die Telekom die Ohrh\u00f6rer gerade f\u00fcr 214 Euro anbietet, haben Amazon und Galaxus ihre Preise ebenfalls gesenkt. Die Apple-Ohrh\u00f6rer lassen sich in der neuesten Generation bei diesen beiden Versendern nun bereits f\u00fcr 213 Euro bestellen. Auf der Apple-Webseite bezahlt man 249 Euro [&hellip;]<\/p>\n","protected":false},"author":2,"featured_media":0,"comment_status":"open","ping_status":"closed","sticky":false,"template":"","format":"standard","meta":{"footnotes":""},"categories":[1],"tags":[7256],"class_list":["post-271878","post","type-post","status-publish","format-standard","hentry","category-news","tag-airpods-pro-3"],"aioseo_notices":[],"subheadline":["Vier Monate nach Marktstart"],"featured_image":["https:\/\/images.iphone-ticker.de\/wp-content\/uploads\/2025\/11\/airpods-uebersetzung-sprachen.jpg"],"rest_api_enabler":{"subheadline":"Vier Monate nach Marktstart","featured_image":"https:\/\/images.iphone-ticker.de\/wp-content\/uploads\/2025\/11\/airpods-uebersetzung-sprachen.jpg"},"_links":{"self":[{"href":"https:\/\/www.iphone-ticker.de\/apiv2\/wp\/v2\/posts\/271878","targetHints":{"allow":["GET"]}}],"collection":[{"href":"https:\/\/www.iphone-ticker.de\/apiv2\/wp\/v2\/posts"}],"about":[{"href":"https:\/\/www.iphone-ticker.de\/apiv2\/wp\/v2\/types\/post"}],"author":[{"embeddable":true,"href":"https:\/\/www.iphone-ticker.de\/apiv2\/wp\/v2\/users\/2"}],"replies":[{"embeddable":true,"href":"https:\/\/www.iphone-ticker.de\/apiv2\/wp\/v2\/comments?post=271878"}],"version-history":[{"count":4,"href":"https:\/\/www.iphone-ticker.de\/apiv2\/wp\/v2\/posts\/271878\/revisions"}],"predecessor-version":[{"id":275382,"href":"https:\/\/www.iphone-ticker.de\/apiv2\/wp\/v2\/posts\/271878\/revisions\/275382"}],"wp:attachment":[{"href":"https:\/\/www.iphone-ticker.de\/apiv2\/wp\/v2\/media?parent=271878"}],"wp:term":[{"taxonomy":"category","embeddable":true,"href":"https:\/\/www.iphone-ticker.de\/apiv2\/wp\/v2\/categories?post=271878"},{"taxonomy":"post_tag","embeddable":true,"href":"https:\/\/www.iphone-ticker.de\/apiv2\/wp\/v2\/tags?post=271878"}],"curies":[{"name":"wp","href":"https:\/\/api.w.org\/{rel}","templated":true}]}}