{"id":271816,"date":"2026-01-26T15:27:08","date_gmt":"2026-01-26T14:27:08","guid":{"rendered":"https:\/\/www.iphone-ticker.de\/?p=271816"},"modified":"2026-01-28T18:04:43","modified_gmt":"2026-01-28T17:04:43","slug":"apple-stellt-airtag-in-neuer-generation-vor","status":"publish","type":"post","link":"https:\/\/www.iphone-ticker.de\/apple-stellt-airtag-in-neuer-generation-vor-271816\/","title":{"rendered":"Apple bietet neue Generation des AirTag an"},"content":{"rendered":"<p>Es geht los mit den Apple-Neuerungen 2026. Der Hersteller \u00fcberrascht uns heute mit der Vorstellung einer <a href=\"https:\/\/www.apple.com\/de\/airtag\/\">neuen Generation des AirTags<\/a>. Mit dem ersten Update f\u00fcr das 2021 vorgestellte Produkt wurde vor allem die Reichweite erh\u00f6ht und der integrierte Lautsprecher verst\u00e4rkt.<\/p>\n<p><a href=\"https:\/\/images.iphone-ticker.de\/wp-content\/uploads\/2026\/01\/airtag-2-apple.png\"><img loading=\"lazy\" decoding=\"async\" src=\"https:\/\/images.iphone-ticker.de\/wp-content\/uploads\/2026\/01\/airtag-2-apple-500x370.png\" alt=\"Airtag 2 Apple\" width=\"500\" height=\"370\" class=\"alignnone size-medium wp-image-271835\" srcset=\"https:\/\/images.iphone-ticker.de\/wp-content\/uploads\/2026\/01\/airtag-2-apple-500x370.png 500w, https:\/\/images.iphone-ticker.de\/wp-content\/uploads\/2026\/01\/airtag-2-apple.png 698w\" sizes=\"auto, (max-width: 500px) 100vw, 500px\" \/><\/a><\/p>\n<p>Kern der technischen Neuerungen ist laut Apple ein Ultrabreitband-Chip der zweiten Generation. Dieser soll beim sogenannten \u201eGenauen Suchen\u201c eine F\u00fchrung zum verlorenen Objekt aus gr\u00f6\u00dferer Distanz als bisher erm\u00f6glichen. Apple gibt an, dass die Reichweite um bis zu 50 Prozent gestiegen ist. Zus\u00e4tzlich soll ein verbesserter Bluetooth-Chip daf\u00fcr sorgen, dass die AirTags auch aus gr\u00f6\u00dferer Entfernung vom eigenen iPhone \u00fcber das \u201eWo ist?\u201c-Netzwerk erkannt werden k\u00f6nnen.<\/p>\n<p><a href=\"https:\/\/images.iphone-ticker.de\/wp-content\/uploads\/2026\/01\/airtaig-genaue-suche.jpg\"><img loading=\"lazy\" decoding=\"async\" src=\"https:\/\/images.iphone-ticker.de\/wp-content\/uploads\/2026\/01\/airtaig-genaue-suche-686x700.jpg\" alt=\"Airtaig Genaue Suche\" width=\"700\" height=\"714\" class=\"alignnone size-large wp-image-271819\" srcset=\"https:\/\/images.iphone-ticker.de\/wp-content\/uploads\/2026\/01\/airtaig-genaue-suche-686x700.jpg 686w, https:\/\/images.iphone-ticker.de\/wp-content\/uploads\/2026\/01\/airtaig-genaue-suche-490x500.jpg 490w, https:\/\/images.iphone-ticker.de\/wp-content\/uploads\/2026\/01\/airtaig-genaue-suche.jpg 1400w\" sizes=\"auto, (max-width: 700px) 100vw, 700px\" \/><\/a><\/p>\n<p>Auch der Lautsprecher im AirTag wurde Apple zufolge \u00fcberarbeitet und soll nun deutlich lauter sein als beim Vorg\u00e4nger. Dies soll sich vor allem dann als positiv erweisen, wenn man den AirTag so verlegt hat, dass er verdeckt und nicht direkt sichtbar ist.<\/p>\n<h2>Pr\u00e4zise Suche nun auch \u00fcber die Apple Watch<\/h2>\n<p>Mit der neuen AirTag-Generation l\u00e4sst sich die pr\u00e4zise Suche erstmals auch direkt auf der Apple Watch verwenden. Voraussetzung hierf\u00fcr ist mindestens eine Apple Watch Series 9 oder eine Apple Watch Ultra 2. Zudem ist zu beachten, dass sich die neue Generation der AirTags grunds\u00e4tzlich nur mit iOS 26 beziehungsweise iPadOS 26 verwenden l\u00e4sst. \u00c4ltere Versionen dieser Betriebssysteme werden nicht unterst\u00fctzt.<\/p>\n<p><a href=\"https:\/\/images.iphone-ticker.de\/wp-content\/uploads\/2026\/01\/airgag-2.png\"><img loading=\"lazy\" decoding=\"async\" src=\"https:\/\/images.iphone-ticker.de\/wp-content\/uploads\/2026\/01\/airgag-2-700x443.png\" alt=\"Airgag 2\" width=\"700\" height=\"443\" class=\"alignnone size-large wp-image-271818\" srcset=\"https:\/\/images.iphone-ticker.de\/wp-content\/uploads\/2026\/01\/airgag-2-700x443.png 700w, https:\/\/images.iphone-ticker.de\/wp-content\/uploads\/2026\/01\/airgag-2-500x316.png 500w, https:\/\/images.iphone-ticker.de\/wp-content\/uploads\/2026\/01\/airgag-2.png 1400w\" sizes=\"auto, (max-width: 700px) 100vw, 700px\" \/><\/a><\/p>\n<h2>Beim Kauf auf die Version achten<\/h2>\n<p>Apple bietet die neue Generation des AirTag wie bereits das Original entweder einzeln oder im Viererpack an. Wer nur einen der neuen Dingefinder kaufen will, bezahlt direkt beim Hersteller 35 Euro. Das Viererpack ist zum Preis von 119 Euro, also 29,75 Euro pro St\u00fcck, erh\u00e4ltlich.<\/p>\n<p>Die Neuvorstellung vor Augen, m\u00fcsst ihr in den n\u00e4chsten Wochen besonders darauf achten, dass ihr bei Drittanbietern nicht aus versehen noch die \u00e4ltere Generation kauft. Zumindest anfangs kann man davon ausgehen, dass man f\u00fcr das neue Modell zun\u00e4chst \u00fcberall den offiziellen Apple-Preis bezahlt.\n<\/p>\n<script>\r\n  function open_amazon(link) {\r\n    if (navigator.userAgent.indexOf(\"Firefox\") != -1) {\r\n      window.open(link, '_blank');\r\n    } else {\r\n      var tag = document.createElement('a');\r\n      tag.setAttribute('href', link);\r\n      tag.innerHTML = \"amzn\";\r\n      tag.click();\r\n    }\r\n  }\r\n<\/script>\r\n    <div id=\"article-single-amazon-preview\" onclick=\"return open_amazon('https:\/\/www.amazon.de\/dp\/B0GJTCB2QM?tag=musicweb02&linkCode=ogi&th=1&psc=1');\">\n  <div id=\"article-single-amazon-preview-header\">\n    <span class=\"title\">Produkthinweis<\/span>\n      <\/div>\n  <div id=\"article-single-amazon-preview-content\">\n    <div id=\"article-single-amazon-preview-img\" style=\"background: url('https:\/\/m.media-amazon.com\/images\/I\/31vYEVBoriL.jpg') center center no-repeat; background-size: cover;\"><\/div>\n    <div id=\"article-single-amazon-preview-desc\">\n      <span class=\"bezeichnung\"><a href=\"https:\/\/www.amazon.de\/dp\/B0GJTCB2QM?tag=musicweb02&linkCode=ogi&th=1&psc=1\" style=\"text-decoration: none; border-bottom: 0px; box-shadow: none;\">Apple AirTag (2. Generation): Tracker f\u00fcr Schl\u00fcsselbund, Portemonnaie und mehr: Ortungsger\u00e4t mit Ton, einfache...<\/a><\/span>\n      <span class=\"preis--aktuell\">29,99 EUR<\/span>\n      <span class=\"preis--alt\">35,00 EUR<\/span>\n    <\/div>\n  <\/div>\n<\/div>\n<p><script>\r\n  function open_amazon(link) {\r\n    if (navigator.userAgent.indexOf(\"Firefox\") != -1) {\r\n      window.open(link, '_blank');\r\n    } else {\r\n      var tag = document.createElement('a');\r\n      tag.setAttribute('href', link);\r\n      tag.innerHTML = \"amzn\";\r\n      tag.click();\r\n    }\r\n  }\r\n<\/script>\r\n    <div id=\"article-single-amazon-preview\" onclick=\"return open_amazon('https:\/\/www.amazon.de\/dp\/B0GJTMMWRS?tag=musicweb02&linkCode=ogi&th=1&psc=1');\">\n  <div id=\"article-single-amazon-preview-header\">\n    <span class=\"title\">Produkthinweis<\/span>\n      <\/div>\n  <div id=\"article-single-amazon-preview-content\">\n    <div id=\"article-single-amazon-preview-img\" style=\"background: url('https:\/\/m.media-amazon.com\/images\/I\/31hwyC1oiDL.jpg') center center no-repeat; background-size: cover;\"><\/div>\n    <div id=\"article-single-amazon-preview-desc\">\n      <span class=\"bezeichnung\"><a href=\"https:\/\/www.amazon.de\/dp\/B0GJTMMWRS?tag=musicweb02&linkCode=ogi&th=1&psc=1\" style=\"text-decoration: none; border-bottom: 0px; box-shadow: none;\">Apple AirTag (2. Generation) 4er Pack: Tracker f\u00fcr Schl\u00fcsselbund, Portemonnaie und mehr: Ortungsger\u00e4t mit Ton...<\/a><\/span>\n      <span class=\"preis--aktuell\">86,99 EUR<\/span>\n      <span class=\"preis--alt\">119,00 EUR<\/span>\n    <\/div>\n  <\/div>\n<\/div><br \/>\n<img loading=\"lazy\" decoding=\"async\" src=\"https:\/\/vg07.met.vgwort.de\/na\/32f14bc44ca44211aaa64ebe21af5453\" width=\"1\" height=\"1\" no-lazy class=\"tracking\"><\/p>\n","protected":false},"excerpt":{"rendered":"<a href=\"https:\/\/www.iphone-ticker.de\/apple-stellt-airtag-in-neuer-generation-vor-271816\/\"><img width=\"150\" height=\"150\" src=\"https:\/\/images.iphone-ticker.de\/wp-content\/uploads\/2026\/01\/airtaig-genaue-suche-150x150.jpg\" class=\"alignright tfe wp-post-image\" alt=\"Airtaig Genaue Suche\" decoding=\"async\" loading=\"lazy\" \/><\/a><p>Es geht los mit den Apple-Neuerungen 2026. Der Hersteller \u00fcberrascht uns heute mit der Vorstellung einer neuen Generation des AirTags. Mit dem ersten Update f\u00fcr das 2021 vorgestellte Produkt wurde vor allem die Reichweite erh\u00f6ht und der integrierte Lautsprecher verst\u00e4rkt. Kern der technischen Neuerungen ist laut Apple ein Ultrabreitband-Chip der zweiten Generation. Dieser soll beim [&hellip;]<\/p>\n","protected":false},"author":2,"featured_media":271819,"comment_status":"open","ping_status":"closed","sticky":false,"template":"","format":"standard","meta":{"footnotes":""},"categories":[1],"tags":[4905],"class_list":["post-271816","post","type-post","status-publish","format-standard","has-post-thumbnail","hentry","category-news","tag-airtag"],"aioseo_notices":[],"subheadline":["Mehr Reichweite und besser h\u00f6rbar"],"featured_image":["https:\/\/images.iphone-ticker.de\/wp-content\/uploads\/2026\/01\/airtag-2-feature.jpg"],"rest_api_enabler":{"subheadline":"Mehr Reichweite und besser h\u00f6rbar","featured_image":"https:\/\/images.iphone-ticker.de\/wp-content\/uploads\/2026\/01\/airtag-2-feature.jpg"},"_links":{"self":[{"href":"https:\/\/www.iphone-ticker.de\/apiv2\/wp\/v2\/posts\/271816","targetHints":{"allow":["GET"]}}],"collection":[{"href":"https:\/\/www.iphone-ticker.de\/apiv2\/wp\/v2\/posts"}],"about":[{"href":"https:\/\/www.iphone-ticker.de\/apiv2\/wp\/v2\/types\/post"}],"author":[{"embeddable":true,"href":"https:\/\/www.iphone-ticker.de\/apiv2\/wp\/v2\/users\/2"}],"replies":[{"embeddable":true,"href":"https:\/\/www.iphone-ticker.de\/apiv2\/wp\/v2\/comments?post=271816"}],"version-history":[{"count":10,"href":"https:\/\/www.iphone-ticker.de\/apiv2\/wp\/v2\/posts\/271816\/revisions"}],"predecessor-version":[{"id":272032,"href":"https:\/\/www.iphone-ticker.de\/apiv2\/wp\/v2\/posts\/271816\/revisions\/272032"}],"wp:featuredmedia":[{"embeddable":true,"href":"https:\/\/www.iphone-ticker.de\/apiv2\/wp\/v2\/media\/271819"}],"wp:attachment":[{"href":"https:\/\/www.iphone-ticker.de\/apiv2\/wp\/v2\/media?parent=271816"}],"wp:term":[{"taxonomy":"category","embeddable":true,"href":"https:\/\/www.iphone-ticker.de\/apiv2\/wp\/v2\/categories?post=271816"},{"taxonomy":"post_tag","embeddable":true,"href":"https:\/\/www.iphone-ticker.de\/apiv2\/wp\/v2\/tags?post=271816"}],"curies":[{"name":"wp","href":"https:\/\/api.w.org\/{rel}","templated":true}]}}