{"id":271803,"date":"2026-01-26T11:34:12","date_gmt":"2026-01-26T10:34:12","guid":{"rendered":"https:\/\/www.iphone-ticker.de\/?p=271803"},"modified":"2026-02-02T14:30:55","modified_gmt":"2026-02-02T13:30:55","slug":"ab-februar-dreames-smart-home-offensive-startet-in-der-kueche","status":"publish","type":"post","link":"https:\/\/www.iphone-ticker.de\/ab-februar-dreames-smart-home-offensive-startet-in-der-kueche-271803\/","title":{"rendered":"Ab Februar: Dreames Smart-Home-Offensive startet in der K\u00fcche"},"content":{"rendered":"<p><a href=\"https:\/\/de.dreametech.com\/pages\/dreame-grosse-haushaltsgerate-launch-am-05-feb-bis-zu-300-sparen\">Ab dem 5. Februar<\/a> erweitert Dreame sein bisher vor allem aus Reinigungsger\u00e4ten bekanntes Portfolio deutlich. Der Hersteller bringt erstmals Einbauger\u00e4te f\u00fcr die K\u00fcche in den regul\u00e4ren Verkauf und adressiert damit zentrale Bereiche des Haushalts.<\/p>\n<p><a href=\"https:\/\/images.iphone-ticker.de\/wp-content\/uploads\/2026\/01\/dz60-pro-app.jpg\"><img loading=\"lazy\" decoding=\"async\" class=\"aligncenter size-medium wp-image-271805\" src=\"https:\/\/images.iphone-ticker.de\/wp-content\/uploads\/2026\/01\/dz60-pro-app-488x500.jpg\" alt=\"Dz60 Pro App\" width=\"500\" height=\"500\" \/><\/a><\/p>\n<p>Mit Backofen, Geschirrsp\u00fclern und K\u00fchlschr\u00e4nken will Dreame sein vernetztes Smart-Home-Angebot breiter aufstellen und st\u00e4rker im Alltag verankern. Zum Marktstart sind zeitlich begrenzte Einf\u00fchrungsangebote vorgesehen, die den Einstieg erleichtern sollen.<\/p>\n<h2>Einstieg in die vernetzte K\u00fcche<\/h2>\n<p>Zum Auftakt bietet Dreame einen Einbau-Kombi-Dampfbackofen, zwei vollintegrierte Geschirrsp\u00fcler sowie K\u00fchlschr\u00e4nke in zwei Gr\u00f6\u00dfen an. Der <a href=\"https:\/\/de.dreametech.com\/products\/dreame-oz60-pro-einbau-kombi-dampfbackofen\">Backofen OZ60 Pro<\/a> kombiniert klassische Hei\u00dfluftfunktionen mit Dampfgaren und Hei\u00dfluftfrittieren in einem 81-Liter-Garraum. Ein breiter Temperaturbereich sowie voreingestellte Programme sollen unterschiedliche Zubereitungsarten abdecken, ohne mehrere Einzelger\u00e4te zu ben\u00f6tigen.<\/p>\n<p><div class=\"responsive-video\"><iframe src=\"https:\/\/www.iphone-ticker.de\/yt\/index.html?v=bspSQz5d8ZE\" allow=\"autoplay; fullscreen; picture-in-picture; encrypted-media\" referrerpolicy=\"strict-origin-when-cross-origin\" allowfullscreen><\/iframe><\/div><\/p>\n<p>Die Geschirrsp\u00fcler <a href=\"https:\/\/de.dreametech.com\/products\/dreame-dz60-pro-vollintegrierter-geschirrspuler\">DZ60 Pro<\/a> und <a href=\"https:\/\/de.dreametech.com\/products\/dreame-dz40-pro-vollintegrierter-geschirrspuler\">DZ40 Pro<\/a> setzen auf ein mehrstufiges Spr\u00fchsystem, das Wasser aus verschiedenen Ebenen verteilt. Ziel ist eine gleichm\u00e4\u00dfige Reinigung auch bei dicht beladenen K\u00f6rben. Beide Modelle lassen sich in das bestehende Dreame-\u00d6kosystem einbinden und per App steuern. Der gr\u00f6\u00dfere <a href=\"https:\/\/de.dreametech.com\/products\/dreame-dz60-pro-vollintegrierter-geschirrspuler\">DZ60 Pro<\/a> erg\u00e4nzt dies um erweiterte Trocknungsfunktionen und einen Modus, der sauberes Geschirr \u00fcber mehrere Tage hinweg frisch h\u00e4lt.<br \/>\n<script>\r\n  function open_amazon(link) {\r\n    if (navigator.userAgent.indexOf(\"Firefox\") != -1) {\r\n      window.open(link, '_blank');\r\n    } else {\r\n      var tag = document.createElement('a');\r\n      tag.setAttribute('href', link);\r\n      tag.innerHTML = \"amzn\";\r\n      tag.click();\r\n    }\r\n  }\r\n<\/script>\r\n    <div id=\"article-single-amazon-preview\" onclick=\"return open_amazon('https:\/\/www.amazon.de\/dp\/B0GDG3S1HC?tag=musicweb02&linkCode=ogi&th=1&psc=1');\">\n  <div id=\"article-single-amazon-preview-header\">\n    <span class=\"title\">Produkthinweis<\/span>\n      <\/div>\n  <div id=\"article-single-amazon-preview-content\">\n    <div id=\"article-single-amazon-preview-img\" style=\"background: url('https:\/\/m.media-amazon.com\/images\/I\/31Yzdqk01vL.jpg') center center no-repeat; background-size: cover;\"><\/div>\n    <div id=\"article-single-amazon-preview-desc\">\n      <span class=\"bezeichnung\"><a href=\"https:\/\/www.amazon.de\/dp\/B0GDG3S1HC?tag=musicweb02&linkCode=ogi&th=1&psc=1\" style=\"text-decoration: none; border-bottom: 0px; box-shadow: none;\">dreame DZ60 Pro Unterbau-Geschirrsp\u00fcler Vollintegrierbar 60 cm,15 Ma\u00dfgedecke,FlexWing-Spr\u00fcharm,Intelligente...<\/a><\/span>\n      <span class=\"preis--aktuell\">799,00 EUR<\/span>\n      <span class=\"preis--alt\">849,00 EUR<\/span>\n    <\/div>\n  <\/div>\n<\/div><br \/>\n<div class=\"responsive-video\"><iframe src=\"https:\/\/www.iphone-ticker.de\/yt\/index.html?v=bsnWT-lrl28\" allow=\"autoplay; fullscreen; picture-in-picture; encrypted-media\" referrerpolicy=\"strict-origin-when-cross-origin\" allowfullscreen><\/iframe><\/div><\/p>\n<p>Erg\u00e4nzt wird das Line-up durch die K\u00fchlschrankserie Mega Pro mit wahlweise <a href=\"https:\/\/de.dreametech.com\/products\/dreame-mega-pro-kuhlschrank-409-l-klasse-d\">409 Litern<\/a> oder <a href=\"https:\/\/de.dreametech.com\/products\/dreame-mega-pro-kuhlschrank-456-l-klasse-c\">456 Litern<\/a> Nutzinhalt. Dreame setzt hier auf flexible Temperaturzonen, eine No-Frost-K\u00fchlung und eine aktive Luftfilterung, um unterschiedliche Lebensmittel getrennt und m\u00f6glichst konstant zu lagern. Trotz des gro\u00dfen Innenraums sollen die Ger\u00e4te bei den Au\u00dfenma\u00dfen im Standardbereich bleiben und lassen sich damit in g\u00e4ngige K\u00fcchenplanungen integrieren.<br \/>\n<script>\r\n  function open_amazon(link) {\r\n    if (navigator.userAgent.indexOf(\"Firefox\") != -1) {\r\n      window.open(link, '_blank');\r\n    } else {\r\n      var tag = document.createElement('a');\r\n      tag.setAttribute('href', link);\r\n      tag.innerHTML = \"amzn\";\r\n      tag.click();\r\n    }\r\n  }\r\n<\/script>\r\n    <div id=\"article-single-amazon-preview\" onclick=\"return open_amazon('https:\/\/www.amazon.de\/dp\/B0G6F31JMC?tag=musicweb02&linkCode=ogi&th=1&psc=1');\">\n  <div id=\"article-single-amazon-preview-header\">\n    <span class=\"title\">Produkthinweis<\/span>\n      <\/div>\n  <div id=\"article-single-amazon-preview-content\">\n    <div id=\"article-single-amazon-preview-img\" style=\"background: url('https:\/\/m.media-amazon.com\/images\/I\/21wyAsDmmAL.jpg') center center no-repeat; background-size: cover;\"><\/div>\n    <div id=\"article-single-amazon-preview-desc\">\n      <span class=\"bezeichnung\"><a href=\"https:\/\/www.amazon.de\/dp\/B0G6F31JMC?tag=musicweb02&linkCode=ogi&th=1&psc=1\" style=\"text-decoration: none; border-bottom: 0px; box-shadow: none;\">dreame Mega Pro 456 L K\u00fchlschrank mit SpaceBoost Mega-Kapazit\u00e4t, schlankem Design, schneller und gleichm\u00e4\u00dfiger...<\/a><\/span>\n      <span class=\"preis--aktuell\">749,00 EUR<\/span>\n      <span class=\"preis--alt\">849,00 EUR<\/span>\n    <\/div>\n  <\/div>\n<\/div><br \/>\n<div class=\"responsive-video\"><iframe src=\"https:\/\/www.iphone-ticker.de\/yt\/index.html?v=nFNSY9e69oo\" allow=\"autoplay; fullscreen; picture-in-picture; encrypted-media\" referrerpolicy=\"strict-origin-when-cross-origin\" allowfullscreen><\/iframe><\/div><\/p>\n<h2>Ab Anfang Februar im Handel<\/h2>\n<p>Alle neuen Ger\u00e4te sind ab Anfang Februar \u00fcber den Herstellervertrieb erh\u00e4ltlich. F\u00fcr den Einf\u00fchrungszeitraum sind je nach Produkt Preisnachl\u00e4sse zwischen 100 und 250 Euro vorgesehen. Zus\u00e4tzlich verspricht Dreame kostenlosen Versand sowie eine verl\u00e4ngerte Garantie von insgesamt f\u00fcnf Jahren bei Kauf \u00fcber die eigene Website. Mit dem Schritt in die K\u00fcche positioniert sich Dreame erstmals als Anbieter eines umfassenderen Smart-Home-Systems, das \u00fcber die bisher bekannten Reinigungsprodukte hinausgeht.<\/p>\n<p><b>Die Ger\u00e4te und Preise im \u00dcberblick<\/b><\/p>\n<ul>\n<li>Einbau-Kombi-Dampfbackofen Dreame OZ60 Pro \u2013 UVP 1.599 Euro<\/li>\n<li>Geschirrsp\u00fcler Dreame DZ60 Pro \u2013 UVP 999 Euro<\/li>\n<li>Geschirrsp\u00fcler Dreame DZ40 Pro \u2013 UVP 899 Euro<\/li>\n<li>K\u00fchlschrank Dreame Mega Pro 409L \u2013 UVP 699 Euro<\/li>\n<li>K\u00fchlschrank Dreame Mega Pro 456L \u2013 UVP 849 Euro<\/li>\n<\/ul>\n<p>Die Neuver\u00f6ffentlichungen werden sich zentral \u00fcber die Dreame-App steuern und \u00fcberwachen lassen. Damit verfolgt der Hersteller einen Ansatz, der Nutzern bereits aus anderen Smart-Home-Plattformen bekannt ist, etwa aus dem Eufy- oder auch dem Xiaomi-\u00d6kosystem, in dem unterschiedliche Ger\u00e4tetypen in einer gemeinsamen Anwendung zusammengef\u00fchrt werden.<\/p>\n<p><a href=\"https:\/\/images.iphone-ticker.de\/wp-content\/uploads\/2026\/01\/dreame-app-hardware.png\"><img loading=\"lazy\" decoding=\"async\" src=\"https:\/\/images.iphone-ticker.de\/wp-content\/uploads\/2026\/01\/dreame-app-hardware-700x700.png\" alt=\"Dreame App Hardware\" width=\"700\" height=\"700\" class=\"aligncenter size-large wp-image-271804\" srcset=\"https:\/\/images.iphone-ticker.de\/wp-content\/uploads\/2026\/01\/dreame-app-hardware-700x700.png 700w, https:\/\/images.iphone-ticker.de\/wp-content\/uploads\/2026\/01\/dreame-app-hardware-500x500.png 500w, https:\/\/images.iphone-ticker.de\/wp-content\/uploads\/2026\/01\/dreame-app-hardware-150x150.png 150w, https:\/\/images.iphone-ticker.de\/wp-content\/uploads\/2026\/01\/dreame-app-hardware-1536x1536.png 1536w, https:\/\/images.iphone-ticker.de\/wp-content\/uploads\/2026\/01\/dreame-app-hardware-2048x2048.png 2048w\" sizes=\"auto, (max-width: 700px) 100vw, 700px\" \/><\/a><\/p>\n<p>Offen ist aktuell noch, ob und in welchem Umfang die neuen K\u00fcchenger\u00e4te das hersteller\u00fcbergreifende Matter-Protokoll unterst\u00fctzen werden, das eine plattformunabh\u00e4ngige Einbindung in bestehende Smart-Home-Umgebungen wie Apple Home erm\u00f6glichen w\u00fcrde.<\/p>\n<p><img loading=\"lazy\" decoding=\"async\" src=\"https:\/\/vg04.met.vgwort.de\/na\/2f7133554d53418fbd5595d7af32ebf9\" width=\"1\" height=\"1\"  no-lazy class=\"tracking\"><\/p>\n","protected":false},"excerpt":{"rendered":"<a href=\"https:\/\/www.iphone-ticker.de\/ab-februar-dreames-smart-home-offensive-startet-in-der-kueche-271803\/\"><img width=\"150\" height=\"150\" src=\"https:\/\/images.iphone-ticker.de\/wp-content\/uploads\/2026\/01\/dreame-app-geraete-150x150.jpg\" class=\"alignright tfe wp-post-image\" alt=\"Dreame App Geraete\" decoding=\"async\" loading=\"lazy\" \/><\/a><p>Ab dem 5. Februar erweitert Dreame sein bisher vor allem aus Reinigungsger\u00e4ten bekanntes Portfolio deutlich. Der Hersteller bringt erstmals Einbauger\u00e4te f\u00fcr die K\u00fcche in den regul\u00e4ren Verkauf und adressiert damit zentrale Bereiche des Haushalts. Mit Backofen, Geschirrsp\u00fclern und K\u00fchlschr\u00e4nken will Dreame sein vernetztes Smart-Home-Angebot breiter aufstellen und st\u00e4rker im Alltag verankern. Zum Marktstart sind zeitlich [&hellip;]<\/p>\n","protected":false},"author":1,"featured_media":271806,"comment_status":"open","ping_status":"closed","sticky":false,"template":"","format":"standard","meta":{"footnotes":""},"categories":[24,1975],"tags":[5923,2329],"class_list":["post-271803","post","type-post","status-publish","format-standard","has-post-thumbnail","hentry","category-zubehor","category-feature","tag-dreame","tag-smart-home"],"aioseo_notices":[],"subheadline":["Alle Ger\u00e4te zentral in einer App"],"featured_image":["https:\/\/images.iphone-ticker.de\/wp-content\/uploads\/2026\/01\/dreame-app-geraete.jpg"],"rest_api_enabler":{"subheadline":"Alle Ger\u00e4te zentral in einer App","featured_image":"https:\/\/images.iphone-ticker.de\/wp-content\/uploads\/2026\/01\/dreame-app-geraete.jpg"},"_links":{"self":[{"href":"https:\/\/www.iphone-ticker.de\/apiv2\/wp\/v2\/posts\/271803","targetHints":{"allow":["GET"]}}],"collection":[{"href":"https:\/\/www.iphone-ticker.de\/apiv2\/wp\/v2\/posts"}],"about":[{"href":"https:\/\/www.iphone-ticker.de\/apiv2\/wp\/v2\/types\/post"}],"author":[{"embeddable":true,"href":"https:\/\/www.iphone-ticker.de\/apiv2\/wp\/v2\/users\/1"}],"replies":[{"embeddable":true,"href":"https:\/\/www.iphone-ticker.de\/apiv2\/wp\/v2\/comments?post=271803"}],"version-history":[{"count":1,"href":"https:\/\/www.iphone-ticker.de\/apiv2\/wp\/v2\/posts\/271803\/revisions"}],"predecessor-version":[{"id":271808,"href":"https:\/\/www.iphone-ticker.de\/apiv2\/wp\/v2\/posts\/271803\/revisions\/271808"}],"wp:featuredmedia":[{"embeddable":true,"href":"https:\/\/www.iphone-ticker.de\/apiv2\/wp\/v2\/media\/271806"}],"wp:attachment":[{"href":"https:\/\/www.iphone-ticker.de\/apiv2\/wp\/v2\/media?parent=271803"}],"wp:term":[{"taxonomy":"category","embeddable":true,"href":"https:\/\/www.iphone-ticker.de\/apiv2\/wp\/v2\/categories?post=271803"},{"taxonomy":"post_tag","embeddable":true,"href":"https:\/\/www.iphone-ticker.de\/apiv2\/wp\/v2\/tags?post=271803"}],"curies":[{"name":"wp","href":"https:\/\/api.w.org\/{rel}","templated":true}]}}