{"id":271778,"date":"2026-01-26T07:28:45","date_gmt":"2026-01-26T06:28:45","guid":{"rendered":"https:\/\/www.iphone-ticker.de\/?p=271778"},"modified":"2026-01-26T07:28:45","modified_gmt":"2026-01-26T06:28:45","slug":"frankreich-drueckt-aufs-gas-social-media-verbot-fuer-alle-unter-15-jahren","status":"publish","type":"post","link":"https:\/\/www.iphone-ticker.de\/frankreich-drueckt-aufs-gas-social-media-verbot-fuer-alle-unter-15-jahren-271778\/","title":{"rendered":"Frankreich dr\u00fcckt aufs Gas: Social Media Verbot f\u00fcr alle unter 15 Jahren"},"content":{"rendered":"<p>In Frankreich treibt Pr\u00e4sident Emmanuel Macron ein Gesetz voran, das Kindern unter 15 Jahren den Zugang zu sozialen Netzwerken <a href=\"https:\/\/apnews.com\/article\/france-macron-social-media-teenagers-ban-8bfd1b572d1852818d74115f8a1c45d7\">untersagen soll<\/a>. Die Regierung soll ein beschleunigtes Verfahren einleiten, damit die Regelung bereits zum Beginn des kommenden Schuljahres im September in Kraft treten kann.<\/p>\n<p><a href=\"https:\/\/images.iphone-ticker.de\/wp-content\/uploads\/2023\/07\/kinder-schule-sam-balye-w1FwDvIreZU-unsplash-2000.jpg\"><img loading=\"lazy\" decoding=\"async\" class=\"aligncenter size-medium wp-image-215998\" src=\"https:\/\/images.iphone-ticker.de\/wp-content\/uploads\/2023\/07\/kinder-schule-sam-balye-w1FwDvIreZU-unsplash-2000-500x353.jpg\" alt=\"Kinder Schule Sam Balye W1FwDvIreZU Unsplash 2000\" width=\"500\" height=\"353\" srcset=\"https:\/\/images.iphone-ticker.de\/wp-content\/uploads\/2023\/07\/kinder-schule-sam-balye-w1FwDvIreZU-unsplash-2000-500x353.jpg 500w, https:\/\/images.iphone-ticker.de\/wp-content\/uploads\/2023\/07\/kinder-schule-sam-balye-w1FwDvIreZU-unsplash-2000-700x494.jpg 700w, https:\/\/images.iphone-ticker.de\/wp-content\/uploads\/2023\/07\/kinder-schule-sam-balye-w1FwDvIreZU-unsplash-2000-1536x1084.jpg 1536w, https:\/\/images.iphone-ticker.de\/wp-content\/uploads\/2023\/07\/kinder-schule-sam-balye-w1FwDvIreZU-unsplash-2000.jpg 2000w\" sizes=\"auto, (max-width: 500px) 100vw, 500px\" \/><\/a><\/p>\n<h2>Eilverfahren zum Schuljahresstart<\/h2>\n<p>Der Vorsto\u00df erfolgt in einer Phase, in der mehrere europ\u00e4ische Staaten ihre Jugendschutzregeln im digitalen Raum versch\u00e4rfen. Auch in Gro\u00dfbritannien wird <a href=\"https:\/\/www.iphone-ticker.de\/social-media-verbote-fuer-kinder-auch-grossbritannien-prueft-eingriff-271195\/\">ein \u00e4hnlicher Eingriff gepr\u00fcft<\/a>, nachdem die Debatte \u00fcber Bildschirmzeiten und Inhalte an Fahrt aufgenommen hat.<\/p>\n<p>Parallel k\u00fcndigte die franz\u00f6sische Regierung an, die Nutzung von Mobiltelefonen an weiterf\u00fchrenden Schulen weiter einzuschr\u00e4nken. Die Ma\u00dfnahme soll klare Vorgaben f\u00fcr Familien und Bildungseinrichtungen schaffen und den Umgang mit digitalen Angeboten im Schulalltag vereinfachen. Das zust\u00e4ndige Ministerium betont, dass es um Durchsetzbarkeit und eindeutige Altersgrenzen geht, nicht um einzelne Plattformen.<\/p>\n<h2>Studienlage und internationale Vorbilder<\/h2>\n<p>Grundlage der Initiative sind Daten der franz\u00f6sischen Gesundheitsaufsicht. Demnach verbringt etwa jeder zweite Jugendliche t\u00e4glich mehrere Stunden am Smartphone. Nahezu alle 12 bis 17 J\u00e4hrigen nutzen ihr Ger\u00e4t regelm\u00e4\u00dfig f\u00fcr den Internetzugang, ein erheblicher Teil davon f\u00fcr soziale Netzwerke.<\/p>\n<p>Fachstellen verweisen auf m\u00f6gliche Folgen intensiver Nutzung, darunter geringeres Selbstwertgef\u00fchl sowie eine erh\u00f6hte Wahrscheinlichkeit, auf Inhalte mit riskanten Verhaltensweisen zu sto\u00dfen. In Frankreich laufen zudem Klagen gegen TikTok, in denen Familien einen Zusammenhang zwischen problematischen Inhalten und Suiziden Jugendlicher sehen.<\/p>\n<p>Als Referenz dient Australien, wo ein Verbot f\u00fcr unter 16 J\u00e4hrige bereits gilt. Dort wurden nach Beh\u00f6rdenangaben mehrere Millionen Konten gesperrt, die Kindern zugeordnet wurden.<\/p>\n<p><img loading=\"lazy\" decoding=\"async\" src=\"https:\/\/vg04.met.vgwort.de\/na\/80e333c90cbb46d995b9713cba0fd1f9\" width=\"1\" height=\"1\"  no-lazy class=\"tracking\"><\/p>\n","protected":false},"excerpt":{"rendered":"<a href=\"https:\/\/www.iphone-ticker.de\/frankreich-drueckt-aufs-gas-social-media-verbot-fuer-alle-unter-15-jahren-271778\/\"><img decoding=\"async\" width=\"150\" src=\"https:\/\/images.iphone-ticker.de\/wp-content\/uploads\/2023\/07\/kinder-schule-sam-balye-w1FwDvIreZU-unsplash-2000-500x353.jpg\" class=\"alignright wp-post-image tfe\" alt=\"Kinder Schule Sam Balye W1FwDvIreZU Unsplash 2000\" title=\"\" \/><\/a><p>In Frankreich treibt Pr\u00e4sident Emmanuel Macron ein Gesetz voran, das Kindern unter 15 Jahren den Zugang zu sozialen Netzwerken untersagen soll. Die Regierung soll ein beschleunigtes Verfahren einleiten, damit die Regelung bereits zum Beginn des kommenden Schuljahres im September in Kraft treten kann. Eilverfahren zum Schuljahresstart Der Vorsto\u00df erfolgt in einer Phase, in der mehrere [&hellip;]<\/p>\n","protected":false},"author":1,"featured_media":0,"comment_status":"open","ping_status":"closed","sticky":false,"template":"","format":"standard","meta":{"footnotes":""},"categories":[1],"tags":[158,61,1558,3276],"class_list":["post-271778","post","type-post","status-publish","format-standard","hentry","category-news","tag-frankreich","tag-kinder","tag-social-media","tag-sucht"],"aioseo_notices":[],"subheadline":["Paris setzt auf Eilverfahren zum Schuljahresstart"],"featured_image":["https:\/\/images.iphone-ticker.de\/wp-content\/uploads\/2025\/03\/symbolbild-kinder-schule-handy.jpg"],"rest_api_enabler":{"subheadline":"Paris setzt auf Eilverfahren zum Schuljahresstart","featured_image":"https:\/\/images.iphone-ticker.de\/wp-content\/uploads\/2025\/03\/symbolbild-kinder-schule-handy.jpg"},"_links":{"self":[{"href":"https:\/\/www.iphone-ticker.de\/apiv2\/wp\/v2\/posts\/271778","targetHints":{"allow":["GET"]}}],"collection":[{"href":"https:\/\/www.iphone-ticker.de\/apiv2\/wp\/v2\/posts"}],"about":[{"href":"https:\/\/www.iphone-ticker.de\/apiv2\/wp\/v2\/types\/post"}],"author":[{"embeddable":true,"href":"https:\/\/www.iphone-ticker.de\/apiv2\/wp\/v2\/users\/1"}],"replies":[{"embeddable":true,"href":"https:\/\/www.iphone-ticker.de\/apiv2\/wp\/v2\/comments?post=271778"}],"version-history":[{"count":1,"href":"https:\/\/www.iphone-ticker.de\/apiv2\/wp\/v2\/posts\/271778\/revisions"}],"predecessor-version":[{"id":271779,"href":"https:\/\/www.iphone-ticker.de\/apiv2\/wp\/v2\/posts\/271778\/revisions\/271779"}],"wp:attachment":[{"href":"https:\/\/www.iphone-ticker.de\/apiv2\/wp\/v2\/media?parent=271778"}],"wp:term":[{"taxonomy":"category","embeddable":true,"href":"https:\/\/www.iphone-ticker.de\/apiv2\/wp\/v2\/categories?post=271778"},{"taxonomy":"post_tag","embeddable":true,"href":"https:\/\/www.iphone-ticker.de\/apiv2\/wp\/v2\/tags?post=271778"}],"curies":[{"name":"wp","href":"https:\/\/api.w.org\/{rel}","templated":true}]}}