{"id":271449,"date":"2026-01-19T14:52:27","date_gmt":"2026-01-19T13:52:27","guid":{"rendered":"https:\/\/www.iphone-ticker.de\/?p=271449"},"modified":"2026-01-26T19:50:51","modified_gmt":"2026-01-26T18:50:51","slug":"iphone-18-pro-apples-dynamic-island-soll-umziehen","status":"publish","type":"post","link":"https:\/\/www.iphone-ticker.de\/iphone-18-pro-apples-dynamic-island-soll-umziehen-271449\/","title":{"rendered":"iPhone 18 Pro: Apples Dynamic Island soll umziehen"},"content":{"rendered":"<p>Neue Berichte zum iPhone 18 Pro zeichnen ein Bild vorsichtiger, aber sichtbarer \u00c4nderungen. Im Mittelpunkt steht aktuell die Dynamic Island: Nach Angaben des YouTubers Jon Prosser, der sich aktuell <a href=\"https:\/\/www.iphone-ticker.de\/ios-26-leak-prosser-widerspricht-darstellung-aus-gerichtsakten-266904\/\">vor Gericht gegen Apple<\/a> behaupten muss, k\u00f6nnte die Infoanzeige ihre Position ver\u00e4ndern.<br \/>\n<a href=\"https:\/\/images.iphone-ticker.de\/wp-content\/uploads\/2026\/01\/prosser-kamera-iphone-18-pro.jpg\"><img loading=\"lazy\" decoding=\"async\" src=\"https:\/\/images.iphone-ticker.de\/wp-content\/uploads\/2026\/01\/prosser-kamera-iphone-18-pro-500x314.jpg\" alt=\"Prosser Kamera Iphone 18 Pro\" width=\"500\" height=\"314\" class=\"aligncenter size-medium wp-image-271450\" srcset=\"https:\/\/images.iphone-ticker.de\/wp-content\/uploads\/2026\/01\/prosser-kamera-iphone-18-pro-500x314.jpg 500w, https:\/\/images.iphone-ticker.de\/wp-content\/uploads\/2026\/01\/prosser-kamera-iphone-18-pro-700x439.jpg 700w, https:\/\/images.iphone-ticker.de\/wp-content\/uploads\/2026\/01\/prosser-kamera-iphone-18-pro-1536x964.jpg 1536w, https:\/\/images.iphone-ticker.de\/wp-content\/uploads\/2026\/01\/prosser-kamera-iphone-18-pro.jpg 1902w\" sizes=\"auto, (max-width: 500px) 100vw, 500px\" \/><\/a><\/p>\n<h2>Neue Platzierung wegen Face ID<\/h2>\n<p>Apple soll bei den Pro-Modellen erstmals ein unter dem Display verbautes Face-ID-Modul einsetzen. Dadurch bliebe an der Vorderseite nur noch ein einzelner Kameraausschnitt, der in die linke obere Ecke des Bildschirms wandert.<\/p>\n<p>Die Dynamic Island wurde eingef\u00fchrt, um Kamera und Sensorik softwareseitig zu kaschieren und den Bereich zugleich als Infoanzeige f\u00fcr Systemmitteilungen zu nutzen. Wenn Face ID k\u00fcnftig unter dem Display arbeitet, entf\u00e4llt dieser Zwang. <a href=\"https:\/\/www.youtube.com\/watch?v=mN2Td45Ln5M\">Prosser beschreibt die Dynamic Island<\/a> deshalb als kleineres Element, das aus der linken oberen Ecke heraus eingeblendet wird. Funktion und Bedienlogik sollen gleich bleiben, die visuelle Dominanz aber abnehmen.<\/p>\n<p><div class=\"responsive-video\"><iframe loading=\"lazy\" src=\"https:\/\/www.ifun.de\/yt\/index.html?v=mN2Td45Ln5M\" title=\"Introducing iPhone 18 Pro | First Look\" width=\"500\" height=\"281\" allow=\"autoplay; fullscreen; picture-in-picture; encrypted-media\" referrerpolicy=\"strict-origin-when-cross-origin\" allowfullscreen><\/iframe><\/div><\/p>\n<p>Andere Beobachter gehen zur\u00fcckhaltender vor. Mehrere Berichte rechnen ebenfalls mit Face ID unter dem Display, erwarten jedoch eher eine verkleinerte Dynamic Island statt einer klaren Verlagerung. Damit bleibt offen, ob Apple den Schritt tats\u00e4chlich vollzieht oder zun\u00e4chst bei einer Zwischenl\u00f6sung bleibt.<\/p>\n<h2>Kamera, Chips und weitere interne Anpassungen<\/h2>\n<p>Abseits des Displays nennt Prosser weitere \u00c4nderungen: Apple testet demnach neue Geh\u00e4usefarben wie Burgunderrot, Braun und Violett. Gr\u00f6\u00dfere Bedeutung h\u00e4tten jedoch technische Anpassungen. Die Kamera soll eine variable Blende erhalten, die sich mechanisch \u00f6ffnet oder schlie\u00dft und so besser auf Lichtverh\u00e4ltnisse reagiert.<\/p>\n<p><a href=\"https:\/\/images.iphone-ticker.de\/wp-content\/uploads\/2022\/09\/dynamic-island-mehrere-apps-1400.jpg\"><img loading=\"lazy\" decoding=\"async\" src=\"https:\/\/images.iphone-ticker.de\/wp-content\/uploads\/2022\/09\/dynamic-island-mehrere-apps-1400-700x380.jpg\" alt=\"Dynamic Island Mehrere Apps 1400\" width=\"700\" height=\"380\" class=\"aligncenter size-large wp-image-198269\" srcset=\"https:\/\/images.iphone-ticker.de\/wp-content\/uploads\/2022\/09\/dynamic-island-mehrere-apps-1400-700x380.jpg 700w, https:\/\/images.iphone-ticker.de\/wp-content\/uploads\/2022\/09\/dynamic-island-mehrere-apps-1400-500x271.jpg 500w, https:\/\/images.iphone-ticker.de\/wp-content\/uploads\/2022\/09\/dynamic-island-mehrere-apps-1400.jpg 1400w\" sizes=\"auto, (max-width: 700px) 100vw, 700px\" \/><\/a><\/p>\n<p>Im Inneren wird ein A20 Pro Chip erwartet, der in einem 2-Nanometer-Verfahren gefertigt ist und Effizienz sowie Laufzeit verbessern soll. Hinzu kommt ein eigenes Mobilfunkmodem von Apple, wie bereits in anderen Modellen verbaut. Langfristig plant Apple zudem eine breitere Unterst\u00fctzung von satellitengest\u00fctzten Verbindungen, die \u00fcber Notfallfunktionen hinausgehen.<\/p>\n<p>Welche dieser Punkte tats\u00e4chlich umgesetzt werden, d\u00fcrfte sich im September zeigen, wenn Apple das iPhone 18 Pro vorstellt. Bis dahin bleibt offen, ob die Dynamic Island tats\u00e4chlich ihren angestammten Platz verl\u00e4sst oder lediglich weiter schrumpft.<\/p>\n<p><img decoding=\"async\" src=\"https:\/\/vg04.met.vgwort.de\/na\/515a66c73bad4062b319847c90007458\" width=\"1\" height=\"1\" no-lazy class=\"tracking\" loading=\"eager\"><\/p>\n","protected":false},"excerpt":{"rendered":"<a href=\"https:\/\/www.iphone-ticker.de\/iphone-18-pro-apples-dynamic-island-soll-umziehen-271449\/\"><img width=\"150\" height=\"150\" src=\"https:\/\/images.iphone-ticker.de\/wp-content\/uploads\/2026\/01\/iphone-18-pro-150x150.jpg\" class=\"alignright tfe wp-post-image\" alt=\"Iphone 18 Pro\" decoding=\"async\" loading=\"lazy\" \/><\/a><p>Neue Berichte zum iPhone 18 Pro zeichnen ein Bild vorsichtiger, aber sichtbarer \u00c4nderungen. Im Mittelpunkt steht aktuell die Dynamic Island: Nach Angaben des YouTubers Jon Prosser, der sich aktuell vor Gericht gegen Apple behaupten muss, k\u00f6nnte die Infoanzeige ihre Position ver\u00e4ndern. Neue Platzierung wegen Face ID Apple soll bei den Pro-Modellen erstmals ein unter dem [&hellip;]<\/p>\n","protected":false},"author":1,"featured_media":271451,"comment_status":"open","ping_status":"closed","sticky":false,"template":"","format":"standard","meta":{"footnotes":""},"categories":[14,1975],"tags":[6188,4057,2064,344,3910],"class_list":["post-271449","post","type-post","status-publish","format-standard","has-post-thumbnail","hentry","category-apple","category-feature","tag-dynamic-island","tag-face-id","tag-geruechte","tag-iphone","tag-rumors"],"aioseo_notices":[],"aioseo_head":"\n\t\t<!-- All in One SEO Pro 5.0.1.1 - aioseo.com -->\n\t<meta name=\"description\" content=\"Neue Berichte zum iPhone 18 Pro zeichnen ein Bild vorsichtiger, aber sichtbarer \u00c4nderungen. Im Mittelpunkt steht aktuell die Dynamic Island: Nach Angaben des YouTubers Jon Prosser, der sich aktuell vor Gericht gegen Apple behaupten muss, k\u00f6nnte die Infoanzeige ihre Position ver\u00e4ndern. Neue Platzierung wegen Face ID Apple soll bei den Pro-Modellen erstmals ein unter dem\" \/>\n\t<meta name=\"robots\" content=\"max-image-preview:large\" \/>\n\t<meta name=\"author\" content=\"Nicolas\"\/>\n\t<meta name=\"google-site-verification\" content=\"bRuV4_wqNuoQLypC9HVKibZ0X7EtNyELtju97qgyflM\" \/>\n\t<link rel=\"canonical\" href=\"https:\/\/www.iphone-ticker.de\/iphone-18-pro-apples-dynamic-island-soll-umziehen-271449\/\" \/>\n\t<meta name=\"generator\" content=\"All in One SEO Pro (AIOSEO) 5.0.1.1\" \/>\n\t\t<meta property=\"og:locale\" content=\"de_DE\" \/>\n\t\t<meta property=\"og:site_name\" content=\"iphone-ticker.de | Alles zum iPhone. Seit 2007.\" \/>\n\t\t<meta property=\"og:type\" content=\"article\" \/>\n\t\t<meta property=\"og:title\" content=\"iPhone 18 Pro: Apples Dynamic Island soll umziehen | iphone-ticker.de\" \/>\n\t\t<meta property=\"og:description\" content=\"Neue Berichte zum iPhone 18 Pro zeichnen ein Bild vorsichtiger, aber sichtbarer \u00c4nderungen. Im Mittelpunkt steht aktuell die Dynamic Island: Nach Angaben des YouTubers Jon Prosser, der sich aktuell vor Gericht gegen Apple behaupten muss, k\u00f6nnte die Infoanzeige ihre Position ver\u00e4ndern. Neue Platzierung wegen Face ID Apple soll bei den Pro-Modellen erstmals ein unter dem\" \/>\n\t\t<meta property=\"og:url\" content=\"https:\/\/www.iphone-ticker.de\/iphone-18-pro-apples-dynamic-island-soll-umziehen-271449\/\" \/>\n\t\t<meta property=\"article:published_time\" content=\"2026-01-19T13:52:27+00:00\" \/>\n\t\t<meta property=\"article:modified_time\" content=\"2026-01-26T18:50:51+00:00\" \/>\n\t\t<meta property=\"article:publisher\" content=\"https:\/\/facebook.com\/ifun.de\" \/>\n\t\t<meta name=\"twitter:card\" content=\"summary_large_image\" \/>\n\t\t<meta name=\"twitter:site\" content=\"@iphoneticker\" \/>\n\t\t<meta name=\"twitter:title\" content=\"iPhone 18 Pro: Apples Dynamic Island soll umziehen | iphone-ticker.de\" \/>\n\t\t<meta name=\"twitter:description\" content=\"Neue Berichte zum iPhone 18 Pro zeichnen ein Bild vorsichtiger, aber sichtbarer \u00c4nderungen. Im Mittelpunkt steht aktuell die Dynamic Island: Nach Angaben des YouTubers Jon Prosser, der sich aktuell vor Gericht gegen Apple behaupten muss, k\u00f6nnte die Infoanzeige ihre Position ver\u00e4ndern. Neue Platzierung wegen Face ID Apple soll bei den Pro-Modellen erstmals ein unter dem\" \/>\n\t\t<meta name=\"twitter:creator\" content=\"@iphoneticker\" \/>\n\t\t<script type=\"application\/ld+json\" class=\"aioseo-schema\">\n\t\t\t{\"@context\":\"https:\\\/\\\/schema.org\",\"@graph\":[{\"@type\":\"BreadcrumbList\",\"@id\":\"https:\\\/\\\/www.iphone-ticker.de\\\/iphone-18-pro-apples-dynamic-island-soll-umziehen-271449\\\/#breadcrumblist\",\"itemListElement\":[{\"@type\":\"ListItem\",\"@id\":\"https:\\\/\\\/www.iphone-ticker.de#listItem\",\"position\":1,\"name\":\"Home\",\"item\":\"https:\\\/\\\/www.iphone-ticker.de\",\"nextItem\":{\"@type\":\"ListItem\",\"@id\":\"https:\\\/\\\/www.iphone-ticker.de\\\/category\\\/apple\\\/#listItem\",\"name\":\"Apple\"}},{\"@type\":\"ListItem\",\"@id\":\"https:\\\/\\\/www.iphone-ticker.de\\\/category\\\/apple\\\/#listItem\",\"position\":2,\"name\":\"Apple\",\"item\":\"https:\\\/\\\/www.iphone-ticker.de\\\/category\\\/apple\\\/\",\"nextItem\":{\"@type\":\"ListItem\",\"@id\":\"https:\\\/\\\/www.iphone-ticker.de\\\/iphone-18-pro-apples-dynamic-island-soll-umziehen-271449\\\/#listItem\",\"name\":\"iPhone 18 Pro: Apples Dynamic Island soll umziehen\"},\"previousItem\":{\"@type\":\"ListItem\",\"@id\":\"https:\\\/\\\/www.iphone-ticker.de#listItem\",\"name\":\"Home\"}},{\"@type\":\"ListItem\",\"@id\":\"https:\\\/\\\/www.iphone-ticker.de\\\/iphone-18-pro-apples-dynamic-island-soll-umziehen-271449\\\/#listItem\",\"position\":3,\"name\":\"iPhone 18 Pro: Apples Dynamic Island soll umziehen\",\"previousItem\":{\"@type\":\"ListItem\",\"@id\":\"https:\\\/\\\/www.iphone-ticker.de\\\/category\\\/apple\\\/#listItem\",\"name\":\"Apple\"}}]},{\"@type\":\"NewsArticle\",\"@id\":\"https:\\\/\\\/www.iphone-ticker.de\\\/iphone-18-pro-apples-dynamic-island-soll-umziehen-271449\\\/#newsarticle\",\"name\":\"iPhone 18 Pro: Apples Dynamic Island soll umziehen | iphone-ticker.de\",\"headline\":\"iPhone 18 Pro: Apples Dynamic Island soll umziehen\",\"author\":{\"@id\":\"https:\\\/\\\/www.iphone-ticker.de\\\/author\\\/admin\\\/#author\"},\"publisher\":{\"@id\":\"https:\\\/\\\/www.iphone-ticker.de\\\/#organization\"},\"image\":{\"@type\":\"ImageObject\",\"url\":\"https:\\\/\\\/images.iphone-ticker.de\\\/wp-content\\\/uploads\\\/2026\\\/01\\\/iphone-18-pro.jpg\",\"width\":960,\"height\":378,\"caption\":\"Iphone 18 Pro\"},\"datePublished\":\"2026-01-19T14:52:27+01:00\",\"dateModified\":\"2026-01-26T19:50:51+01:00\",\"inLanguage\":\"de-DE\",\"commentCount\":67,\"mainEntityOfPage\":{\"@id\":\"https:\\\/\\\/www.iphone-ticker.de\\\/iphone-18-pro-apples-dynamic-island-soll-umziehen-271449\\\/#webpage\"},\"isPartOf\":{\"@id\":\"https:\\\/\\\/www.iphone-ticker.de\\\/iphone-18-pro-apples-dynamic-island-soll-umziehen-271449\\\/#webpage\"},\"articleSection\":\"Apple, zz1A, Dynamic Island, Face ID, Ger\\u00fcchte, iPhone, Rumors\",\"dateline\":\"Ver\\u00f6ffentlicht am Januar 19, 2026.\"},{\"@type\":\"Organization\",\"@id\":\"https:\\\/\\\/www.iphone-ticker.de\\\/#organization\",\"name\":\"aketo GmbH\",\"description\":\"Die aketo GmbH versorgt das deutschsprachige Internet mit den f\\u00fchrenden Nachrichtenangeboten zu Apple, dem iPhone, dem iPad und Apples Lifestyle-Produkten. Konzepte, Redaktion, Recherchen und Archiv.\",\"url\":\"https:\\\/\\\/www.iphone-ticker.de\\\/\",\"email\":\"ifun.de@gmail.com\",\"telephone\":\"+493057707123\",\"foundingDate\":\"2007-01-01\",\"logo\":{\"@type\":\"ImageObject\",\"url\":\"https:\\\/\\\/images.iphone-ticker.de\\\/wp-content\\\/uploads\\\/2026\\\/02\\\/apple-touch-icon.png\",\"@id\":\"https:\\\/\\\/www.iphone-ticker.de\\\/iphone-18-pro-apples-dynamic-island-soll-umziehen-271449\\\/#organizationLogo\",\"width\":1024,\"height\":1024,\"caption\":\"Apple Touch Icon\"},\"image\":{\"@id\":\"https:\\\/\\\/www.iphone-ticker.de\\\/iphone-18-pro-apples-dynamic-island-soll-umziehen-271449\\\/#organizationLogo\"},\"sameAs\":[\"https:\\\/\\\/facebook.com\\\/ifun.de\",\"https:\\\/\\\/x.com\\\/iphoneticker\"]},{\"@type\":\"Person\",\"@id\":\"https:\\\/\\\/www.iphone-ticker.de\\\/author\\\/admin\\\/#author\",\"url\":\"https:\\\/\\\/www.iphone-ticker.de\\\/author\\\/admin\\\/\",\"name\":\"Nicolas\"},{\"@type\":\"WebPage\",\"@id\":\"https:\\\/\\\/www.iphone-ticker.de\\\/iphone-18-pro-apples-dynamic-island-soll-umziehen-271449\\\/#webpage\",\"url\":\"https:\\\/\\\/www.iphone-ticker.de\\\/iphone-18-pro-apples-dynamic-island-soll-umziehen-271449\\\/\",\"name\":\"iPhone 18 Pro: Apples Dynamic Island soll umziehen | iphone-ticker.de\",\"description\":\"Neue Berichte zum iPhone 18 Pro zeichnen ein Bild vorsichtiger, aber sichtbarer \\u00c4nderungen. Im Mittelpunkt steht aktuell die Dynamic Island: Nach Angaben des YouTubers Jon Prosser, der sich aktuell vor Gericht gegen Apple behaupten muss, k\\u00f6nnte die Infoanzeige ihre Position ver\\u00e4ndern. Neue Platzierung wegen Face ID Apple soll bei den Pro-Modellen erstmals ein unter dem\",\"inLanguage\":\"de-DE\",\"isPartOf\":{\"@id\":\"https:\\\/\\\/www.iphone-ticker.de\\\/#website\"},\"breadcrumb\":{\"@id\":\"https:\\\/\\\/www.iphone-ticker.de\\\/iphone-18-pro-apples-dynamic-island-soll-umziehen-271449\\\/#breadcrumblist\"},\"author\":{\"@id\":\"https:\\\/\\\/www.iphone-ticker.de\\\/author\\\/admin\\\/#author\"},\"creator\":{\"@id\":\"https:\\\/\\\/www.iphone-ticker.de\\\/author\\\/admin\\\/#author\"},\"image\":{\"@type\":\"ImageObject\",\"url\":\"https:\\\/\\\/images.iphone-ticker.de\\\/wp-content\\\/uploads\\\/2026\\\/01\\\/iphone-18-pro.jpg\",\"@id\":\"https:\\\/\\\/www.iphone-ticker.de\\\/iphone-18-pro-apples-dynamic-island-soll-umziehen-271449\\\/#mainImage\",\"width\":960,\"height\":378,\"caption\":\"Iphone 18 Pro\"},\"primaryImageOfPage\":{\"@id\":\"https:\\\/\\\/www.iphone-ticker.de\\\/iphone-18-pro-apples-dynamic-island-soll-umziehen-271449\\\/#mainImage\"},\"datePublished\":\"2026-01-19T14:52:27+01:00\",\"dateModified\":\"2026-01-26T19:50:51+01:00\"},{\"@type\":\"WebSite\",\"@id\":\"https:\\\/\\\/www.iphone-ticker.de\\\/#website\",\"url\":\"https:\\\/\\\/www.iphone-ticker.de\\\/\",\"name\":\"iphone-ticker.de\",\"description\":\"Alles zum iPhone. Seit 2007.\",\"inLanguage\":\"de-DE\",\"publisher\":{\"@id\":\"https:\\\/\\\/www.iphone-ticker.de\\\/#organization\"}}]}\n\t\t<\/script>\n\t\t<!-- All in One SEO Pro -->\r\n\t\t<title>iPhone 18 Pro: Apples Dynamic Island soll umziehen | iphone-ticker.de<\/title>\n\n","aioseo_head_json":{"title":"iPhone 18 Pro: Apples Dynamic Island soll umziehen | iphone-ticker.de","description":"Neue Berichte zum iPhone 18 Pro zeichnen ein Bild vorsichtiger, aber sichtbarer \u00c4nderungen. Im Mittelpunkt steht aktuell die Dynamic Island: Nach Angaben des YouTubers Jon Prosser, der sich aktuell vor Gericht gegen Apple behaupten muss, k\u00f6nnte die Infoanzeige ihre Position ver\u00e4ndern. Neue Platzierung wegen Face ID Apple soll bei den Pro-Modellen erstmals ein unter dem","canonical_url":"https:\/\/www.iphone-ticker.de\/iphone-18-pro-apples-dynamic-island-soll-umziehen-271449\/","robots":"max-image-preview:large","keywords":"","webmasterTools":{"google-site-verification":"bRuV4_wqNuoQLypC9HVKibZ0X7EtNyELtju97qgyflM","miscellaneous":""},"schema":{"@context":"https:\/\/schema.org","@graph":[{"@type":"BreadcrumbList","@id":"https:\/\/www.iphone-ticker.de\/iphone-18-pro-apples-dynamic-island-soll-umziehen-271449\/#breadcrumblist","itemListElement":[{"@type":"ListItem","@id":"https:\/\/www.iphone-ticker.de#listItem","position":1,"name":"Home","item":"https:\/\/www.iphone-ticker.de","nextItem":{"@type":"ListItem","@id":"https:\/\/www.iphone-ticker.de\/category\/apple\/#listItem","name":"Apple"}},{"@type":"ListItem","@id":"https:\/\/www.iphone-ticker.de\/category\/apple\/#listItem","position":2,"name":"Apple","item":"https:\/\/www.iphone-ticker.de\/category\/apple\/","nextItem":{"@type":"ListItem","@id":"https:\/\/www.iphone-ticker.de\/iphone-18-pro-apples-dynamic-island-soll-umziehen-271449\/#listItem","name":"iPhone 18 Pro: Apples Dynamic Island soll umziehen"},"previousItem":{"@type":"ListItem","@id":"https:\/\/www.iphone-ticker.de#listItem","name":"Home"}},{"@type":"ListItem","@id":"https:\/\/www.iphone-ticker.de\/iphone-18-pro-apples-dynamic-island-soll-umziehen-271449\/#listItem","position":3,"name":"iPhone 18 Pro: Apples Dynamic Island soll umziehen","previousItem":{"@type":"ListItem","@id":"https:\/\/www.iphone-ticker.de\/category\/apple\/#listItem","name":"Apple"}}]},{"@type":"NewsArticle","@id":"https:\/\/www.iphone-ticker.de\/iphone-18-pro-apples-dynamic-island-soll-umziehen-271449\/#newsarticle","name":"iPhone 18 Pro: Apples Dynamic Island soll umziehen | iphone-ticker.de","headline":"iPhone 18 Pro: Apples Dynamic Island soll umziehen","author":{"@id":"https:\/\/www.iphone-ticker.de\/author\/admin\/#author"},"publisher":{"@id":"https:\/\/www.iphone-ticker.de\/#organization"},"image":{"@type":"ImageObject","url":"https:\/\/images.iphone-ticker.de\/wp-content\/uploads\/2026\/01\/iphone-18-pro.jpg","width":960,"height":378,"caption":"Iphone 18 Pro"},"datePublished":"2026-01-19T14:52:27+01:00","dateModified":"2026-01-26T19:50:51+01:00","inLanguage":"de-DE","commentCount":67,"mainEntityOfPage":{"@id":"https:\/\/www.iphone-ticker.de\/iphone-18-pro-apples-dynamic-island-soll-umziehen-271449\/#webpage"},"isPartOf":{"@id":"https:\/\/www.iphone-ticker.de\/iphone-18-pro-apples-dynamic-island-soll-umziehen-271449\/#webpage"},"articleSection":"Apple, zz1A, Dynamic Island, Face ID, Ger\u00fcchte, iPhone, Rumors","dateline":"Ver\u00f6ffentlicht am Januar 19, 2026."},{"@type":"Organization","@id":"https:\/\/www.iphone-ticker.de\/#organization","name":"aketo GmbH","description":"Die aketo GmbH versorgt das deutschsprachige Internet mit den f\u00fchrenden Nachrichtenangeboten zu Apple, dem iPhone, dem iPad und Apples Lifestyle-Produkten. Konzepte, Redaktion, Recherchen und Archiv.","url":"https:\/\/www.iphone-ticker.de\/","email":"ifun.de@gmail.com","telephone":"+493057707123","foundingDate":"2007-01-01","logo":{"@type":"ImageObject","url":"https:\/\/images.iphone-ticker.de\/wp-content\/uploads\/2026\/02\/apple-touch-icon.png","@id":"https:\/\/www.iphone-ticker.de\/iphone-18-pro-apples-dynamic-island-soll-umziehen-271449\/#organizationLogo","width":1024,"height":1024,"caption":"Apple Touch Icon"},"image":{"@id":"https:\/\/www.iphone-ticker.de\/iphone-18-pro-apples-dynamic-island-soll-umziehen-271449\/#organizationLogo"},"sameAs":["https:\/\/facebook.com\/ifun.de","https:\/\/x.com\/iphoneticker"]},{"@type":"Person","@id":"https:\/\/www.iphone-ticker.de\/author\/admin\/#author","url":"https:\/\/www.iphone-ticker.de\/author\/admin\/","name":"Nicolas"},{"@type":"WebPage","@id":"https:\/\/www.iphone-ticker.de\/iphone-18-pro-apples-dynamic-island-soll-umziehen-271449\/#webpage","url":"https:\/\/www.iphone-ticker.de\/iphone-18-pro-apples-dynamic-island-soll-umziehen-271449\/","name":"iPhone 18 Pro: Apples Dynamic Island soll umziehen | iphone-ticker.de","description":"Neue Berichte zum iPhone 18 Pro zeichnen ein Bild vorsichtiger, aber sichtbarer \u00c4nderungen. Im Mittelpunkt steht aktuell die Dynamic Island: Nach Angaben des YouTubers Jon Prosser, der sich aktuell vor Gericht gegen Apple behaupten muss, k\u00f6nnte die Infoanzeige ihre Position ver\u00e4ndern. Neue Platzierung wegen Face ID Apple soll bei den Pro-Modellen erstmals ein unter dem","inLanguage":"de-DE","isPartOf":{"@id":"https:\/\/www.iphone-ticker.de\/#website"},"breadcrumb":{"@id":"https:\/\/www.iphone-ticker.de\/iphone-18-pro-apples-dynamic-island-soll-umziehen-271449\/#breadcrumblist"},"author":{"@id":"https:\/\/www.iphone-ticker.de\/author\/admin\/#author"},"creator":{"@id":"https:\/\/www.iphone-ticker.de\/author\/admin\/#author"},"image":{"@type":"ImageObject","url":"https:\/\/images.iphone-ticker.de\/wp-content\/uploads\/2026\/01\/iphone-18-pro.jpg","@id":"https:\/\/www.iphone-ticker.de\/iphone-18-pro-apples-dynamic-island-soll-umziehen-271449\/#mainImage","width":960,"height":378,"caption":"Iphone 18 Pro"},"primaryImageOfPage":{"@id":"https:\/\/www.iphone-ticker.de\/iphone-18-pro-apples-dynamic-island-soll-umziehen-271449\/#mainImage"},"datePublished":"2026-01-19T14:52:27+01:00","dateModified":"2026-01-26T19:50:51+01:00"},{"@type":"WebSite","@id":"https:\/\/www.iphone-ticker.de\/#website","url":"https:\/\/www.iphone-ticker.de\/","name":"iphone-ticker.de","description":"Alles zum iPhone. Seit 2007.","inLanguage":"de-DE","publisher":{"@id":"https:\/\/www.iphone-ticker.de\/#organization"}}]},"og:locale":"de_DE","og:site_name":"iphone-ticker.de | Alles zum iPhone. Seit 2007.","og:type":"article","og:title":"iPhone 18 Pro: Apples Dynamic Island soll umziehen | iphone-ticker.de","og:description":"Neue Berichte zum iPhone 18 Pro zeichnen ein Bild vorsichtiger, aber sichtbarer \u00c4nderungen. Im Mittelpunkt steht aktuell die Dynamic Island: Nach Angaben des YouTubers Jon Prosser, der sich aktuell vor Gericht gegen Apple behaupten muss, k\u00f6nnte die Infoanzeige ihre Position ver\u00e4ndern. Neue Platzierung wegen Face ID Apple soll bei den Pro-Modellen erstmals ein unter dem","og:url":"https:\/\/www.iphone-ticker.de\/iphone-18-pro-apples-dynamic-island-soll-umziehen-271449\/","article:published_time":"2026-01-19T13:52:27+00:00","article:modified_time":"2026-01-26T18:50:51+00:00","article:publisher":"https:\/\/facebook.com\/ifun.de","twitter:card":"summary_large_image","twitter:site":"@iphoneticker","twitter:title":"iPhone 18 Pro: Apples Dynamic Island soll umziehen | iphone-ticker.de","twitter:description":"Neue Berichte zum iPhone 18 Pro zeichnen ein Bild vorsichtiger, aber sichtbarer \u00c4nderungen. Im Mittelpunkt steht aktuell die Dynamic Island: Nach Angaben des YouTubers Jon Prosser, der sich aktuell vor Gericht gegen Apple behaupten muss, k\u00f6nnte die Infoanzeige ihre Position ver\u00e4ndern. Neue Platzierung wegen Face ID Apple soll bei den Pro-Modellen erstmals ein unter dem","twitter:creator":"@iphoneticker"},"aioseo_meta_data":{"post_id":"271449","title":null,"description":null,"keywords":null,"keyphrases":null,"primary_term":null,"canonical_url":null,"og_title":null,"og_description":null,"og_object_type":"default","og_image_type":"default","og_image_url":null,"og_image_width":null,"og_image_height":null,"og_image_custom_url":null,"og_image_custom_fields":null,"og_video":null,"og_custom_url":null,"og_article_section":null,"og_article_tags":null,"twitter_use_og":false,"twitter_card":"default","twitter_image_type":"default","twitter_image_url":null,"twitter_image_custom_url":null,"twitter_image_custom_fields":null,"twitter_title":null,"twitter_description":null,"schema":{"blockGraphs":[],"customGraphs":[],"default":{"data":{"Article":[],"Course":[],"Dataset":[],"FAQPage":[],"Movie":[],"Person":[],"Product":[],"ProductReview":[],"Car":[],"Recipe":[],"Service":[],"SoftwareApplication":[],"WebPage":[]},"graphName":"NewsArticle","isEnabled":true},"graphs":[]},"schema_type":"default","schema_type_options":null,"pillar_content":false,"robots_default":true,"robots_noindex":false,"robots_noarchive":false,"robots_nosnippet":false,"robots_nofollow":false,"robots_noimageindex":false,"robots_noodp":false,"robots_notranslate":false,"robots_max_snippet":null,"robots_max_videopreview":null,"robots_max_imagepreview":"large","priority":null,"frequency":null,"local_seo":null,"seo_analyzer_scan_date":"2026-08-28 05:22:58","breadcrumb_settings":null,"limit_modified_date":false,"open_ai":null,"ai":null,"created":"2026-02-19 13:37:20","updated":"2026-08-28 05:22:58","focus_keyword":null,"additional_keywords":null,"truseo_locale":null},"aioseo_breadcrumb":"<div class=\"aioseo-breadcrumbs\"><span class=\"aioseo-breadcrumb\">\n\t<a href=\"https:\/\/www.iphone-ticker.de\" title=\"Home\">Home<\/a>\n<\/span><span class=\"aioseo-breadcrumb-separator\">\u00bb<\/span><span class=\"aioseo-breadcrumb\">\n\t<a href=\"https:\/\/www.iphone-ticker.de\/category\/apple\/\" title=\"Apple\">Apple<\/a>\n<\/span><span class=\"aioseo-breadcrumb-separator\">\u00bb<\/span><span class=\"aioseo-breadcrumb\">\n\tiPhone 18 Pro: Apples Dynamic Island soll umziehen\n<\/span><\/div>","aioseo_breadcrumb_json":[{"label":"Home","link":"https:\/\/www.iphone-ticker.de"},{"label":"Apple","link":"https:\/\/www.iphone-ticker.de\/category\/apple\/"},{"label":"iPhone 18 Pro: Apples Dynamic Island soll umziehen","link":"https:\/\/www.iphone-ticker.de\/iphone-18-pro-apples-dynamic-island-soll-umziehen-271449\/"}],"featured_image":["https:\/\/images.iphone-ticker.de\/wp-content\/uploads\/2026\/01\/iphone-18-pro.jpg"],"subheadline":["Neue Platzierung wegen Face ID"],"rest_api_enabler":{"featured_image":"https:\/\/images.iphone-ticker.de\/wp-content\/uploads\/2026\/01\/iphone-18-pro.jpg","subheadline":"Neue Platzierung wegen Face ID"},"_links":{"self":[{"href":"https:\/\/www.iphone-ticker.de\/apiv2\/wp\/v2\/posts\/271449","targetHints":{"allow":["GET"]}}],"collection":[{"href":"https:\/\/www.iphone-ticker.de\/apiv2\/wp\/v2\/posts"}],"about":[{"href":"https:\/\/www.iphone-ticker.de\/apiv2\/wp\/v2\/types\/post"}],"author":[{"embeddable":true,"href":"https:\/\/www.iphone-ticker.de\/apiv2\/wp\/v2\/users\/1"}],"replies":[{"embeddable":true,"href":"https:\/\/www.iphone-ticker.de\/apiv2\/wp\/v2\/comments?post=271449"}],"version-history":[{"count":4,"href":"https:\/\/www.iphone-ticker.de\/apiv2\/wp\/v2\/posts\/271449\/revisions"}],"predecessor-version":[{"id":284501,"href":"https:\/\/www.iphone-ticker.de\/apiv2\/wp\/v2\/posts\/271449\/revisions\/284501"}],"wp:featuredmedia":[{"embeddable":true,"href":"https:\/\/www.iphone-ticker.de\/apiv2\/wp\/v2\/media\/271451"}],"wp:attachment":[{"href":"https:\/\/www.iphone-ticker.de\/apiv2\/wp\/v2\/media?parent=271449"}],"wp:term":[{"taxonomy":"category","embeddable":true,"href":"https:\/\/www.iphone-ticker.de\/apiv2\/wp\/v2\/categories?post=271449"},{"taxonomy":"post_tag","embeddable":true,"href":"https:\/\/www.iphone-ticker.de\/apiv2\/wp\/v2\/tags?post=271449"}],"curies":[{"name":"wp","href":"https:\/\/api.w.org\/{rel}","templated":true}]}}